{"id":7762,"date":"2017-07-05T01:00:30","date_gmt":"2017-07-05T04:00:30","guid":{"rendered":"http:\/\/www.girosgourmet.com.br\/?p=7762"},"modified":"2017-07-04T19:35:51","modified_gmt":"2017-07-04T22:35:51","slug":"jantar-no-centro-uma-experiencia-genuina","status":"publish","type":"post","link":"http:\/\/www.girosgourmet.com.br\/index.php\/jantar-no-centro-uma-experiencia-genuina\/","title":{"rendered":"Jantar no centro, uma experi\u00eancia genu\u00edna!"},"content":{"rendered":"<p style=\"text-align: center;\"><a href=\"http:\/\/www.girosgourmet.com.br\/?attachment_id=7763\" rel=\"attachment wp-att-7763\"><img loading=\"lazy\" decoding=\"async\" class=\"aligncenter size-full wp-image-7763\" src=\"http:\/\/www.girosgourmet.com.br\/wp-content\/uploads\/2017\/07\/Jantar-no-cantro-fachada.jpg\" alt=\"\" width=\"1632\" height=\"1224\" srcset=\"http:\/\/www.girosgourmet.com.br\/wp-content\/uploads\/2017\/07\/Jantar-no-cantro-fachada.jpg 1632w, http:\/\/www.girosgourmet.com.br\/wp-content\/uploads\/2017\/07\/Jantar-no-cantro-fachada-300x225.jpg 300w, http:\/\/www.girosgourmet.com.br\/wp-content\/uploads\/2017\/07\/Jantar-no-cantro-fachada-768x576.jpg 768w, http:\/\/www.girosgourmet.com.br\/wp-content\/uploads\/2017\/07\/Jantar-no-cantro-fachada-1024x768.jpg 1024w\" sizes=\"auto, (max-width: 1632px) 100vw, 1632px\" \/><\/a><\/p>\n<p style=\"text-align: justify;\"><span style=\"color: #000000;\">Na semana passada eu tive um dos melhores jantares deste ano aqui em S\u00e3o Paulo. A experi\u00eancia foi t\u00e3o contagiante, t\u00e3o intensa, t\u00e3o amig\u00e1vel que as horas \u00a0passaram e a gente n\u00e3o queria sair da mesa, e o dia seguinte, alegremente, eu passei\u00a0 me lembrando de cada detalhe sensorial da noite anterior.<\/span><\/p>\n<p style=\"text-align: justify;\"><span style=\"color: #000000;\">H\u00e1 mais de um ano realizando saborosos e divertidos encontros na regi\u00e3o central de S\u00e3o Paulo, o\u00a0<strong>Jantar no Centro<\/strong>, criado pelo casal querid\u00edssimo <strong>Dani Borges <\/strong>e<strong> Fernando<\/strong>, oferece aos participantes uma experi\u00eancia gastron\u00f4mica genuinamente vietnamita. Voc\u00ea ir\u00e1 delirar com as receitas que unir\u00e3o a riqueza das especiarias asi\u00e1ticas com pratos quentes e sofisticados que combinam perfeitamente com o frio do inverno paulistano.<\/span><\/p>\n<p style=\"text-align: center;\"><a href=\"http:\/\/www.girosgourmet.com.br\/?attachment_id=7764\" rel=\"attachment wp-att-7764\"><img loading=\"lazy\" decoding=\"async\" class=\"aligncenter size-full wp-image-7764\" src=\"http:\/\/www.girosgourmet.com.br\/wp-content\/uploads\/2017\/07\/Jantar-no-centro-ambiente.jpg\" alt=\"\" width=\"510\" height=\"510\" srcset=\"http:\/\/www.girosgourmet.com.br\/wp-content\/uploads\/2017\/07\/Jantar-no-centro-ambiente.jpg 510w, http:\/\/www.girosgourmet.com.br\/wp-content\/uploads\/2017\/07\/Jantar-no-centro-ambiente-150x150.jpg 150w, http:\/\/www.girosgourmet.com.br\/wp-content\/uploads\/2017\/07\/Jantar-no-centro-ambiente-300x300.jpg 300w, http:\/\/www.girosgourmet.com.br\/wp-content\/uploads\/2017\/07\/Jantar-no-centro-ambiente-100x100.jpg 100w\" sizes=\"auto, (max-width: 510px) 100vw, 510px\" \/><\/a><\/p>\n<p style=\"text-align: justify;\"><span style=\"color: #000000;\">A ideia de realizar estes encontros gourmets em casa, come\u00e7ou com uma viagem ao Vietn\u00e3 h\u00e1 dois anos , quando o casal se apaixonou pela sua gastronomia e desde ent\u00e3o este tema \u00e9 desenvolvido pelo dois em sua pr\u00f3pria cozinha e com eventuais temporadas no pa\u00eds asi\u00e1tico.<\/span><\/p>\n<p style=\"text-align: justify;\"><span style=\"color: #000000;\">Os pratos que compunham o menu retratavam a famosa cozinha de Han\u00f3i. Come\u00e7amos com uma entrada do dia a dia do Vietn\u00e3; <strong>e<\/strong><strong>spetinhos de carne e frango<\/strong> marinado em especiarias. Em seguida um caloroso <strong>caldo de mariscos e dill<\/strong> que fez o contraponto refrescante e arom\u00e1tico neste inicio de jantar.<\/span><\/p>\n<p style=\"text-align: center;\"><a href=\"http:\/\/www.girosgourmet.com.br\/?attachment_id=7765\" rel=\"attachment wp-att-7765\"><img loading=\"lazy\" decoding=\"async\" class=\"aligncenter size-full wp-image-7765\" src=\"http:\/\/www.girosgourmet.com.br\/wp-content\/uploads\/2017\/07\/Jantar-no-centro-entrada.jpg\" alt=\"\" width=\"1632\" height=\"1224\" srcset=\"http:\/\/www.girosgourmet.com.br\/wp-content\/uploads\/2017\/07\/Jantar-no-centro-entrada.jpg 1632w, http:\/\/www.girosgourmet.com.br\/wp-content\/uploads\/2017\/07\/Jantar-no-centro-entrada-300x225.jpg 300w, http:\/\/www.girosgourmet.com.br\/wp-content\/uploads\/2017\/07\/Jantar-no-centro-entrada-768x576.jpg 768w, http:\/\/www.girosgourmet.com.br\/wp-content\/uploads\/2017\/07\/Jantar-no-centro-entrada-1024x768.jpg 1024w\" sizes=\"auto, (max-width: 1632px) 100vw, 1632px\" \/><\/a><\/p>\n<p style=\"text-align: justify;\">Na sequ\u00eancia a maravilha da noite <strong>pernil de porco ao caramelo de coco queimado<\/strong>; muito encorpado, arom\u00e1tico, a cada garfada eu me aprofundava mais nos sabores ricos desta receita. Contagiante, queria mais!<\/p>\n<p style=\"text-align: center;\"><a href=\"http:\/\/www.girosgourmet.com.br\/?attachment_id=7766\" rel=\"attachment wp-att-7766\"><img loading=\"lazy\" decoding=\"async\" class=\"aligncenter size-full wp-image-7766\" src=\"http:\/\/www.girosgourmet.com.br\/wp-content\/uploads\/2017\/07\/jantar-no-centro-pernil.jpg\" alt=\"\" width=\"1939\" height=\"1578\" srcset=\"http:\/\/www.girosgourmet.com.br\/wp-content\/uploads\/2017\/07\/jantar-no-centro-pernil.jpg 1939w, http:\/\/www.girosgourmet.com.br\/wp-content\/uploads\/2017\/07\/jantar-no-centro-pernil-300x244.jpg 300w, http:\/\/www.girosgourmet.com.br\/wp-content\/uploads\/2017\/07\/jantar-no-centro-pernil-768x625.jpg 768w, http:\/\/www.girosgourmet.com.br\/wp-content\/uploads\/2017\/07\/jantar-no-centro-pernil-1024x833.jpg 1024w\" sizes=\"auto, (max-width: 1939px) 100vw, 1939px\" \/><\/a><\/p>\n<p style=\"text-align: justify;\"><span style=\"color: #000000;\">E finalizamos com uma deliciosa e a\u00e7ucarada <strong>mini torta de mandioca e calda de leite de coco e capim lim\u00e3o<\/strong>. Aqui percebemos a \u00f3tima influ\u00eancia francesa na cultura vietnamita.<\/span><\/p>\n<p style=\"text-align: center;\"><a href=\"http:\/\/www.girosgourmet.com.br\/?attachment_id=7767\" rel=\"attachment wp-att-7767\"><img loading=\"lazy\" decoding=\"async\" class=\"aligncenter size-full wp-image-7767\" src=\"http:\/\/www.girosgourmet.com.br\/wp-content\/uploads\/2017\/07\/Jantar-no-centro-sobremesa.jpg\" alt=\"\" width=\"1632\" height=\"1224\" srcset=\"http:\/\/www.girosgourmet.com.br\/wp-content\/uploads\/2017\/07\/Jantar-no-centro-sobremesa.jpg 1632w, http:\/\/www.girosgourmet.com.br\/wp-content\/uploads\/2017\/07\/Jantar-no-centro-sobremesa-300x225.jpg 300w, http:\/\/www.girosgourmet.com.br\/wp-content\/uploads\/2017\/07\/Jantar-no-centro-sobremesa-768x576.jpg 768w, http:\/\/www.girosgourmet.com.br\/wp-content\/uploads\/2017\/07\/Jantar-no-centro-sobremesa-1024x768.jpg 1024w\" sizes=\"auto, (max-width: 1632px) 100vw, 1632px\" \/><\/a><\/p>\n<p style=\"text-align: justify;\"><span style=\"color: #000000;\">Toda\u00a0\u00a0a experi\u00eancia ainda contou com as participa\u00e7\u00f5es das sommeliers <strong>Daniela Bravin<\/strong> e <strong>Cassia Campos<\/strong>, que nos ofereceram vinhos que beiravam a perfei\u00e7\u00e3o!<\/span><\/p>\n<p style=\"text-align: justify;\"><span style=\"color: #000000;\">Ficou com vontade? Ent\u00e3o se liga, a pr\u00f3xima edi\u00e7\u00e3o vai acontecer nos pr\u00f3ximos dias 20 e 21 de julho e \u00a0o foco ser\u00e1 a influ\u00eancia francesa na gastronomia do Vietn\u00e3.<\/span><\/p>\n<p style=\"text-align: justify;\"><span style=\"color: #000000;\">Como entrada, o Jantar no Centro ter\u00e1\u00a0<strong>robalo com crosta de ervas arom\u00e1ticas<\/strong> servido em consom\u00ea morno de gengibre e acelga chinesa. O destaque da noite fica para o prato principal: <strong>carr\u00e9 de porco grelhado<\/strong>\u00a0ao molho de tamarindo guarnecido de vagem salteada &#8211; um prato que carrega muito da influ\u00eancia francesa na gastronomia do Vietn\u00e3. Para fechar a noite, o jantar ter\u00e1 torta de gengibre com marshmallow de lim\u00e3o, uma cria\u00e7\u00e3o de Dani Borges que une t\u00e9cnicas francesas com ingredientes t\u00edpicos do Sudeste Asi\u00e1tico.<\/span><\/p>\n<p style=\"text-align: justify;\"><span style=\"color: #000000;\">O jantar completo, com entradas, pratos principais e sobremesa custa R$ 140 por pessoa. As bebidas ser\u00e3o cobradas \u00e0 parte e ter\u00e3o pre\u00e7os especiais.<\/span><\/p>\n<p style=\"text-align: justify;\"><span style=\"color: #000000;\">As vagas s\u00e3o limitadas e as reservas podem ser feitas pelo FoodPass (<span style=\"color: #0000ff;\"><a style=\"color: #0000ff;\" href=\"http:\/\/www.foodpass.com.br\/\">www.foodpass.com.br<\/a><\/span>).<\/span><\/p>\n<p style=\"text-align: justify;\"><span style=\"color: #000000;\">Gente \u00e9 imperd\u00edvel! Quero voltar muitasssssssssssssss vezes!<\/span><\/p>\n<iframe src=\"http:\/\/www.facebook.com\/plugins\/like.php?href=http:\/\/www.girosgourmet.com.br\/index.php\/jantar-no-centro-uma-experiencia-genuina\/&amp;layout=standard&amp;show_faces=1&amp;width=450&amp;action=like&amp;colorscheme=light&amp;font=\" scrolling=\"no\" frameborder=\"0\" style=\"border:none; overflow:hidden; width:450px; height:60px\"><\/iframe>","protected":false},"excerpt":{"rendered":"<p>Na semana passada eu tive um dos melhores jantares deste ano aqui em S\u00e3o Paulo. A experi\u00eancia foi t\u00e3o contagiante, t\u00e3o intensa, t\u00e3o amig\u00e1vel que as horas \u00a0passaram e a gente n\u00e3o queria sair da mesa, e o dia seguinte, alegremente, eu passei\u00a0 me lembrando de cada detalhe sensorial da [&hellip;]<\/p>\n","protected":false},"author":3,"featured_media":0,"comment_status":"open","ping_status":"closed","sticky":false,"template":"","format":"standard","meta":{"footnotes":""},"categories":[39],"tags":[1739,1738,1740,1644,1645,1643,1701],"class_list":["post-7762","post","type-post","status-publish","format-standard","hentry","category-gastronomia","tag-dani-borges","tag-daniela-bravin","tag-food-pass","tag-gastronomia-vietnamita","tag-hanoi","tag-jantar-no-centro","tag-vietna"],"_links":{"self":[{"href":"http:\/\/www.girosgourmet.com.br\/index.php\/wp-json\/wp\/v2\/posts\/7762","targetHints":{"allow":["GET"]}}],"collection":[{"href":"http:\/\/www.girosgourmet.com.br\/index.php\/wp-json\/wp\/v2\/posts"}],"about":[{"href":"http:\/\/www.girosgourmet.com.br\/index.php\/wp-json\/wp\/v2\/types\/post"}],"author":[{"embeddable":true,"href":"http:\/\/www.girosgourmet.com.br\/index.php\/wp-json\/wp\/v2\/users\/3"}],"replies":[{"embeddable":true,"href":"http:\/\/www.girosgourmet.com.br\/index.php\/wp-json\/wp\/v2\/comments?post=7762"}],"version-history":[{"count":1,"href":"http:\/\/www.girosgourmet.com.br\/index.php\/wp-json\/wp\/v2\/posts\/7762\/revisions"}],"predecessor-version":[{"id":7768,"href":"http:\/\/www.girosgourmet.com.br\/index.php\/wp-json\/wp\/v2\/posts\/7762\/revisions\/7768"}],"wp:attachment":[{"href":"http:\/\/www.girosgourmet.com.br\/index.php\/wp-json\/wp\/v2\/media?parent=7762"}],"wp:term":[{"taxonomy":"category","embeddable":true,"href":"http:\/\/www.girosgourmet.com.br\/index.php\/wp-json\/wp\/v2\/categories?post=7762"},{"taxonomy":"post_tag","embeddable":true,"href":"http:\/\/www.girosgourmet.com.br\/index.php\/wp-json\/wp\/v2\/tags?post=7762"}],"curies":[{"name":"wp","href":"https:\/\/api.w.org\/{rel}","templated":true}]}}