{"id":7753,"date":"2017-07-04T13:39:33","date_gmt":"2017-07-04T16:39:33","guid":{"rendered":"http:\/\/www.girosgourmet.com.br\/?p=7753"},"modified":"2017-07-04T19:18:28","modified_gmt":"2017-07-04T22:18:28","slug":"festival-de-gastronomia-de-buzios-acontece-em-julho","status":"publish","type":"post","link":"http:\/\/www.girosgourmet.com.br\/index.php\/festival-de-gastronomia-de-buzios-acontece-em-julho\/","title":{"rendered":"Festival de Gastronomia de B\u00fazios acontece em julho!"},"content":{"rendered":"<p style=\"text-align: center;\"><a href=\"http:\/\/www.girosgourmet.com.br\/index.php\/festival-de-gastronomia-de-buzios-acontece-em-julho\/festival_gastronomico_de_buzios_2013_282129__credito_fabio_rossi\/\" rel=\"attachment wp-att-7756\"><img loading=\"lazy\" decoding=\"async\" class=\"aligncenter size-full wp-image-7756\" src=\"http:\/\/www.girosgourmet.com.br\/wp-content\/uploads\/2017\/07\/festival_gastronomico_de_buzios_2013_282129__credito_fabio_rossi.jpg\" alt=\"\" width=\"1200\" height=\"630\" srcset=\"http:\/\/www.girosgourmet.com.br\/wp-content\/uploads\/2017\/07\/festival_gastronomico_de_buzios_2013_282129__credito_fabio_rossi.jpg 1200w, http:\/\/www.girosgourmet.com.br\/wp-content\/uploads\/2017\/07\/festival_gastronomico_de_buzios_2013_282129__credito_fabio_rossi-300x158.jpg 300w, http:\/\/www.girosgourmet.com.br\/wp-content\/uploads\/2017\/07\/festival_gastronomico_de_buzios_2013_282129__credito_fabio_rossi-768x403.jpg 768w, http:\/\/www.girosgourmet.com.br\/wp-content\/uploads\/2017\/07\/festival_gastronomico_de_buzios_2013_282129__credito_fabio_rossi-1024x538.jpg 1024w\" sizes=\"auto, (max-width: 1200px) 100vw, 1200px\" \/><\/a><\/p>\n<p style=\"text-align: justify;\"><span style=\"color: #000000;\">E um dos Festivais mais gostosos do <strong>Rio de Janeiro<\/strong> ir\u00e1 come\u00e7ar no pr\u00f3ximo final de semana, em um dos balne\u00e1rios mais charmosos que eu conhe\u00e7o. O <strong>Festival de Gastronomia de B\u00fazios<\/strong> chega \u00e0 sua 16\u00aa edi\u00e7\u00e3o, nos dias 7, 8, 9, 14, 15 e 16 de julho, onde as ruas da cidade ser\u00e3o decoradas com dezenas de barracas na frente dos restaurantes mais tradicionais da cidade. Cada casa preparou uma receita especial para a ocasi\u00e3o, e voc\u00ea ter\u00e1 a grande chance de provar entradas, pratos principais e sobremesas de diversas cozinhas.<\/span><\/p>\n<p style=\"text-align: justify;\"><span style=\"color: #000000;\">Este ano o Festival ir\u00e1 homenagear o tradicional restaurante <strong><em>franc\u00eas Au Cheval Blanc<\/em><\/strong>, que fez fama na d\u00e9cada de 70 na Rua das Pedras e tornou-se refer\u00eancia para a gastronomia local. O restaurante n\u00e3o existe mais, mas os antigos propriet\u00e1rios, <strong>Paul e Pippa Blancpain<\/strong>, ainda residem em B\u00fazios.<\/span><\/p>\n<p style=\"text-align: justify;\"><span style=\"color: #000000;\">Um dos seus filhos, <strong>Phil Blancpain<\/strong> que \u00e9 s\u00f3cio do restaurante <strong>Capim Lim\u00e3o, <\/strong>(participar\u00e1 do evento pela primeira vez)<strong>,<\/strong> ir\u00e1 oferecer um prato delicioso, \u201c<strong><em>Moranguinha Au Cheval\u201d<\/em><\/strong> (R$ 20,00) mini moranga com carne seca cremosa e arroz de coc\u00f4 com castanha de caju, al\u00e9m disso, ir\u00e3o homenagear o <strong><em>Au ChevaL Blanc<\/em><\/strong> atrav\u00e9s de uma exposi\u00e7\u00e3o de fotos resgatando a hist\u00f3ria do restaurante na d\u00e9cada de 70, com personalidades e celebridades que frequentavam o famoso restaurante.<\/span><\/p>\n<p style=\"text-align: center;\"><span style=\"color: #000000;\"><a style=\"color: #000000;\" href=\"http:\/\/www.girosgourmet.com.br\/index.php\/festival-de-gastronomia-de-buzios-acontece-em-julho\/capim-limao\/\" rel=\"attachment wp-att-7754\"><img loading=\"lazy\" decoding=\"async\" class=\"aligncenter size-full wp-image-7754\" src=\"http:\/\/www.girosgourmet.com.br\/wp-content\/uploads\/2017\/07\/Capim-limao.jpg\" alt=\"\" width=\"907\" height=\"605\" srcset=\"http:\/\/www.girosgourmet.com.br\/wp-content\/uploads\/2017\/07\/Capim-limao.jpg 907w, http:\/\/www.girosgourmet.com.br\/wp-content\/uploads\/2017\/07\/Capim-limao-300x200.jpg 300w, http:\/\/www.girosgourmet.com.br\/wp-content\/uploads\/2017\/07\/Capim-limao-768x512.jpg 768w\" sizes=\"auto, (max-width: 907px) 100vw, 907px\" \/><\/a><\/span><\/p>\n<p style=\"text-align: justify;\"><span style=\"color: #000000;\">J\u00e1 o <strong>Bananaland<\/strong> da chef propriet\u00e1ria <strong>Rosangela Santos <\/strong>e<strong> Carlos Alberto<\/strong>, ir\u00e1 presentear a todos os seus comensais com seu delicioso \u201c<strong><em>Siciliano Thay<\/em><\/strong>\u201d, arroz com lim\u00e3o siciliano, pedacinhos de fil\u00e9 mignon com glac\u00ea de ostras e mix de cogumelos. Experimentei em primeira m\u00e3o e posso dizer, receita imperd\u00edvel mesmo que voc\u00ea demore um pouquinho para provar, vai valer a espera, a chef garante que tudo \u00e9 feito na hora e no maior capricho!<\/span><\/p>\n<p style=\"text-align: center;\"><span style=\"color: #000000;\"><a style=\"color: #000000;\" href=\"http:\/\/www.girosgourmet.com.br\/index.php\/festival-de-gastronomia-de-buzios-acontece-em-julho\/bananaland\/\" rel=\"attachment wp-att-7755\"><img loading=\"lazy\" decoding=\"async\" class=\"aligncenter size-full wp-image-7755\" src=\"http:\/\/www.girosgourmet.com.br\/wp-content\/uploads\/2017\/07\/bananaland.jpg\" alt=\"\" width=\"907\" height=\"605\" srcset=\"http:\/\/www.girosgourmet.com.br\/wp-content\/uploads\/2017\/07\/bananaland.jpg 907w, http:\/\/www.girosgourmet.com.br\/wp-content\/uploads\/2017\/07\/bananaland-300x200.jpg 300w, http:\/\/www.girosgourmet.com.br\/wp-content\/uploads\/2017\/07\/bananaland-768x512.jpg 768w\" sizes=\"auto, (max-width: 907px) 100vw, 907px\" \/><\/a><\/span><\/p>\n<p style=\"text-align: justify;\"><span style=\"color: #000000;\">Nas sextas e s\u00e1bados, das 20h \u00e0 meia noite, as degusta\u00e7\u00f5es acontecem no Centro (Rua das Pedras, Manoel Tur\u00edbio de Farias e Orla Bardot) e em Manguinhos (Aldeia da Praia). Aos s\u00e1bados e domingos, ser\u00e1 a vez da Rasa e dos Ossos mostrarem suas receitas, das 16h \u00e0s 21h, que ser\u00e3o servidas na Pra\u00e7a do Inefi e na Lagoa dos Ossos, respectivamente.<\/span><\/p>\n<p><span style=\"color: #000000;\">Quer ver a lista completa dos participantes? <a href=\"http:\/\/www.festbuzios.com.br\"><strong>Clica aqui!<\/strong><\/a><\/span><\/p>\n<p>&nbsp;<\/p>\n<p><span style=\"color: #000000;\"><strong>\u00a0SERVI\u00c7O:<\/strong><\/span><\/p>\n<p style=\"text-align: justify;\"><span style=\"color: #000000;\">Degusta\u00e7\u00f5es: Sextas e s\u00e1bados (07, 08, 14 e 15 de julho) Hor\u00e1rio: 20h \u00e0 meia noite Locais: Orla Bardot, Rua das Pedras, Rua Manoel Tur\u00edbio de Farias e Aldeia da Praia. Pre\u00e7os: Entradas e sobremesas: R$ 15. Principais: R$ 20. S\u00e1bados e Domingos (08 e 09, 15 e 16 de julho) Hor\u00e1rio: 16h \u00e0s 21h Local: Lagoa dos Ossos &#8211; Ossos Pre\u00e7os: Entradas e sobremesas: R$ 15. Principais: R$ 20. S\u00e1bados e Domingos (08 e 09, 15 e 16 de julho) Hor\u00e1rio: 16h \u00e0s 21h Local: Pra\u00e7a do Inefi \u2013 Rasa Pre\u00e7os: Entradas e sobremesas: R$ 10. Principais: R$ 15. www.festbuzios.com.br Facebook: www.facebook.com\/festbuzios Instagram: www.instagram.com\/festgastbuzios<\/span><\/p>\n<p style=\"text-align: justify;\"><span style=\"color: #000000;\">Credito Imagens: Roberto Salgado<\/span><\/p>\n<iframe src=\"http:\/\/www.facebook.com\/plugins\/like.php?href=http:\/\/www.girosgourmet.com.br\/index.php\/festival-de-gastronomia-de-buzios-acontece-em-julho\/&amp;layout=standard&amp;show_faces=1&amp;width=450&amp;action=like&amp;colorscheme=light&amp;font=\" scrolling=\"no\" frameborder=\"0\" style=\"border:none; overflow:hidden; width:450px; height:60px\"><\/iframe>","protected":false},"excerpt":{"rendered":"<p>E um dos Festivais mais gostosos do Rio de Janeiro ir\u00e1 come\u00e7ar no pr\u00f3ximo final de semana, em um dos balne\u00e1rios mais charmosos que eu conhe\u00e7o. O Festival de Gastronomia de B\u00fazios chega \u00e0 sua 16\u00aa edi\u00e7\u00e3o, nos dias 7, 8, 9, 14, 15 e 16 de julho, onde as [&hellip;]<\/p>\n","protected":false},"author":3,"featured_media":0,"comment_status":"open","ping_status":"closed","sticky":false,"template":"","format":"standard","meta":{"footnotes":""},"categories":[39,41],"tags":[1595,1736,1737,891,1594,111,994],"class_list":["post-7753","post","type-post","status-publish","format-standard","hentry","category-gastronomia","category-viagens","tag-armacao-de-buzios","tag-bananaland","tag-capim-limao","tag-carla-palmieri","tag-festival-gastronomico-de-buzios","tag-rio-de-janeiro","tag-roberto-salgado"],"_links":{"self":[{"href":"http:\/\/www.girosgourmet.com.br\/index.php\/wp-json\/wp\/v2\/posts\/7753","targetHints":{"allow":["GET"]}}],"collection":[{"href":"http:\/\/www.girosgourmet.com.br\/index.php\/wp-json\/wp\/v2\/posts"}],"about":[{"href":"http:\/\/www.girosgourmet.com.br\/index.php\/wp-json\/wp\/v2\/types\/post"}],"author":[{"embeddable":true,"href":"http:\/\/www.girosgourmet.com.br\/index.php\/wp-json\/wp\/v2\/users\/3"}],"replies":[{"embeddable":true,"href":"http:\/\/www.girosgourmet.com.br\/index.php\/wp-json\/wp\/v2\/comments?post=7753"}],"version-history":[{"count":5,"href":"http:\/\/www.girosgourmet.com.br\/index.php\/wp-json\/wp\/v2\/posts\/7753\/revisions"}],"predecessor-version":[{"id":7761,"href":"http:\/\/www.girosgourmet.com.br\/index.php\/wp-json\/wp\/v2\/posts\/7753\/revisions\/7761"}],"wp:attachment":[{"href":"http:\/\/www.girosgourmet.com.br\/index.php\/wp-json\/wp\/v2\/media?parent=7753"}],"wp:term":[{"taxonomy":"category","embeddable":true,"href":"http:\/\/www.girosgourmet.com.br\/index.php\/wp-json\/wp\/v2\/categories?post=7753"},{"taxonomy":"post_tag","embeddable":true,"href":"http:\/\/www.girosgourmet.com.br\/index.php\/wp-json\/wp\/v2\/tags?post=7753"}],"curies":[{"name":"wp","href":"https:\/\/api.w.org\/{rel}","templated":true}]}}