{"id":7743,"date":"2017-07-03T21:59:11","date_gmt":"2017-07-04T00:59:11","guid":{"rendered":"http:\/\/www.girosgourmet.com.br\/?p=7743"},"modified":"2017-07-03T21:59:48","modified_gmt":"2017-07-04T00:59:48","slug":"roberto-ravioli-e-spencer-amereno-comandam-menu-do-terraco-italia-em-julho","status":"publish","type":"post","link":"http:\/\/www.girosgourmet.com.br\/index.php\/roberto-ravioli-e-spencer-amereno-comandam-menu-do-terraco-italia-em-julho\/","title":{"rendered":"Roberto Ravioli e Spencer Amereno comandam menu do Terra\u00e7o It\u00e1lia em julho"},"content":{"rendered":"<p style=\"text-align: justify;\"><span style=\"font-size: 11.0pt; font-family: 'Arial',sans-serif;\">E as comemora\u00e7\u00f5es dos 50 anos do <strong>Terra\u00e7o It\u00e1lia<\/strong> n\u00e3o param, ap\u00f3s o lan\u00e7amento dos<span style=\"color: #000080;\"><strong><a style=\"color: #000080;\" href=\"http:\/\/www.girosgourmet.com.br\/index.php\/5-drinks-brindam-50-anos-do-terraco-italia\/\"> 5 drinks que brindam o cinquenten\u00e1rio<\/a><\/strong><\/span> da casa, hoje entra em cartaz menu exclusiv\u00edssimo do Chef \u00edcone mais italiano de todos em S\u00e3o Paulo, <strong>Roberto Ravioli<\/strong>, <\/span><\/p>\n<p style=\"text-align: justify;\"><span style=\"font-size: 11.0pt; font-family: 'Arial',sans-serif;\">O chef da <strong>Casa Ravioli <\/strong>e<strong> Emp\u00f3rio Ravioli<\/strong> vai expor todo o seu talento neste m\u00eas de julho, na sequ\u00eancia dos sucessos de <strong>Marco Renzetti<\/strong>, em maio, e de <strong>Pier Paolo Picchi<\/strong>, chef convidado do m\u00eas de junho. \u00a0Os jantares contam com a\u00a0coordena\u00e7\u00e3o do chef do Terra\u00e7o, <strong>Pasquale Mancini<\/strong>.<\/span><\/p>\n<p style=\"text-align: justify;\"><span style=\"font-size: 11.0pt; font-family: 'Arial',sans-serif;\">O\u00a0chef\u00a0prepara de entrada a\u00a0\u00a0<strong><em><span style=\"font-family: 'Arial',sans-serif;\">Torre Cruda del Mare<\/span><\/em><\/strong>\u00a0(tartar de atum, abacate e lagostim, com tempura de abacate e crisps de quinoa). Como principal, ele faz um\u00a0<em><span style=\"font-family: 'Arial',sans-serif;\">remake<\/span><\/em>\u00a0do <strong>Steak Diana<\/strong> &#8211; famoso prato \u00e0 \u00e9poca em que o Terra\u00e7o foi inaugurado &#8211; com Dry Aged e funghi Porcini, e de sobremesa, <strong>sufl\u00ea ao cioccolato con Nutella e crema di mascarpone<\/strong>.\u00a0 O menu custa R$ 219 e est\u00e1 dispon\u00edvel at\u00e9 31 de julho.<\/span><\/p>\n<p style=\"text-align: center;\"><a href=\"http:\/\/www.girosgourmet.com.br\/index.php\/roberto-ravioli-e-spencer-amereno-comandam-menu-do-terraco-italia-em-julho\/diana\/\" rel=\"attachment wp-att-7746\"><img loading=\"lazy\" decoding=\"async\" class=\"aligncenter wp-image-7746 \" src=\"http:\/\/www.girosgourmet.com.br\/wp-content\/uploads\/2017\/07\/diana-200x300.jpg\" alt=\"\" width=\"312\" height=\"468\" \/><\/a><\/p>\n<p style=\"text-align: justify;\"><span style=\"font-size: 11.0pt; font-family: 'Arial',sans-serif;\">Para\u00a0ancor\u00e1-lo no cap\u00edtulo dos drinks, <strong>Spencer Amereno<\/strong>, do <strong>Frank Bar do Maksoud Plaza<\/strong>,\u00a0prepara o <strong>La Florida<\/strong> #2, drink especial que celebra \u00a0meio s\u00e9culo do Terra\u00e7o, dispon\u00edvel o\u00a0m\u00eas inteiro tamb\u00e9m. O drink leva Bacardi Carta Blanca, Cacao Blanc Marie Brizard, Carpano Classico, Grenadine caseiro, suco de lim\u00e3o siciliano e clara de ovo pasteurizada. \u00a0Custa R$ 42 e\u00a0estar\u00e1 dispon\u00edvel nos\u00a0restaurantes e bar do Terra\u00e7o, at\u00e9 31 de julho.\u00a0<\/span><\/p>\n<p style=\"text-align: center;\"><a href=\"http:\/\/www.girosgourmet.com.br\/index.php\/roberto-ravioli-e-spencer-amereno-comandam-menu-do-terraco-italia-em-julho\/la-florida\/\" rel=\"attachment wp-att-7744\"><img loading=\"lazy\" decoding=\"async\" class=\"aligncenter wp-image-7744 \" src=\"http:\/\/www.girosgourmet.com.br\/wp-content\/uploads\/2017\/07\/la-florida-200x300.jpg\" alt=\"\" width=\"337\" height=\"506\" srcset=\"http:\/\/www.girosgourmet.com.br\/wp-content\/uploads\/2017\/07\/la-florida-200x300.jpg 200w, http:\/\/www.girosgourmet.com.br\/wp-content\/uploads\/2017\/07\/la-florida-768x1152.jpg 768w, http:\/\/www.girosgourmet.com.br\/wp-content\/uploads\/2017\/07\/la-florida-683x1024.jpg 683w, http:\/\/www.girosgourmet.com.br\/wp-content\/uploads\/2017\/07\/la-florida.jpg 2000w\" sizes=\"auto, (max-width: 337px) 100vw, 337px\" \/><\/a><\/p>\n<p style=\"text-align: justify;\"><span style=\"font-size: 11.0pt; font-family: 'Arial',sans-serif;\">\u00a0Vale a subida ao Terra\u00e7o mais bacana da Capital Paulista!<\/span><\/p>\n<p style=\"text-align: justify;\"><span style=\"font-size: 11pt;\"><strong><span style=\"font-family: Arial, sans-serif;\">Servi\u00e7o<br \/>\n<\/span><\/strong><\/span><span style=\"font-size: 11.0pt; font-family: 'Arial',sans-serif;\">Terra\u00e7o It\u00e1lia\u00a0Avenida Ipiranga, n\u00b0344 &#8211; 41\u00b0\u00a0Centro &#8211; S\u00e3o Paulo \u2013 SP<br \/>\n<\/span><span style=\"font-size: 11.0pt; font-family: 'Arial',sans-serif;\">Hor\u00e1rio de funcionamento: Segunda a sexta, a partir das 15h; S\u00e1bados, domingos e feriados, a partir das 12h<br \/>\n<\/span><span style=\"font-size: 11.0pt; font-family: 'Arial',sans-serif;\">Reservas: SP (11) 2189-2929<br \/>\n<\/span><span style=\"font-size: 11.0pt; font-family: 'Arial',sans-serif;\">Formas de Pagamento: todos os cart\u00f5es de cr\u00e9dito<\/span><\/p>\n<iframe src=\"http:\/\/www.facebook.com\/plugins\/like.php?href=http:\/\/www.girosgourmet.com.br\/index.php\/roberto-ravioli-e-spencer-amereno-comandam-menu-do-terraco-italia-em-julho\/&amp;layout=standard&amp;show_faces=1&amp;width=450&amp;action=like&amp;colorscheme=light&amp;font=\" scrolling=\"no\" frameborder=\"0\" style=\"border:none; overflow:hidden; width:450px; height:60px\"><\/iframe>","protected":false},"excerpt":{"rendered":"<p>E as comemora\u00e7\u00f5es dos 50 anos do Terra\u00e7o It\u00e1lia n\u00e3o param, ap\u00f3s o lan\u00e7amento dos 5 drinks que brindam o cinquenten\u00e1rio da casa, hoje entra em cartaz menu exclusiv\u00edssimo do Chef \u00edcone mais italiano de todos em S\u00e3o Paulo, Roberto Ravioli, O chef da Casa Ravioli e Emp\u00f3rio Ravioli vai [&hellip;]<\/p>\n","protected":false},"author":3,"featured_media":0,"comment_status":"open","ping_status":"closed","sticky":false,"template":"","format":"standard","meta":{"footnotes":""},"categories":[39],"tags":[1734,1735,1732,1731,1733,726],"class_list":["post-7743","post","type-post","status-publish","format-standard","hentry","category-gastronomia","tag-frank","tag-maksoud-plaza","tag-pasquale-mancini","tag-roberto-ravioli","tag-spencer-amereno","tag-terraco-italia"],"_links":{"self":[{"href":"http:\/\/www.girosgourmet.com.br\/index.php\/wp-json\/wp\/v2\/posts\/7743","targetHints":{"allow":["GET"]}}],"collection":[{"href":"http:\/\/www.girosgourmet.com.br\/index.php\/wp-json\/wp\/v2\/posts"}],"about":[{"href":"http:\/\/www.girosgourmet.com.br\/index.php\/wp-json\/wp\/v2\/types\/post"}],"author":[{"embeddable":true,"href":"http:\/\/www.girosgourmet.com.br\/index.php\/wp-json\/wp\/v2\/users\/3"}],"replies":[{"embeddable":true,"href":"http:\/\/www.girosgourmet.com.br\/index.php\/wp-json\/wp\/v2\/comments?post=7743"}],"version-history":[{"count":7,"href":"http:\/\/www.girosgourmet.com.br\/index.php\/wp-json\/wp\/v2\/posts\/7743\/revisions"}],"predecessor-version":[{"id":7752,"href":"http:\/\/www.girosgourmet.com.br\/index.php\/wp-json\/wp\/v2\/posts\/7743\/revisions\/7752"}],"wp:attachment":[{"href":"http:\/\/www.girosgourmet.com.br\/index.php\/wp-json\/wp\/v2\/media?parent=7743"}],"wp:term":[{"taxonomy":"category","embeddable":true,"href":"http:\/\/www.girosgourmet.com.br\/index.php\/wp-json\/wp\/v2\/categories?post=7743"},{"taxonomy":"post_tag","embeddable":true,"href":"http:\/\/www.girosgourmet.com.br\/index.php\/wp-json\/wp\/v2\/tags?post=7743"}],"curies":[{"name":"wp","href":"https:\/\/api.w.org\/{rel}","templated":true}]}}