{"id":7687,"date":"2017-06-08T20:04:19","date_gmt":"2017-06-08T23:04:19","guid":{"rendered":"http:\/\/www.girosgourmet.com.br\/?p=7687"},"modified":"2017-06-08T20:06:47","modified_gmt":"2017-06-08T23:06:47","slug":"4o-organic-food-fest-brinda-a-alta-gastronomia-organica","status":"publish","type":"post","link":"http:\/\/www.girosgourmet.com.br\/index.php\/4o-organic-food-fest-brinda-a-alta-gastronomia-organica\/","title":{"rendered":"4\u00ba Organic Food Fest brinda a alta gastronomia org\u00e2nica"},"content":{"rendered":"<p style=\"text-align: center;\"><a href=\"http:\/\/www.girosgourmet.com.br\/index.php\/4o-organic-food-fest-brinda-a-alta-gastronomia-organica\/organics\/\" rel=\"attachment wp-att-7688\"><img loading=\"lazy\" decoding=\"async\" class=\"aligncenter size-full wp-image-7688\" src=\"http:\/\/www.girosgourmet.com.br\/wp-content\/uploads\/2017\/06\/organics.jpg\" alt=\"\" width=\"570\" height=\"300\" srcset=\"http:\/\/www.girosgourmet.com.br\/wp-content\/uploads\/2017\/06\/organics.jpg 570w, http:\/\/www.girosgourmet.com.br\/wp-content\/uploads\/2017\/06\/organics-300x158.jpg 300w\" sizes=\"auto, (max-width: 570px) 100vw, 570px\" \/><\/a><\/p>\n<p style=\"text-align: justify;\"><span style=\"color: #000000;\">Se voc\u00ea busca em um festival gastron\u00f4mico receitas que re\u00fanem sa\u00fade, sabor e frescor em um s\u00f3 prato, ent\u00e3o voc\u00ea n\u00e3o pode perder a <strong>4\u00aa edi\u00e7\u00e3o do<\/strong> <strong>Organic Food Fest<\/strong>, que j\u00e1 est\u00e1 acontecendo desde o dia 05 em 30 restaurantes badalados do eixo Rio-S\u00e3o Paulo.<\/span><\/p>\n<p style=\"text-align: justify;\"><span style=\"color: #000000;\">O festival \u00e9 o \u00fanico \u00e0 base de org\u00e2nicos do Brasil com a proposta de incentivar uma alimenta\u00e7\u00e3o saud\u00e1vel e um consumo sustent\u00e1vel. Para criar uma verdadeira op\u00e7\u00e3o sensorial e gustativa, os chefs prepararam um menu-degusta\u00e7\u00e3o exclusivo em 3 tempos com, pelo menos, metade dos ingredientes de origem org\u00e2nica, proveni\u00eancia agroecol\u00f3gica ou de pequenos produtores. Os menus ter\u00e3o o pre\u00e7o fixo de R$ 55 ou R$ 88 (por pessoa), dependendo da escolha da casa. Bebidas e 10% de servi\u00e7o \u00e0 parte.<\/span><\/p>\n<p style=\"text-align: justify;\"><span style=\"color: #000000;\">Em S\u00e3o Paulo, as casas Attimo, Antonietta Cucina, Badar\u00f3 Morumbi, Banana Verde, Bananeira, Bar da Dona On\u00e7a, Bossa, Canvas Bar e Restaurante, Chez Vous, Clos Restaurante, Condessa Bistr\u00f4, Comedoro, F\u00e9lix Bistrot, Jacarand\u00e1, Mercearia do Conde, MoDi, Sarrasin, Sass\u00e1 Sushi, Sympa e Wheat Organics Biopadaria s\u00e3o alguns dos participantes desta edi\u00e7\u00e3o, que v\u00e3o adaptar ou ampliar seus menus de base org\u00e2nica para atender \u00e0s regras do festival. No Rio de Janeiro, participam: Am\u00e9lie Creperie, Bottega Del Vino, Duo Trattoria, Esp\u00edrito Santa, Fazenda Culin\u00e1ria, Mensateria, .Org Bistr\u00f4 e os restaurantes Da Bela.<\/span><\/p>\n<p style=\"text-align: center;\"><a href=\"http:\/\/www.girosgourmet.com.br\/index.php\/4o-organic-food-fest-brinda-a-alta-gastronomia-organica\/lombo-de-pirarucu-em-crosta-de-amaranto-com-pure-de-cara_creditos-fredy-uehara-uehara-fotografia\/\" rel=\"attachment wp-att-7689\"><img loading=\"lazy\" decoding=\"async\" class=\"aligncenter size-full wp-image-7689\" src=\"http:\/\/www.girosgourmet.com.br\/wp-content\/uploads\/2017\/06\/Lombo-de-Pirarucu-em-Crosta-de-Amaranto-com-Pur\u00ea-de-Car\u00e1_cr\u00e9ditos-Fredy-Uehara-Uehara-Fotografia.jpg\" alt=\"\" width=\"1728\" height=\"1152\" srcset=\"http:\/\/www.girosgourmet.com.br\/wp-content\/uploads\/2017\/06\/Lombo-de-Pirarucu-em-Crosta-de-Amaranto-com-Pur\u00ea-de-Car\u00e1_cr\u00e9ditos-Fredy-Uehara-Uehara-Fotografia.jpg 1728w, http:\/\/www.girosgourmet.com.br\/wp-content\/uploads\/2017\/06\/Lombo-de-Pirarucu-em-Crosta-de-Amaranto-com-Pur\u00ea-de-Car\u00e1_cr\u00e9ditos-Fredy-Uehara-Uehara-Fotografia-300x200.jpg 300w, http:\/\/www.girosgourmet.com.br\/wp-content\/uploads\/2017\/06\/Lombo-de-Pirarucu-em-Crosta-de-Amaranto-com-Pur\u00ea-de-Car\u00e1_cr\u00e9ditos-Fredy-Uehara-Uehara-Fotografia-768x512.jpg 768w, http:\/\/www.girosgourmet.com.br\/wp-content\/uploads\/2017\/06\/Lombo-de-Pirarucu-em-Crosta-de-Amaranto-com-Pur\u00ea-de-Car\u00e1_cr\u00e9ditos-Fredy-Uehara-Uehara-Fotografia-1024x683.jpg 1024w\" sizes=\"auto, (max-width: 1728px) 100vw, 1728px\" \/><\/a><\/p>\n<p style=\"text-align: justify;\"><span style=\"color: #000000;\">A Giros Gourmet vivenciou uma destas experi\u00eancias no restaurante <strong>Canvas<\/strong>, em S\u00e3o Paulo, que prop\u00f4s um menu deliciosamente refrescante. Iniciamos o nosso jantar com uma maravilhosa salada de folhas com adocicados tomates cereja, queijo cabra, pec\u00e3 e vinagrete de mel de oliveiras sustent\u00e1veis. Mas o melhor estava por vir <strong>Lombo de Pirarucu sustent\u00e1vel em crosta de Amaranto, pur\u00ea de Car\u00e1, mini legumes com azeite org\u00e2nico<\/strong>; o peixe com textura macia e sabor suave, desmanchava na boca e fazia uma sinergia \u00edmpar com o pur\u00ea.<\/span><\/p>\n<p style=\"text-align: center;\"><a href=\"http:\/\/www.girosgourmet.com.br\/index.php\/4o-organic-food-fest-brinda-a-alta-gastronomia-organica\/compota-de-maca-organica-com-sorvete-artesanal-de-chocolate-com-pimenta_creditos-fredy-uehara-uehara-fotografia\/\" rel=\"attachment wp-att-7690\"><img loading=\"lazy\" decoding=\"async\" class=\"aligncenter size-full wp-image-7690\" src=\"http:\/\/www.girosgourmet.com.br\/wp-content\/uploads\/2017\/06\/Compota-de-Ma\u00e7\u00e3-Org\u00e2nica-com-Sorvete-Artesanal-de-Chocolate-com-Pimenta_cr\u00e9ditos-Fredy-Uehara-Uehara-Fotografia.jpg\" alt=\"\" width=\"1728\" height=\"1152\" srcset=\"http:\/\/www.girosgourmet.com.br\/wp-content\/uploads\/2017\/06\/Compota-de-Ma\u00e7\u00e3-Org\u00e2nica-com-Sorvete-Artesanal-de-Chocolate-com-Pimenta_cr\u00e9ditos-Fredy-Uehara-Uehara-Fotografia.jpg 1728w, http:\/\/www.girosgourmet.com.br\/wp-content\/uploads\/2017\/06\/Compota-de-Ma\u00e7\u00e3-Org\u00e2nica-com-Sorvete-Artesanal-de-Chocolate-com-Pimenta_cr\u00e9ditos-Fredy-Uehara-Uehara-Fotografia-300x200.jpg 300w, http:\/\/www.girosgourmet.com.br\/wp-content\/uploads\/2017\/06\/Compota-de-Ma\u00e7\u00e3-Org\u00e2nica-com-Sorvete-Artesanal-de-Chocolate-com-Pimenta_cr\u00e9ditos-Fredy-Uehara-Uehara-Fotografia-768x512.jpg 768w, http:\/\/www.girosgourmet.com.br\/wp-content\/uploads\/2017\/06\/Compota-de-Ma\u00e7\u00e3-Org\u00e2nica-com-Sorvete-Artesanal-de-Chocolate-com-Pimenta_cr\u00e9ditos-Fredy-Uehara-Uehara-Fotografia-1024x683.jpg 1024w\" sizes=\"auto, (max-width: 1728px) 100vw, 1728px\" \/><\/a><\/p>\n<p style=\"text-align: justify;\"><span style=\"color: #000000;\">E finalizamos com a compota de <strong>ma\u00e7\u00e3 Org\u00e2nica, sorvete artesanal de chocolate com pimenta, e raspas de chocolate Amma<\/strong>. Uma miscel\u00e2nea de sabores refrescantes.<\/span><\/p>\n<p style=\"text-align: justify;\"><span style=\"color: #000000;\">A experi\u00eancia \u00e9 deliciosa e com pre\u00e7os camaradas, o Festival vai at\u00e9 dia 19 de junho. Imperd\u00edvel!<\/span><\/p>\n<p style=\"text-align: justify;\"><span style=\"color: #000000;\"><strong>Servi\u00e7o:<br \/>\n<\/strong>Organic Food Fest (Off)<\/span><br \/>\n<span style=\"color: #0000ff;\"><a style=\"color: #0000ff;\" href=\"http:\/\/www.organicfoodfest.com.br\">www.organicfoodfest.com.br<\/a><br \/>\n<\/span><span style=\"color: #000000;\">Tel. 11 97390-6888<\/span><br \/>\n<span style=\"color: #000000;\">Facebook: \/organicfoodfest<\/span><br \/>\n<span style=\"color: #000000;\">Instagram: @organicfoodfest<\/span><br \/>\n<span style=\"color: #000000;\">Twitter: @organicoff<\/span><\/p>\n<iframe src=\"http:\/\/www.facebook.com\/plugins\/like.php?href=http:\/\/www.girosgourmet.com.br\/index.php\/4o-organic-food-fest-brinda-a-alta-gastronomia-organica\/&amp;layout=standard&amp;show_faces=1&amp;width=450&amp;action=like&amp;colorscheme=light&amp;font=\" scrolling=\"no\" frameborder=\"0\" style=\"border:none; overflow:hidden; width:450px; height:60px\"><\/iframe>","protected":false},"excerpt":{"rendered":"<p>Se voc\u00ea busca em um festival gastron\u00f4mico receitas que re\u00fanem sa\u00fade, sabor e frescor em um s\u00f3 prato, ent\u00e3o voc\u00ea n\u00e3o pode perder a 4\u00aa edi\u00e7\u00e3o do Organic Food Fest, que j\u00e1 est\u00e1 acontecendo desde o dia 05 em 30 restaurantes badalados do eixo Rio-S\u00e3o Paulo. O festival \u00e9 o [&hellip;]<\/p>\n","protected":false},"author":3,"featured_media":0,"comment_status":"open","ping_status":"closed","sticky":false,"template":"","format":"standard","meta":{"footnotes":""},"categories":[39],"tags":[1713,1692,1711,1712],"class_list":["post-7687","post","type-post","status-publish","format-standard","hentry","category-gastronomia","tag-chocolate-amma","tag-organic-food-fest-off","tag-organicos","tag-restaurante-canvas"],"_links":{"self":[{"href":"http:\/\/www.girosgourmet.com.br\/index.php\/wp-json\/wp\/v2\/posts\/7687","targetHints":{"allow":["GET"]}}],"collection":[{"href":"http:\/\/www.girosgourmet.com.br\/index.php\/wp-json\/wp\/v2\/posts"}],"about":[{"href":"http:\/\/www.girosgourmet.com.br\/index.php\/wp-json\/wp\/v2\/types\/post"}],"author":[{"embeddable":true,"href":"http:\/\/www.girosgourmet.com.br\/index.php\/wp-json\/wp\/v2\/users\/3"}],"replies":[{"embeddable":true,"href":"http:\/\/www.girosgourmet.com.br\/index.php\/wp-json\/wp\/v2\/comments?post=7687"}],"version-history":[{"count":3,"href":"http:\/\/www.girosgourmet.com.br\/index.php\/wp-json\/wp\/v2\/posts\/7687\/revisions"}],"predecessor-version":[{"id":7693,"href":"http:\/\/www.girosgourmet.com.br\/index.php\/wp-json\/wp\/v2\/posts\/7687\/revisions\/7693"}],"wp:attachment":[{"href":"http:\/\/www.girosgourmet.com.br\/index.php\/wp-json\/wp\/v2\/media?parent=7687"}],"wp:term":[{"taxonomy":"category","embeddable":true,"href":"http:\/\/www.girosgourmet.com.br\/index.php\/wp-json\/wp\/v2\/categories?post=7687"},{"taxonomy":"post_tag","embeddable":true,"href":"http:\/\/www.girosgourmet.com.br\/index.php\/wp-json\/wp\/v2\/tags?post=7687"}],"curies":[{"name":"wp","href":"https:\/\/api.w.org\/{rel}","templated":true}]}}