{"id":761,"date":"2010-09-19T22:43:08","date_gmt":"2010-09-20T01:43:08","guid":{"rendered":"http:\/\/www.closetonline.com.br\/blogcarla\/?p=761"},"modified":"2011-10-26T20:43:27","modified_gmt":"2011-10-26T23:43:27","slug":"historias-de-dragoes","status":"publish","type":"post","link":"http:\/\/www.girosgourmet.com.br\/index.php\/historias-de-dragoes\/","title":{"rendered":"Dica teatral no Rio de Janeiro-Hist\u00f3rias de Drag\u00f5es&#8230;."},"content":{"rendered":"<p style=\"text-align: justify;\"><span style=\"color: #000000;\">A pe\u00e7a \u00e9 inadjet\u00edvel&#8230;&#8230;os contos de Caio Fernando Abreu s\u00e3o sempre cheios de medo x loucura, amor x loucura&#8230;e um destes desdobramentos eu tive oportunidade de assistir, aqui no RJ, \u201cOs Drag\u00f5es\u201d&#8230;.um trabalho em torno de uma literatura peculiar.<\/span><\/p>\n<p style=\"text-align: justify;\"><span style=\"color: #000000;\">Baseado no livro \u201cOs Drag\u00f5es n\u00e3o conhecem o Para\u00edso\u201d, 1989, a hist\u00f3ria \u00e9 tratada atrav\u00e9s da vers\u00e3o carioca de Fernanda Boechat, e fala de amor e solid\u00e3o alinhavadas com certa dose de esperan\u00e7a \u00a0e loucura&#8230;<\/span><\/p>\n<p style=\"text-align: justify;\"><span style=\"color: #000000;\">A atriz consegue chegar sutilmente na sua ansiedade interior, atrav\u00e9s de v\u00e1rios pensamentos que temperam o ambiente de cheiros, sabores, afli\u00e7\u00f5es, medos&#8230;a pe\u00e7a se aproxima da plat\u00e9ia&#8230;Quando estava ali fui alimentada pelo meu pr\u00f3prio sentimento, pensamentos e fiquei pensando nos meu drag\u00f5es \u201cvis\u00edveis e invis\u00edveis\u201d&#8230;<\/span><\/p>\n<p style=\"text-align: justify;\"><span style=\"color: #000000;\">Em dias atuais ando curtindo uma atmosfera intimista, delicada e carinhosa, e sa\u00ed daquele teatro em busca de respostas pela sa\u00edda de um passado morno, para um futuro de felicidade imediato&#8230;.Neste momento querendo tudo que eu desejo e mere\u00e7o!!<\/span><\/p>\n<p style=\"text-align: justify;\"><span style=\"color: #000000;\">Um trecho me acompanhou durante a pe\u00e7a &#8220;\u00c9 dificil aprisionar os que tem asas&#8221;..Pessoas Queridas que estiverem na City Maravilhosa&#8230;assistam \u201cOs Drag\u00f5es\u201d e sua alma se despertar\u00e1 para si pr\u00f3prio! Beijosssssssssssssss<\/span><\/p>\n<p style=\"text-align: justify;\"><span style=\"color: #000000;\">PS- E ainda de quebra&#8230;.o visitante vai se deparar com uma super Exposi\u00e7\u00e3o de fotografia da super talentosa Carol Beirez, que nos \u201calimenta\u201d com suas imagens de Teatro \u00ecntimo&#8230;.me causou brilho nos olhos!<\/span><\/p>\n<p style=\"text-align: justify;\"><span style=\"color: #000000;\">\u00a0<\/span><\/p>\n<p style=\"text-align: center;\"><span style=\"color: #000000;\"><a href=\"http:\/\/www.closetonline.com.br\/blogcarla\/wp-content\/uploads\/2010\/09\/osdragoes.jpg\"><img loading=\"lazy\" decoding=\"async\" class=\"alignnone size-medium wp-image-762\" title=\"osdragoes\" src=\"http:\/\/www.closetonline.com.br\/blogcarla\/wp-content\/uploads\/2010\/09\/osdragoes-221x300.jpg\" alt=\"\" width=\"221\" height=\"300\" srcset=\"http:\/\/www.girosgourmet.com.br\/wp-content\/uploads\/2010\/09\/osdragoes-221x300.jpg 221w, http:\/\/www.girosgourmet.com.br\/wp-content\/uploads\/2010\/09\/osdragoes-110x150.jpg 110w, http:\/\/www.girosgourmet.com.br\/wp-content\/uploads\/2010\/09\/osdragoes.jpg 424w\" sizes=\"auto, (max-width: 221px) 100vw, 221px\" \/><\/a><\/span><\/p>\n<p style=\"text-align: justify;\"><span style=\"color: #000000;\">\u00a0<\/span><\/p>\n<p style=\"text-align: justify;\"><strong><span style=\"color: #000000;\">Servi\u00e7o<\/span><\/strong><\/p>\n<p style=\"text-align: justify;\"><span style=\"color: #000000;\">Os Drag\u00f5es- Espa\u00e7o II Solar de Botafogo<\/span><\/p>\n<p style=\"text-align: justify;\"><span style=\"color: #000000;\">Data: At\u00e9 17 de Outubro<\/span><\/p>\n<p style=\"text-align: justify;\"><span style=\"color: #000000;\">Sextas e S\u00e1bados 21h, Domingo 20h<\/span><\/p>\n<iframe src=\"http:\/\/www.facebook.com\/plugins\/like.php?href=http:\/\/www.girosgourmet.com.br\/index.php\/historias-de-dragoes\/&amp;layout=standard&amp;show_faces=1&amp;width=450&amp;action=like&amp;colorscheme=light&amp;font=\" scrolling=\"no\" frameborder=\"0\" style=\"border:none; overflow:hidden; width:450px; height:60px\"><\/iframe>","protected":false},"excerpt":{"rendered":"<p>A pe\u00e7a \u00e9 inadjet\u00edvel&#8230;&#8230;os contos de Caio Fernando Abreu s\u00e3o sempre cheios de medo x loucura, amor x loucura&#8230;e um destes desdobramentos eu tive oportunidade de assistir, aqui no RJ, \u201cOs Drag\u00f5es\u201d&#8230;.um trabalho em torno de uma literatura peculiar. Baseado no livro \u201cOs Drag\u00f5es n\u00e3o conhecem o Para\u00edso\u201d, 1989, a [&hellip;]<\/p>\n","protected":false},"author":3,"featured_media":0,"comment_status":"open","ping_status":"open","sticky":false,"template":"","format":"standard","meta":{"footnotes":""},"categories":[40,41],"tags":[605,604,161],"class_list":["post-761","post","type-post","status-publish","format-standard","hentry","category-culturamodabelezabem-estar","category-viagens","tag-caio-fernando-abreu","tag-fernanda-boechat","tag-teatro"],"_links":{"self":[{"href":"http:\/\/www.girosgourmet.com.br\/index.php\/wp-json\/wp\/v2\/posts\/761","targetHints":{"allow":["GET"]}}],"collection":[{"href":"http:\/\/www.girosgourmet.com.br\/index.php\/wp-json\/wp\/v2\/posts"}],"about":[{"href":"http:\/\/www.girosgourmet.com.br\/index.php\/wp-json\/wp\/v2\/types\/post"}],"author":[{"embeddable":true,"href":"http:\/\/www.girosgourmet.com.br\/index.php\/wp-json\/wp\/v2\/users\/3"}],"replies":[{"embeddable":true,"href":"http:\/\/www.girosgourmet.com.br\/index.php\/wp-json\/wp\/v2\/comments?post=761"}],"version-history":[{"count":4,"href":"http:\/\/www.girosgourmet.com.br\/index.php\/wp-json\/wp\/v2\/posts\/761\/revisions"}],"predecessor-version":[{"id":2801,"href":"http:\/\/www.girosgourmet.com.br\/index.php\/wp-json\/wp\/v2\/posts\/761\/revisions\/2801"}],"wp:attachment":[{"href":"http:\/\/www.girosgourmet.com.br\/index.php\/wp-json\/wp\/v2\/media?parent=761"}],"wp:term":[{"taxonomy":"category","embeddable":true,"href":"http:\/\/www.girosgourmet.com.br\/index.php\/wp-json\/wp\/v2\/categories?post=761"},{"taxonomy":"post_tag","embeddable":true,"href":"http:\/\/www.girosgourmet.com.br\/index.php\/wp-json\/wp\/v2\/tags?post=761"}],"curies":[{"name":"wp","href":"https:\/\/api.w.org\/{rel}","templated":true}]}}