{"id":7426,"date":"2016-06-01T16:35:05","date_gmt":"2016-06-01T19:35:05","guid":{"rendered":"http:\/\/www.myfashionlife.com.br\/?p=7426"},"modified":"2016-06-01T16:35:05","modified_gmt":"2016-06-01T19:35:05","slug":"museus-com-restaurantes-e-jardins-para-celebrar-dia-dos-namorados","status":"publish","type":"post","link":"http:\/\/www.girosgourmet.com.br\/index.php\/museus-com-restaurantes-e-jardins-para-celebrar-dia-dos-namorados\/","title":{"rendered":"Museus com restaurantes e jardins para celebrar Dia dos Namorados!"},"content":{"rendered":"<p style=\"text-align: justify;\">Que tal comemorar o <strong>Dia dos Namorados<\/strong> em um ambiente diferente? Diversos museus da <strong>Secretaria da Cultura do Estado de S\u00e3o Paulo<\/strong> possuem restaurantes para um almo\u00e7o ou jantar especial. Quem for durante o dia, poder\u00e1 aproveitar para conhecer as exposi\u00e7\u00f5es das institui\u00e7\u00f5es e\u00a0 visitar belos jardins que deixar\u00e3o o passeio ainda mais rom\u00e2ntico.<\/p>\n<p style=\"text-align: justify;\">Confira algumas sugest\u00f5es de Museus com restaurantes e jardins para passar o Dia dos Namorados:<\/p>\n<p style=\"text-align: justify;\"><strong><u>Museu da Imagem e do Som \u2013 MIS<\/u><\/strong><\/p>\n<p style=\"text-align: center;\"><a href=\"http:\/\/www.myfashionlife.com.br\/index.php\/museus-com-restaurantes-e-jardins-para-celebrar-dia-dos-namorados\/mis-2\/\" rel=\"attachment wp-att-7427\"><img loading=\"lazy\" decoding=\"async\" class=\"aligncenter size-full wp-image-7427\" src=\"http:\/\/www.myfashionlife.com.br\/wp-content\/uploads\/2016\/06\/MIS.jpg\" alt=\"MIS\" width=\"620\" height=\"408\" srcset=\"http:\/\/www.girosgourmet.com.br\/wp-content\/uploads\/2016\/06\/MIS.jpg 620w, http:\/\/www.girosgourmet.com.br\/wp-content\/uploads\/2016\/06\/MIS-300x197.jpg 300w, http:\/\/www.girosgourmet.com.br\/wp-content\/uploads\/2016\/06\/MIS-588x387.jpg 588w\" sizes=\"auto, (max-width: 620px) 100vw, 620px\" \/><\/a><\/p>\n<p style=\"text-align: justify;\">O MIS \u00e9 mais do que um centro de documenta\u00e7\u00e3o de legados art\u00edsticos de imagem e som, \u00e9 um espa\u00e7o de encontro para a popula\u00e7\u00e3o de S\u00e3o Paulo. Oferece programa\u00e7\u00e3o art\u00edstica plural, contemplando diferentes linguagens e t\u00e9cnicas. No local tamb\u00e9m h\u00e1 o restaurante <strong>Chez MIS,<\/strong> com um card\u00e1pio contempor\u00e2neo, inclui entradas, sandu\u00edches e pratos elaborados, o ambiente descolado tem vista do jardim do museu e \u00e9 perfeito para um jantar a dois.<\/p>\n<p style=\"text-align: justify;\"><strong>Servi\u00e7o<br \/>\n<\/strong>Endere\u00e7o: Avenida Europa, 158, Jardim Europa, S\u00e3o Paulo<br \/>\n<strong>Chez Mis-\u00a0<\/strong>Ter\u00e7a a sexta-feira: das 12:00 at\u00e9 meia-noite, s\u00e1bado: das 12:30 at\u00e9 meia-noite e domingo: das 12:30 at\u00e9 17:00.<br \/>\nInforma\u00e7\u00f5es e reservas: (11) 3467.3441 &#8211; <a href=\"mailto:infos@chezmis.com.br\">infos@chezmis.com.br<br \/>\n<\/a><a href=\"http:\/\/www.imcgrupo.com\/link.php?code=bDpodHRwJTNBJTJGJTJGd3d3Lm1pcy1zcC5vcmcuYnIlMkY6MTA5OTU2NTczMTpnaXJvc0Bkcm9wc21hZ2F6aW5lLmNvbS5icjpmZTQ1YzU5YTFjZWVhZTJjOTI2Y2RlZDUyNWU4ZmI4MWQ2\">www.mis-sp.org.br<\/a><\/p>\n<p style=\"text-align: justify;\">\n<p style=\"text-align: justify;\"><strong><u>Museu da Casa Brasileira<\/u><\/strong><\/p>\n<p style=\"text-align: center;\"><a href=\"http:\/\/www.myfashionlife.com.br\/index.php\/museus-com-restaurantes-e-jardins-para-celebrar-dia-dos-namorados\/museu-casa-brasileiro\/\" rel=\"attachment wp-att-7428\"><img loading=\"lazy\" decoding=\"async\" class=\"aligncenter size-full wp-image-7428\" src=\"http:\/\/www.myfashionlife.com.br\/wp-content\/uploads\/2016\/06\/museu-casa-brasileiro.jpg\" alt=\"museu casa brasileiro\" width=\"620\" height=\"412\" srcset=\"http:\/\/www.girosgourmet.com.br\/wp-content\/uploads\/2016\/06\/museu-casa-brasileiro.jpg 620w, http:\/\/www.girosgourmet.com.br\/wp-content\/uploads\/2016\/06\/museu-casa-brasileiro-300x199.jpg 300w, http:\/\/www.girosgourmet.com.br\/wp-content\/uploads\/2016\/06\/museu-casa-brasileiro-588x391.jpg 588w\" sizes=\"auto, (max-width: 620px) 100vw, 620px\" \/><\/a><\/p>\n<p style=\"text-align: justify;\">Localizado em plena Avenida Brigadeiro Faria Lima, o Museu da Casa Brasileira abriga o restaurante <strong>Santinho MCB<\/strong>, comandado pela chef Morena Leite, que traz sabores da casa brasileira em buffet de almo\u00e7o, pratos \u00e0 la carte e lanches, de ter\u00e7a a domingo. O espa\u00e7o possui ainda um lindo jardim com 6.600m\u00b2, ideal para se sentir mais pr\u00f3ximo \u00e0 natureza em meio a uma das avenidas mais movimentadas de S\u00e3o Paulo.<\/p>\n<p style=\"text-align: justify;\"><strong>Servi\u00e7o<br \/>\n<\/strong>Av. Brigadeiro Faria Lima, 2705 &#8211; Jardim Paulistano &#8211; S\u00e3o Paulo-SP<br \/>\n(11) 3032-3727 \/ 3032-2564<br \/>\n<strong>Restaurante Santinho<br \/>\n<\/strong>Informa\u00e7\u00f5es e reservas: (11) 3032.2277 ou <a href=\"mailto:mcb.reservas@restaurantesantinho.com.br\">mcb.reservas@restaurantesantinho.com.br<br \/>\n<\/a><a href=\"http:\/\/www.imcgrupo.com\/link.php?code=bDpodHRwJTNBJTJGJTJGd3d3Lm1jYi5vcmcuYnIlMkY6MTA5OTU2NTczMTpnaXJvc0Bkcm9wc21hZ2F6aW5lLmNvbS5icjoxYmE1YWE5YjJmNTliNDdhY2Y0NWYzNTdiYmZkNjY0NThj\">www.mcb.org.br<\/a><\/p>\n<p style=\"text-align: justify;\">\n<p style=\"text-align: justify;\"><strong><u>Pinacoteca do Estado<\/u><\/strong><\/p>\n<p style=\"text-align: center;\"><a href=\"http:\/\/www.myfashionlife.com.br\/index.php\/museus-com-restaurantes-e-jardins-para-celebrar-dia-dos-namorados\/flor-cafe-02\/\" rel=\"attachment wp-att-7429\"><img loading=\"lazy\" decoding=\"async\" class=\"aligncenter size-full wp-image-7429\" src=\"http:\/\/www.myfashionlife.com.br\/wp-content\/uploads\/2016\/06\/flor-cafe-02.jpeg\" alt=\"flor-cafe-02\" width=\"800\" height=\"450\" srcset=\"http:\/\/www.girosgourmet.com.br\/wp-content\/uploads\/2016\/06\/flor-cafe-02.jpeg 800w, http:\/\/www.girosgourmet.com.br\/wp-content\/uploads\/2016\/06\/flor-cafe-02-300x169.jpeg 300w, http:\/\/www.girosgourmet.com.br\/wp-content\/uploads\/2016\/06\/flor-cafe-02-768x432.jpeg 768w, http:\/\/www.girosgourmet.com.br\/wp-content\/uploads\/2016\/06\/flor-cafe-02-588x331.jpeg 588w\" sizes=\"auto, (max-width: 800px) 100vw, 800px\" \/><\/a><\/p>\n<p style=\"text-align: justify;\">A Pinacoteca do Estado \u00e9 o museu de arte mais antigo da cidade de S\u00e3o Paulo e um dos mais importantes do Brasil. O edif\u00edcio projetado pelo arquiteto Ramos de Azevedo apresenta estilo neocl\u00e1ssico. Constru\u00eddo em alvenaria de tijolos, os pisos s\u00e3o revestidos de m\u00e1rmore e de lajotas cer\u00e2micas, as portas em madeira trabalhada e a cobertura em telhas francesas. No espa\u00e7o, localizado na Pra\u00e7a da Luz, s\/n\u00ba, os casais podem optar por degustar do card\u00e1pio da <strong>Cafeteria<\/strong> <strong>Flor Caf\u00e9<\/strong>, que oferece diversas op\u00e7\u00f5es para lanches e almo\u00e7os r\u00e1pidos.\u00a0 Aproveite para visitar as exposi\u00e7\u00f5es do espa\u00e7o e conhecer o acervo.<\/p>\n<p style=\"text-align: justify;\"><strong>Servi\u00e7o<br \/>\n<\/strong>Pra\u00e7a da Luz, 02 \u2013 Luz, S\u00e3o Paulo \u2013 SP<br \/>\nTelefone: (11) 3324-1000<br \/>\n<strong>Flor Caf\u00e9<br \/>\n<\/strong>Informa\u00e7\u00f5es e reservas: (11)3313-1583<br \/>\nHor\u00e1rio Ter. e qua., 10h-17h30; qui., 10h-17h30; sex. e s\u00e1b., 10h-17h30.<br \/>\n<a href=\"http:\/\/www.imcgrupo.com\/link.php?code=bDpodHRwJTNBJTJGJTJGd3d3LnBpbmFjb3RlY2Eub3JnLmJyJTJGOjEwOTk1NjU3MzE6Z2lyb3NAZHJvcHNtYWdhemluZS5jb20uYnI6YjRhNDRkYzZmOTUzNzI5MDAwOWI2NjlhNGIyOTAwYjFkNA==\">www.pinacoteca.org.br<\/a><\/p>\n<p style=\"text-align: justify;\">\n<p style=\"text-align: justify;\"><strong><u>Museu de Arte Sacra<\/u><\/strong><\/p>\n<p style=\"text-align: center;\"><a href=\"http:\/\/www.myfashionlife.com.br\/index.php\/museus-com-restaurantes-e-jardins-para-celebrar-dia-dos-namorados\/museu-arte-sacra\/\" rel=\"attachment wp-att-7430\"><img loading=\"lazy\" decoding=\"async\" class=\"aligncenter size-full wp-image-7430\" src=\"http:\/\/www.myfashionlife.com.br\/wp-content\/uploads\/2016\/06\/museu-arte-sacra.png\" alt=\"museu arte sacra\" width=\"720\" height=\"393\" srcset=\"http:\/\/www.girosgourmet.com.br\/wp-content\/uploads\/2016\/06\/museu-arte-sacra.png 720w, http:\/\/www.girosgourmet.com.br\/wp-content\/uploads\/2016\/06\/museu-arte-sacra-300x164.png 300w, http:\/\/www.girosgourmet.com.br\/wp-content\/uploads\/2016\/06\/museu-arte-sacra-588x321.png 588w\" sizes=\"auto, (max-width: 720px) 100vw, 720px\" \/><\/a><\/p>\n<p style=\"text-align: justify;\">Muitas pessoas n\u00e3o sabem, mas o Museu da Arte Sacra, localizado na Avenida Tiradentes, possui um lindo jardim interno com bancos para descanso, um delicado gramado e plantas baixas. \u00d3tima op\u00e7\u00e3o de descanso para quem quer fazer um tour tanto pelo Museu da Arte Sacra quanto pelos outros da regi\u00e3o \u2013 Pinacoteca, Esta\u00e7\u00e3o Pinacoteca e Memorial da Resist\u00eancia.<\/p>\n<p style=\"text-align: justify;\"><strong>Servi\u00e7o<br \/>\n<\/strong>Av. Tiradentes, 676 &#8211; Luz &#8211; S\u00e3o Paulo-SP &#8211; Metr\u00f4 Tiradentes (60m)<br \/>\nTelefone: (11) 3326.3336<br \/>\nFuncionamento: de ter\u00e7a a sexta, das 9h \u00e0s 17h; s\u00e1bados e domingos, das 10 \u00e0s 18h.<br \/>\nR$ 6,00 | Gr\u00e1tis aos s\u00e1bados<br \/>\nEntrada gratuita para maiores de 60 anos, crian\u00e7as at\u00e9 7 anos, professores da rede p\u00fablica (com identifica\u00e7\u00e3o) e at\u00e9 4 acompanhantes<br \/>\n<a href=\"http:\/\/www.imcgrupo.com\/link.php?code=bDpodHRwJTNBJTJGJTJGd3d3Lm11c2V1YXJ0ZXNhY3JhLm9yZy5iciUyRjoxMDk5NTY1NzMxOmdpcm9zQGRyb3BzbWFnYXppbmUuY29tLmJyOjgyODM4ZjdkZDFlOTJhYTVhNmFhYzJmYjhmZTU5ZjM5YzQ=\">www.museuartesacra.org.br<\/a><\/p>\n<p style=\"text-align: justify;\">\n<p style=\"text-align: justify;\"><strong><u>Casa das Rosas<\/u><\/strong><\/p>\n<p style=\"text-align: center;\"><a href=\"http:\/\/www.myfashionlife.com.br\/index.php\/museus-com-restaurantes-e-jardins-para-celebrar-dia-dos-namorados\/casadasrosas\/\" rel=\"attachment wp-att-7431\"><img loading=\"lazy\" decoding=\"async\" class=\"aligncenter size-full wp-image-7431\" src=\"http:\/\/www.myfashionlife.com.br\/wp-content\/uploads\/2016\/06\/CasaDasRosas.jpg\" alt=\"CasaDasRosas\" width=\"600\" height=\"398\" srcset=\"http:\/\/www.girosgourmet.com.br\/wp-content\/uploads\/2016\/06\/CasaDasRosas.jpg 600w, http:\/\/www.girosgourmet.com.br\/wp-content\/uploads\/2016\/06\/CasaDasRosas-300x199.jpg 300w, http:\/\/www.girosgourmet.com.br\/wp-content\/uploads\/2016\/06\/CasaDasRosas-588x390.jpg 588w\" sizes=\"auto, (max-width: 600px) 100vw, 600px\" \/><\/a><\/p>\n<p style=\"text-align: justify;\">Localizada na Avenida Paulista, a Casa das Rosas \u2013 Espa\u00e7o Haroldo de Campos de Poesia e Literatura \u00e9 um dos poucos exemplares de mans\u00f5es da avenida que sobrevivem ao tempo. O espa\u00e7o, conhecido como \u201ccasa da poesia\u201d, oferece cursos, oficinas, exposi\u00e7\u00f5es e eventos como a Virada da Poesia e o Arrai\u00e1 da Casa das Rosas. Seu jardim, repleto de rosas, \u00e9 considerado um dos mais bonitos da cidade. H\u00e1 sempre programa\u00e7\u00e3o cultural no jardim do espa\u00e7o como exibi\u00e7\u00e3o de filmes.<\/p>\n<p style=\"text-align: justify;\"><strong>Servi\u00e7o:<br \/>\n<\/strong>Av. Paulista, 37 &#8211; Bela Vista &#8211; S\u00e3o Paulo-SP<br \/>\nEsta\u00e7\u00e3o Brigadeiro do Metr\u00f4 (850m)<br \/>\n(11) 3285-6986 | 3288-9447<br \/>\nFuncionamento: de ter\u00e7a a s\u00e1bado, das 10h \u00e0s 22h | domingos e feriados, das 10h \u00e0s 18h.<br \/>\nGr\u00e1tis<br \/>\n<a href=\"http:\/\/www.imcgrupo.com\/link.php?code=bDpodHRwJTNBJTJGJTJGd3d3LmNhc2FkYXNyb3Nhcy5vcmcuYnIlMkY6MTA5OTU2NTczMTpnaXJvc0Bkcm9wc21hZ2F6aW5lLmNvbS5icjo5NjdlMDU5MDAzMDBmZDcxOWI1YjY0ODA5MjExMTI1ZWJh\">www.casadasrosas.org.br<\/a><\/p>\n<p>&nbsp;<\/p>\n<p style=\"text-align: justify;\"><strong><u>Museu da Imigra\u00e7\u00e3o<\/u><\/strong><\/p>\n<p style=\"text-align: center;\"><a href=\"http:\/\/www.myfashionlife.com.br\/index.php\/museus-com-restaurantes-e-jardins-para-celebrar-dia-dos-namorados\/museu-da-imigracao-sp\/\" rel=\"attachment wp-att-7432\"><img loading=\"lazy\" decoding=\"async\" class=\"aligncenter size-full wp-image-7432\" src=\"http:\/\/www.myfashionlife.com.br\/wp-content\/uploads\/2016\/06\/museu-da-imigracao-sp.jpg\" alt=\"museu-da-imigracao-sp\" width=\"780\" height=\"520\" srcset=\"http:\/\/www.girosgourmet.com.br\/wp-content\/uploads\/2016\/06\/museu-da-imigracao-sp.jpg 780w, http:\/\/www.girosgourmet.com.br\/wp-content\/uploads\/2016\/06\/museu-da-imigracao-sp-300x200.jpg 300w, http:\/\/www.girosgourmet.com.br\/wp-content\/uploads\/2016\/06\/museu-da-imigracao-sp-768x512.jpg 768w, http:\/\/www.girosgourmet.com.br\/wp-content\/uploads\/2016\/06\/museu-da-imigracao-sp-588x392.jpg 588w\" sizes=\"auto, (max-width: 780px) 100vw, 780px\" \/><\/a><\/p>\n<p style=\"text-align: justify;\">Reinaugurado em 2014, o Museu da Imigra\u00e7\u00e3o fica na Mooca e tem um jardim que mais se parece um parque, com 2.900m\u00b2, que atrai muitos visitantes do bairro. Possui v\u00e1rias esp\u00e9cies de \u00e1rvores e plantas, entre elas duas figueiras com mais de meio s\u00e9culo de exist\u00eancia. \u00d3timo para piqueniques, encontros, leituras e at\u00e9 pr\u00e1tica de yoga, o espa\u00e7o conta com mobili\u00e1rios r\u00fasticos para os visitantes aproveitarem ainda mais o espa\u00e7o. H\u00e1 sempre programa\u00e7\u00e3o cultural no gramado, com m\u00fasica, dan\u00e7a, cinema e teatro.<\/p>\n<p><strong>Servi\u00e7o<br \/>\n<\/strong>Endere\u00e7o: Rua Visconde de Parna\u00edba, 1316, no bairro da Mooca, em S\u00e3o Paulo.<br \/>\nTelefone (11) 2692-1866<br \/>\nO hor\u00e1rio de funcionamento \u00e9 de ter\u00e7a a s\u00e1bado, das 9h \u00e0s 17h, e aos domingos e feriados das 10h \u00e0s 17h.<br \/>\nR$ 6,00 |\u00a0 Gr\u00e1tis aos s\u00e1bados.<br \/>\n<a href=\"http:\/\/www.imcgrupo.com\/link.php?code=bDpodHRwJTNBJTJGJTJGbXVzZXVkYWltaWdyYWNhby5vcmcuYnIlMkY6MTA5OTU2NTczMTpnaXJvc0Bkcm9wc21hZ2F6aW5lLmNvbS5icjo4MTMwMDQ1YTg5MjIzZTNmM2ZlYmRmODY1ZjBiOTZiZTg2\">http:\/\/museudaimigracao.org.br\/<\/a><\/p>\n<p>&nbsp;<\/p>\n<p><strong><u>Museu Afro Brasil<\/u><\/strong><\/p>\n<p style=\"text-align: center;\"><a href=\"http:\/\/www.myfashionlife.com.br\/index.php\/museus-com-restaurantes-e-jardins-para-celebrar-dia-dos-namorados\/afro01gd\/\" rel=\"attachment wp-att-7433\"><img loading=\"lazy\" decoding=\"async\" class=\"aligncenter size-full wp-image-7433\" src=\"http:\/\/www.myfashionlife.com.br\/wp-content\/uploads\/2016\/06\/afro01GD.jpg\" alt=\"afro01GD\" width=\"1200\" height=\"800\" srcset=\"http:\/\/www.girosgourmet.com.br\/wp-content\/uploads\/2016\/06\/afro01GD.jpg 1200w, http:\/\/www.girosgourmet.com.br\/wp-content\/uploads\/2016\/06\/afro01GD-300x200.jpg 300w, http:\/\/www.girosgourmet.com.br\/wp-content\/uploads\/2016\/06\/afro01GD-768x512.jpg 768w, http:\/\/www.girosgourmet.com.br\/wp-content\/uploads\/2016\/06\/afro01GD-1024x683.jpg 1024w, http:\/\/www.girosgourmet.com.br\/wp-content\/uploads\/2016\/06\/afro01GD-588x392.jpg 588w\" sizes=\"auto, (max-width: 1200px) 100vw, 1200px\" \/><\/a><\/p>\n<p style=\"text-align: justify;\">Localizado no Parque Ibirapuera, em um dos mais conhecidos e visitado de S\u00e3o Paulo, o Museu Afro Brasil re\u00fane um acervo com mais de 6 mil obras, entre pinturas, esculturas, gravuras, fotografias, documentos e pe\u00e7as etnol\u00f3gicas, de autores brasileiros e estrangeiros, produzidos entre o s\u00e9culo XVIII e os dias de hoje.\u00a0 Al\u00e9m das atra\u00e7\u00f5es do museu, o visitante tamb\u00e9m conta com uma \u00e1rea verde do Parque de 1,584 km\u00b2, tr\u00eas lagos artificiais, pista de cooper, parque infantil, ciclofaixa, biciclet\u00e1rio, quadras poliesportivas, campos de futebol, aparelhos de gin\u00e1stica, entre outras tantas atra\u00e7\u00f5es.<\/p>\n<p><strong>Servi\u00e7o:<br \/>\n<\/strong>Museu Afro Brasil<br \/>\nAv. Pedro \u00c1lvares Cabral, s\/n &#8211; Parque Ibirapuera &#8211; Port\u00e3o 10<br \/>\nTelefone: 11 3320-8900<br \/>\nFuncionamento: de ter\u00e7a a domingo, das 10h \u00e0s 18h<br \/>\nR$ 6,00 | Gr\u00e1tis aos s\u00e1bados<br \/>\n<a href=\"http:\/\/www.imcgrupo.com\/link.php?code=bDpodHRwJTNBJTJGJTJGd3d3Lm11c2V1YWZyb2JyYXNpbC5vcmcuYnIlMkY6MTA5OTU2NTczMTpnaXJvc0Bkcm9wc21hZ2F6aW5lLmNvbS5icjpmOTQ4ZGY5MDhjNGI1MWFiODJhZjg1M2MyMWIwODliYTcx\">www.museuafrobrasil.org.br<\/a><\/p>\n<p>&nbsp;<\/p>\n<p>&nbsp;<\/p>\n<iframe src=\"http:\/\/www.facebook.com\/plugins\/like.php?href=http:\/\/www.girosgourmet.com.br\/index.php\/museus-com-restaurantes-e-jardins-para-celebrar-dia-dos-namorados\/&amp;layout=standard&amp;show_faces=1&amp;width=450&amp;action=like&amp;colorscheme=light&amp;font=\" scrolling=\"no\" frameborder=\"0\" style=\"border:none; overflow:hidden; width:450px; height:60px\"><\/iframe>","protected":false},"excerpt":{"rendered":"<p>Que tal comemorar o Dia dos Namorados em um ambiente diferente? Diversos museus da Secretaria da Cultura do Estado de S\u00e3o Paulo possuem restaurantes para um almo\u00e7o ou jantar especial. Quem for durante o dia, poder\u00e1 aproveitar para conhecer as exposi\u00e7\u00f5es das institui\u00e7\u00f5es e\u00a0 visitar belos jardins que deixar\u00e3o o [&hellip;]<\/p>\n","protected":false},"author":3,"featured_media":0,"comment_status":"open","ping_status":"closed","sticky":false,"template":"","format":"standard","meta":{"footnotes":""},"categories":[39],"tags":[245,442,1658,1657,1660,1654,1659,1655,1656],"class_list":["post-7426","post","type-post","status-publish","format-standard","hentry","category-gastronomia","tag-dia-dos-namorados","tag-jardins","tag-museu-da-casa-brasileira","tag-museu-da-imagem-e-do-som-mis","tag-museu-da-imigracao","tag-museus","tag-pinacoteca-do-estado","tag-restaurantes","tag-secretaria-da-cultura-do-estado-de-sao-paulo"],"_links":{"self":[{"href":"http:\/\/www.girosgourmet.com.br\/index.php\/wp-json\/wp\/v2\/posts\/7426","targetHints":{"allow":["GET"]}}],"collection":[{"href":"http:\/\/www.girosgourmet.com.br\/index.php\/wp-json\/wp\/v2\/posts"}],"about":[{"href":"http:\/\/www.girosgourmet.com.br\/index.php\/wp-json\/wp\/v2\/types\/post"}],"author":[{"embeddable":true,"href":"http:\/\/www.girosgourmet.com.br\/index.php\/wp-json\/wp\/v2\/users\/3"}],"replies":[{"embeddable":true,"href":"http:\/\/www.girosgourmet.com.br\/index.php\/wp-json\/wp\/v2\/comments?post=7426"}],"version-history":[{"count":2,"href":"http:\/\/www.girosgourmet.com.br\/index.php\/wp-json\/wp\/v2\/posts\/7426\/revisions"}],"predecessor-version":[{"id":7435,"href":"http:\/\/www.girosgourmet.com.br\/index.php\/wp-json\/wp\/v2\/posts\/7426\/revisions\/7435"}],"wp:attachment":[{"href":"http:\/\/www.girosgourmet.com.br\/index.php\/wp-json\/wp\/v2\/media?parent=7426"}],"wp:term":[{"taxonomy":"category","embeddable":true,"href":"http:\/\/www.girosgourmet.com.br\/index.php\/wp-json\/wp\/v2\/categories?post=7426"},{"taxonomy":"post_tag","embeddable":true,"href":"http:\/\/www.girosgourmet.com.br\/index.php\/wp-json\/wp\/v2\/tags?post=7426"}],"curies":[{"name":"wp","href":"https:\/\/api.w.org\/{rel}","templated":true}]}}