{"id":7422,"date":"2016-05-30T14:47:41","date_gmt":"2016-05-30T17:47:41","guid":{"rendered":"http:\/\/www.myfashionlife.com.br\/?p=7422"},"modified":"2016-05-30T14:47:41","modified_gmt":"2016-05-30T17:47:41","slug":"livro-revela-cultura-alimentar-do-brasil-franca-italia-india-e-japao","status":"publish","type":"post","link":"http:\/\/www.girosgourmet.com.br\/index.php\/livro-revela-cultura-alimentar-do-brasil-franca-italia-india-e-japao\/","title":{"rendered":"Livro revela cultura alimentar do Brasil, Fran\u00e7a, It\u00e1lia, \u00cdndia e Jap\u00e3o !"},"content":{"rendered":"<p style=\"text-align: center;\"><a href=\"http:\/\/www.myfashionlife.com.br\/index.php\/livro-revela-cultura-alimentar-do-brasil-franca-italia-india-e-japao\/capa-2\/\" rel=\"attachment wp-att-7423\"><img loading=\"lazy\" decoding=\"async\" class=\"aligncenter  wp-image-7423\" src=\"http:\/\/www.myfashionlife.com.br\/wp-content\/uploads\/2016\/05\/Capa.jpg\" alt=\"Capa\" width=\"718\" height=\"762\" srcset=\"http:\/\/www.girosgourmet.com.br\/wp-content\/uploads\/2016\/05\/Capa.jpg 1181w, http:\/\/www.girosgourmet.com.br\/wp-content\/uploads\/2016\/05\/Capa-283x300.jpg 283w, http:\/\/www.girosgourmet.com.br\/wp-content\/uploads\/2016\/05\/Capa-768x814.jpg 768w, http:\/\/www.girosgourmet.com.br\/wp-content\/uploads\/2016\/05\/Capa-966x1024.jpg 966w, http:\/\/www.girosgourmet.com.br\/wp-content\/uploads\/2016\/05\/Capa-588x623.jpg 588w\" sizes=\"auto, (max-width: 718px) 100vw, 718px\" \/><\/a><\/p>\n<p style=\"text-align: justify;\"><span style=\"color: #000000;\">Cinco chefs, cinco tradi\u00e7\u00f5es culin\u00e1rias e 50 receitas inspiradoras. Essa \u00e9 a proposta da obra <strong>O Sabor da Arte<\/strong>, que ser\u00e1 lan\u00e7ada, em noite de aut\u00f3grafos, nos dias 07\/06\/16, no Museu da Casa Brasileira, no Jardim Europa, e em 09\/06, na Livraria da Vila, em Pinheiros, em S\u00e3o Paulo. Com textos do jornalista gastron\u00f4mico <strong>Xavier Bartaburu<\/strong> e fotos de Romulo Fialdini, a obra analisa as rela\u00e7\u00f5es entre cultura e alimenta\u00e7\u00e3o dos cinco pa\u00edses reconhecidos como os de culin\u00e1ria mais saud\u00e1vel do mundo, Brasil, Fran\u00e7a, It\u00e1lia, \u00cdndia e Jap\u00e3o. Ao final, traz, ainda, um gloss\u00e1rio com ingredientes identificados por m\u00e9dicos e nutricionistas como &#8220;superalimentos&#8221;, ricos em antioxidantes e fitonutrientes essenciais ao bom funcionamento do organismo, com verbetes que v\u00e3o de &#8220;ab\u00f3bora&#8221; a &#8220;tub\u00e9rculos e ra\u00edzes&#8221;.<\/span><\/p>\n<p style=\"text-align: justify;\"><span style=\"color: #000000;\">Assim, a <strong>chef Morena Leite<\/strong> (dos restaurantes Capim Santo e Santinho) se dedica \u00e0 culin\u00e1ria brasileira; <strong>Tatiana Cardoso<\/strong> (do premiado Moinho de Pedra) assina as receitas da culin\u00e1ria italiana; <strong>Danielle Dahoui<\/strong> (do charmoso Ruella), a culin\u00e1ria francesa; <strong>Madhava Lila<\/strong> (do pioneiro Gopala) ensina receitas da tradi\u00e7\u00e3o indiana e <strong>Shinya Koike<\/strong> (dos restaurantes Aizom\u00ea e Sakagura A1), as japonesas. Alguns dos chefs mais importantes em atua\u00e7\u00e3o no cen\u00e1rio gastron\u00f4mico brasileiro. &#8220;Jap\u00e3o, Fran\u00e7a e It\u00e1lia t\u00eam a popula\u00e7\u00e3o mais longeva do mundo. A \u00cdndia, por sua vez, desenvolveu h\u00e1 4 mil anos um sistema de cura baseado na alimenta\u00e7\u00e3o. Quanto ao Brasil, a ideia foi revelar o quanto a nossa dieta tradicional \u00e9 equilibrada do ponto de vista nutricional&#8221;, explica o autor Xavier Bartaburu. <\/span><\/p>\n<p style=\"text-align: justify;\"><span style=\"color: #000000;\">Com produ\u00e7\u00e3o executiva e organiza\u00e7\u00e3o de <strong>Kazue Kodama<\/strong>, o projeto levou um ano para ficar pronto. De car\u00e1ter sociocultural e educacional, <i>O Sabor da Arte<\/i> ter\u00e1 70% de sua tiragem doada \u00e0 ADJ Diabetes Brasil, organiza\u00e7\u00e3o sem fins lucrativos que h\u00e1 36 anos promove educa\u00e7\u00e3o para pessoas com diabetes, familiares, profissionais de sa\u00fade e comunidade.<\/span><\/p>\n<p><span style=\"color: #000000;\"><b>Ficha t\u00e9cnica:<\/b><u><\/u><u><\/u><\/span><\/p>\n<p><span style=\"color: #000000;\">T\u00edtulo: <i>O Sabor da Arte<br \/>\n<\/i>Autor: Xavier Bartaburu<\/span><br \/>\n<span style=\"color: #000000;\">Fotos: Romulo Fialdini<\/span><br \/>\n<span style=\"color: #000000;\">Ipsis Gr\u00e1fica e Editora, S\u00e3o Paulo, junho de 2016.<\/span><br \/>\n<span style=\"color: #000000;\">Formato: 24 cm x 25 cm<\/span><br \/>\n<span style=\"color: #000000;\">P\u00e1ginas: 192 p\u00e1ginas.<\/span><br \/>\n<span style=\"color: #000000;\">Pre\u00e7o: R$ 79,90<\/span><br \/>\n<span style=\"color: #000000;\">Onde comprar: nas principais livrarias do pa\u00eds<\/span><br \/>\n<span style=\"color: #000000;\">Vendas on-line:<\/span> <a href=\"https:\/\/www.google.com.br\/url?sa=t&amp;rct=j&amp;q=&amp;esrc=s&amp;source=web&amp;cd=1&amp;cad=rja&amp;uact=8&amp;sqi=2&amp;ved=0ahUKEwiAsMj7h9_MAhUJhpAKHX3hAyEQFggkMAA&amp;url=https%3A%2F%2Fwww.livrariadavila.com.br%2F&amp;usg=AFQjCNGBAsugFOHGTBE_Rcn2cLs_5bVxAg&amp;bvm=bv.122129774,d.Y2I\" target=\"_blank\">www.livrariadavila.com.br<br \/>\n<\/a><span style=\"color: #000000;\">Contato: Tel. 11 3675-3266 (ADJ Diab\u00e9ticos Brasil,<\/span> <a href=\"http:\/\/www.adj.org.br\/\" target=\"_blank\">www.adj.org.br<\/a>)<\/p>\n<iframe src=\"http:\/\/www.facebook.com\/plugins\/like.php?href=http:\/\/www.girosgourmet.com.br\/index.php\/livro-revela-cultura-alimentar-do-brasil-franca-italia-india-e-japao\/&amp;layout=standard&amp;show_faces=1&amp;width=450&amp;action=like&amp;colorscheme=light&amp;font=\" scrolling=\"no\" frameborder=\"0\" style=\"border:none; overflow:hidden; width:450px; height:60px\"><\/iframe>","protected":false},"excerpt":{"rendered":"<p>Cinco chefs, cinco tradi\u00e7\u00f5es culin\u00e1rias e 50 receitas inspiradoras. Essa \u00e9 a proposta da obra O Sabor da Arte, que ser\u00e1 lan\u00e7ada, em noite de aut\u00f3grafos, nos dias 07\/06\/16, no Museu da Casa Brasileira, no Jardim Europa, e em 09\/06, na Livraria da Vila, em Pinheiros, em S\u00e3o Paulo. Com [&hellip;]<\/p>\n","protected":false},"author":3,"featured_media":0,"comment_status":"open","ping_status":"closed","sticky":false,"template":"","format":"standard","meta":{"footnotes":""},"categories":[39],"tags":[58,1653,1652],"class_list":["post-7422","post","type-post","status-publish","format-standard","hentry","category-gastronomia","tag-livro","tag-morena-leite","tag-o-sabor-da-arte"],"_links":{"self":[{"href":"http:\/\/www.girosgourmet.com.br\/index.php\/wp-json\/wp\/v2\/posts\/7422","targetHints":{"allow":["GET"]}}],"collection":[{"href":"http:\/\/www.girosgourmet.com.br\/index.php\/wp-json\/wp\/v2\/posts"}],"about":[{"href":"http:\/\/www.girosgourmet.com.br\/index.php\/wp-json\/wp\/v2\/types\/post"}],"author":[{"embeddable":true,"href":"http:\/\/www.girosgourmet.com.br\/index.php\/wp-json\/wp\/v2\/users\/3"}],"replies":[{"embeddable":true,"href":"http:\/\/www.girosgourmet.com.br\/index.php\/wp-json\/wp\/v2\/comments?post=7422"}],"version-history":[{"count":2,"href":"http:\/\/www.girosgourmet.com.br\/index.php\/wp-json\/wp\/v2\/posts\/7422\/revisions"}],"predecessor-version":[{"id":7425,"href":"http:\/\/www.girosgourmet.com.br\/index.php\/wp-json\/wp\/v2\/posts\/7422\/revisions\/7425"}],"wp:attachment":[{"href":"http:\/\/www.girosgourmet.com.br\/index.php\/wp-json\/wp\/v2\/media?parent=7422"}],"wp:term":[{"taxonomy":"category","embeddable":true,"href":"http:\/\/www.girosgourmet.com.br\/index.php\/wp-json\/wp\/v2\/categories?post=7422"},{"taxonomy":"post_tag","embeddable":true,"href":"http:\/\/www.girosgourmet.com.br\/index.php\/wp-json\/wp\/v2\/tags?post=7422"}],"curies":[{"name":"wp","href":"https:\/\/api.w.org\/{rel}","templated":true}]}}