{"id":7416,"date":"2016-05-17T11:12:54","date_gmt":"2016-05-17T14:12:54","guid":{"rendered":"http:\/\/www.myfashionlife.com.br\/?p=7416"},"modified":"2016-05-17T11:13:24","modified_gmt":"2016-05-17T14:13:24","slug":"chef-ana-luiza-trajano-lanca-cafe-da-manha-com-a-cara-do-brasil","status":"publish","type":"post","link":"http:\/\/www.girosgourmet.com.br\/index.php\/chef-ana-luiza-trajano-lanca-cafe-da-manha-com-a-cara-do-brasil\/","title":{"rendered":"Chef Ana Luiza Trajano lan\u00e7a caf\u00e9 da manh\u00e3 com a cara do Brasil!"},"content":{"rendered":"<p style=\"text-align: center;\"><a href=\"http:\/\/www.myfashionlife.com.br\/index.php\/chef-ana-luiza-trajano-lanca-cafe-da-manha-com-a-cara-do-brasil\/brasil-a-gosto-2\/\" rel=\"attachment wp-att-7417\"><img loading=\"lazy\" decoding=\"async\" class=\"aligncenter size-full wp-image-7417\" src=\"http:\/\/www.myfashionlife.com.br\/wp-content\/uploads\/2016\/05\/Brasil-a-gosto.jpg\" alt=\"Brasil a gosto\" width=\"685\" height=\"388\" srcset=\"http:\/\/www.girosgourmet.com.br\/wp-content\/uploads\/2016\/05\/Brasil-a-gosto.jpg 685w, http:\/\/www.girosgourmet.com.br\/wp-content\/uploads\/2016\/05\/Brasil-a-gosto-300x170.jpg 300w, http:\/\/www.girosgourmet.com.br\/wp-content\/uploads\/2016\/05\/Brasil-a-gosto-588x333.jpg 588w\" sizes=\"auto, (max-width: 685px) 100vw, 685px\" \/><\/a><\/p>\n<p style=\"text-align: justify;\">Novidade bacana para quem curte um caf\u00e9 da manh\u00e3 caprichado e lotado de autenticidade! A <strong>chef Ana Luiza Trajano<\/strong> traz para seu restaurante <strong>Brasil a Gosto<\/strong> mais uma experi\u00eancia gastron\u00f4mica&#8230;A Casa oferecer\u00e1 a partir do dia 21 de maio, um caf\u00e9 da manh\u00e3 completo com tudo que tem de bom da nossa gastronomia.<\/p>\n<p style=\"text-align: center;\"><a href=\"http:\/\/www.myfashionlife.com.br\/index.php\/chef-ana-luiza-trajano-lanca-cafe-da-manha-com-a-cara-do-brasil\/brasil-a-gosto-3\/\" rel=\"attachment wp-att-7418\"><img loading=\"lazy\" decoding=\"async\" class=\"aligncenter wp-image-7418\" src=\"http:\/\/www.myfashionlife.com.br\/wp-content\/uploads\/2016\/05\/brasil-a-gosto.jpg\" alt=\"brasil a gosto\" width=\"758\" height=\"505\" srcset=\"http:\/\/www.girosgourmet.com.br\/wp-content\/uploads\/2016\/05\/brasil-a-gosto.jpg 3000w, http:\/\/www.girosgourmet.com.br\/wp-content\/uploads\/2016\/05\/brasil-a-gosto-300x200.jpg 300w, http:\/\/www.girosgourmet.com.br\/wp-content\/uploads\/2016\/05\/brasil-a-gosto-768x512.jpg 768w, http:\/\/www.girosgourmet.com.br\/wp-content\/uploads\/2016\/05\/brasil-a-gosto-1024x683.jpg 1024w, http:\/\/www.girosgourmet.com.br\/wp-content\/uploads\/2016\/05\/brasil-a-gosto-588x392.jpg 588w\" sizes=\"auto, (max-width: 758px) 100vw, 758px\" \/><\/a><\/p>\n<p style=\"text-align: justify;\">Bolo de fub\u00e1, cuscuz de tapioca com coco, queijo da Serra da Canastra, p\u00e3o de queijo e outros quitutes estar\u00e3o dispon\u00edveis \u00e0 vontade servidos \u00e0 mesa ou no farto buf\u00ea. O valor por pessoa \u00e9 R$75 por pessoa, crian\u00e7as at\u00e9 2 anos ser\u00e3o cortesia e de 3 a 12 anos pagar\u00e3o 50% do valor. 10% de servi\u00e7o e vallet n\u00e3o est\u00e3o inclusos no valor.<\/p>\n<p>Detalhe importante, o caf\u00e9 dos sonhos ser\u00e1 oferecido apenas um s\u00e1bado por m\u00eas!<\/p>\n<p><strong>Confira o menu:<\/strong><\/p>\n<p><u><strong>Buf\u00ea<\/strong><br \/>\n<\/u>Bolo de fub\u00e1<br \/>\nBolo de formigueiro com ganache de chocolate<br \/>\nP\u00e3o delicia de catupiry<br \/>\nSalada de frutas<br \/>\nCuscuz de tapioca com coco<br \/>\nFrios: Queijos minas e queijo da Serra da Canastra com goiabada<br \/>\nBebidas: Suco de melancia, Suco de abacaxi, Suco de laranja, Caf\u00e9, Ch\u00e1, \u00c1gua sem g\u00e1s, \u00c1gua com g\u00e1s<\/p>\n<p><u><strong>Servido \u00e0 mesa<\/strong><br \/>\n<\/u>P\u00e3o de milho<br \/>\nP\u00e3o de queijo<br \/>\nP\u00e3o de leite<br \/>\nOvos mexidos<br \/>\nBiscoito de polvilho<br \/>\nManteiga avia\u00e7\u00e3o, manteiga caseira com alho e castanha de baru, queijo cremoso com pesto de cheiro-verde.<\/p>\n<p>Imperd\u00edvel!<\/p>\n<p><strong>Servi\u00e7o<\/strong><br \/>\n<strong>Brasil a Gosto<\/strong><br \/>\nProfessor Azevedo Amaral, 70 \u2013 Jardim Paulistano. Tel. (11) 3086-3565<\/p>\n<iframe src=\"http:\/\/www.facebook.com\/plugins\/like.php?href=http:\/\/www.girosgourmet.com.br\/index.php\/chef-ana-luiza-trajano-lanca-cafe-da-manha-com-a-cara-do-brasil\/&amp;layout=standard&amp;show_faces=1&amp;width=450&amp;action=like&amp;colorscheme=light&amp;font=\" scrolling=\"no\" frameborder=\"0\" style=\"border:none; overflow:hidden; width:450px; height:60px\"><\/iframe>","protected":false},"excerpt":{"rendered":"<p>Novidade bacana para quem curte um caf\u00e9 da manh\u00e3 caprichado e lotado de autenticidade! A chef Ana Luiza Trajano traz para seu restaurante Brasil a Gosto mais uma experi\u00eancia gastron\u00f4mica&#8230;A Casa oferecer\u00e1 a partir do dia 21 de maio, um caf\u00e9 da manh\u00e3 completo com tudo que tem de bom [&hellip;]<\/p>\n","protected":false},"author":3,"featured_media":0,"comment_status":"open","ping_status":"closed","sticky":false,"template":"","format":"standard","meta":{"footnotes":""},"categories":[39],"tags":[1554,1409,1651],"class_list":["post-7416","post","type-post","status-publish","format-standard","hentry","category-gastronomia","tag-brasil-a-gosto","tag-cafe-da-manha","tag-chef-ana-luiza-trajano"],"_links":{"self":[{"href":"http:\/\/www.girosgourmet.com.br\/index.php\/wp-json\/wp\/v2\/posts\/7416","targetHints":{"allow":["GET"]}}],"collection":[{"href":"http:\/\/www.girosgourmet.com.br\/index.php\/wp-json\/wp\/v2\/posts"}],"about":[{"href":"http:\/\/www.girosgourmet.com.br\/index.php\/wp-json\/wp\/v2\/types\/post"}],"author":[{"embeddable":true,"href":"http:\/\/www.girosgourmet.com.br\/index.php\/wp-json\/wp\/v2\/users\/3"}],"replies":[{"embeddable":true,"href":"http:\/\/www.girosgourmet.com.br\/index.php\/wp-json\/wp\/v2\/comments?post=7416"}],"version-history":[{"count":2,"href":"http:\/\/www.girosgourmet.com.br\/index.php\/wp-json\/wp\/v2\/posts\/7416\/revisions"}],"predecessor-version":[{"id":7420,"href":"http:\/\/www.girosgourmet.com.br\/index.php\/wp-json\/wp\/v2\/posts\/7416\/revisions\/7420"}],"wp:attachment":[{"href":"http:\/\/www.girosgourmet.com.br\/index.php\/wp-json\/wp\/v2\/media?parent=7416"}],"wp:term":[{"taxonomy":"category","embeddable":true,"href":"http:\/\/www.girosgourmet.com.br\/index.php\/wp-json\/wp\/v2\/categories?post=7416"},{"taxonomy":"post_tag","embeddable":true,"href":"http:\/\/www.girosgourmet.com.br\/index.php\/wp-json\/wp\/v2\/tags?post=7416"}],"curies":[{"name":"wp","href":"https:\/\/api.w.org\/{rel}","templated":true}]}}