{"id":7411,"date":"2016-05-11T23:28:06","date_gmt":"2016-05-12T02:28:06","guid":{"rendered":"http:\/\/www.myfashionlife.com.br\/?p=7411"},"modified":"2016-05-11T23:28:06","modified_gmt":"2016-05-12T02:28:06","slug":"classica-sobremesa-americana-o-cheesecake-ganha-festival-em-sao-paulo","status":"publish","type":"post","link":"http:\/\/www.girosgourmet.com.br\/index.php\/classica-sobremesa-americana-o-cheesecake-ganha-festival-em-sao-paulo\/","title":{"rendered":"Cl\u00e1ssica sobremesa americana, o Cheesecake ganha Festival em S\u00e3o Paulo."},"content":{"rendered":"<p style=\"text-align: center;\"><a href=\"http:\/\/www.myfashionlife.com.br\/index.php\/classica-sobremesa-americana-o-cheesecake-ganha-festival-em-sao-paulo\/x-cake\/\" rel=\"attachment wp-att-7412\"><img loading=\"lazy\" decoding=\"async\" class=\"aligncenter  wp-image-7412\" src=\"http:\/\/www.myfashionlife.com.br\/wp-content\/uploads\/2016\/05\/x-cake.jpg\" alt=\"x cake\" width=\"434\" height=\"651\" srcset=\"http:\/\/www.girosgourmet.com.br\/wp-content\/uploads\/2016\/05\/x-cake.jpg 587w, http:\/\/www.girosgourmet.com.br\/wp-content\/uploads\/2016\/05\/x-cake-200x300.jpg 200w\" sizes=\"auto, (max-width: 434px) 100vw, 434px\" \/><\/a><\/p>\n<p style=\"text-align: justify;\"><span style=\"color: #000000;\">Amei a novidade! E se voc\u00ea \u00e9 como eu um aficionado pela famosa\u00a0torta doce de queijo, n\u00e3o pode perder esta novidade. De 16 de maio \u00e0 12 de junho o\u00a0norte-americana, o <strong>P.J. Clarke\u2019s<\/strong> vai servir menu exclusivo com tr\u00eas receitas de um dos \u00edcones da cozinha do Tio Sam, o <strong>Cheesecake<\/strong>. <\/span><\/p>\n<p style=\"text-align: justify;\"><span style=\"color: #000000;\">A sobremesa poder\u00e1 ser encontrada nos seguintes sabores: <strong>Cheesecake de caf\u00e9, Cheesecake de canela e Cheesecake de goiabada<\/strong> casc\u00e3o com queijo minas padr\u00e3o. Todas as op\u00e7\u00f5es por R$19. Boa not\u00edcia aos amantes do doce \u00e9 que h\u00e1 tamb\u00e9m a op\u00e7\u00e3o para degusta\u00e7\u00e3o dos tr\u00eas sabores (R$ 25).<\/span><\/p>\n<p style=\"text-align: justify;\"><span style=\"color: #000000;\">Amou? Ent\u00e3o vai correndo&#8230;&#8230;.<\/span><\/p>\n<p><span style=\"color: #000000;\"><strong>P.J. Clarke\u2019s \u2013 M\u00e1rio Ferraz<br \/>\n<\/strong>Rua Doutor M\u00e1rio Ferraz, 568 \u2013 Itaim Bibi \u2013 S\u00e3o Paulo &#8211; Tel.: 11.3078.2965<\/span><\/p>\n<p><span style=\"color: #000000;\"><strong>P.J. Clarke\u2019s \u2013 Oscar Freire<br \/>\n<\/strong>Rua Oscar Freire, 497 \u2013 Jardins \u2013 S\u00e3o Paulo &#8211; Tel.: 2579.2765<\/span><\/p>\n<p>&nbsp;<\/p>\n<p><em>\u00a0<\/em><\/p>\n<iframe src=\"http:\/\/www.facebook.com\/plugins\/like.php?href=http:\/\/www.girosgourmet.com.br\/index.php\/classica-sobremesa-americana-o-cheesecake-ganha-festival-em-sao-paulo\/&amp;layout=standard&amp;show_faces=1&amp;width=450&amp;action=like&amp;colorscheme=light&amp;font=\" scrolling=\"no\" frameborder=\"0\" style=\"border:none; overflow:hidden; width:450px; height:60px\"><\/iframe>","protected":false},"excerpt":{"rendered":"<p>Amei a novidade! E se voc\u00ea \u00e9 como eu um aficionado pela famosa\u00a0torta doce de queijo, n\u00e3o pode perder esta novidade. De 16 de maio \u00e0 12 de junho o\u00a0norte-americana, o P.J. Clarke\u2019s vai servir menu exclusivo com tr\u00eas receitas de um dos \u00edcones da cozinha do Tio Sam, o [&hellip;]<\/p>\n","protected":false},"author":3,"featured_media":0,"comment_status":"open","ping_status":"closed","sticky":false,"template":"","format":"standard","meta":{"footnotes":""},"categories":[39],"tags":[1649,1650],"class_list":["post-7411","post","type-post","status-publish","format-standard","hentry","category-gastronomia","tag-cheesecake","tag-p-j-clarkes"],"_links":{"self":[{"href":"http:\/\/www.girosgourmet.com.br\/index.php\/wp-json\/wp\/v2\/posts\/7411","targetHints":{"allow":["GET"]}}],"collection":[{"href":"http:\/\/www.girosgourmet.com.br\/index.php\/wp-json\/wp\/v2\/posts"}],"about":[{"href":"http:\/\/www.girosgourmet.com.br\/index.php\/wp-json\/wp\/v2\/types\/post"}],"author":[{"embeddable":true,"href":"http:\/\/www.girosgourmet.com.br\/index.php\/wp-json\/wp\/v2\/users\/3"}],"replies":[{"embeddable":true,"href":"http:\/\/www.girosgourmet.com.br\/index.php\/wp-json\/wp\/v2\/comments?post=7411"}],"version-history":[{"count":2,"href":"http:\/\/www.girosgourmet.com.br\/index.php\/wp-json\/wp\/v2\/posts\/7411\/revisions"}],"predecessor-version":[{"id":7414,"href":"http:\/\/www.girosgourmet.com.br\/index.php\/wp-json\/wp\/v2\/posts\/7411\/revisions\/7414"}],"wp:attachment":[{"href":"http:\/\/www.girosgourmet.com.br\/index.php\/wp-json\/wp\/v2\/media?parent=7411"}],"wp:term":[{"taxonomy":"category","embeddable":true,"href":"http:\/\/www.girosgourmet.com.br\/index.php\/wp-json\/wp\/v2\/categories?post=7411"},{"taxonomy":"post_tag","embeddable":true,"href":"http:\/\/www.girosgourmet.com.br\/index.php\/wp-json\/wp\/v2\/tags?post=7411"}],"curies":[{"name":"wp","href":"https:\/\/api.w.org\/{rel}","templated":true}]}}