{"id":7393,"date":"2016-04-18T21:32:46","date_gmt":"2016-04-19T00:32:46","guid":{"rendered":"http:\/\/www.myfashionlife.com.br\/?p=7393"},"modified":"2016-04-18T21:32:46","modified_gmt":"2016-04-19T00:32:46","slug":"1o-edicao-do-jantar-no-centro-acontece-em-abril","status":"publish","type":"post","link":"http:\/\/www.girosgourmet.com.br\/index.php\/1o-edicao-do-jantar-no-centro-acontece-em-abril\/","title":{"rendered":"1o edi\u00e7\u00e3o do Jantar no Centro, acontece em abril!"},"content":{"rendered":"<p style=\"text-align: center;\"><a href=\"http:\/\/www.myfashionlife.com.br\/index.php\/1o-edicao-do-jantar-no-centro-acontece-em-abril\/jantar-centro\/\" rel=\"attachment wp-att-7394\"><img loading=\"lazy\" decoding=\"async\" class=\"aligncenter size-full wp-image-7394\" src=\"http:\/\/www.myfashionlife.com.br\/wp-content\/uploads\/2016\/04\/jantar-centro.jpg\" alt=\"jantar centro\" width=\"500\" height=\"500\" srcset=\"http:\/\/www.girosgourmet.com.br\/wp-content\/uploads\/2016\/04\/jantar-centro.jpg 500w, http:\/\/www.girosgourmet.com.br\/wp-content\/uploads\/2016\/04\/jantar-centro-150x150.jpg 150w, http:\/\/www.girosgourmet.com.br\/wp-content\/uploads\/2016\/04\/jantar-centro-300x300.jpg 300w\" sizes=\"auto, (max-width: 500px) 100vw, 500px\" \/><\/a><\/p>\n<p style=\"text-align: justify;\">Adorei a novidade gastron\u00f4mica desta semana&#8230;..Reunir pequenos grupos para jantar em um charmoso apartamento de um pr\u00e9dio hist\u00f3rico no Centro da cidade de S\u00e3o Paulo. Essa \u00e9 a proposta do <strong>Jantar no Centro<\/strong>, novo projeto da jornalista especializada em gastronomia e cozinheira <strong>Dani Borges<\/strong>.<\/p>\n<p style=\"text-align: justify;\">O endere\u00e7o, secreto, s\u00f3 \u00e9 revelado ap\u00f3s a confirma\u00e7\u00e3o da reserva. A primeira edi\u00e7\u00e3o desta curiosa experi\u00eancia gastronomica acontecer\u00e1 nos dias 29 e 30 de abril e o tema ser\u00e1 a <strong>gastronomia vietnamita<\/strong> \u2013 fruto de muita pesquisa e de uma temporada da cozinheira no pa\u00eds.<\/p>\n<p style=\"text-align: justify;\">Os pratos retratam a famosa cozinha de rua de <strong>Han\u00f3i<\/strong>, como os deliciosos <strong>rolinhos vietnamitas<\/strong> e asinhas de frango na grelha.<\/p>\n<p style=\"text-align: center;\"><a href=\"http:\/\/www.myfashionlife.com.br\/index.php\/1o-edicao-do-jantar-no-centro-acontece-em-abril\/vietna\/\" rel=\"attachment wp-att-7395\"><img loading=\"lazy\" decoding=\"async\" class=\"aligncenter  wp-image-7395\" src=\"http:\/\/www.myfashionlife.com.br\/wp-content\/uploads\/2016\/04\/Vietna.jpg\" alt=\"Vietna\" width=\"585\" height=\"390\" srcset=\"http:\/\/www.girosgourmet.com.br\/wp-content\/uploads\/2016\/04\/Vietna.jpg 2048w, http:\/\/www.girosgourmet.com.br\/wp-content\/uploads\/2016\/04\/Vietna-300x200.jpg 300w, http:\/\/www.girosgourmet.com.br\/wp-content\/uploads\/2016\/04\/Vietna-768x512.jpg 768w, http:\/\/www.girosgourmet.com.br\/wp-content\/uploads\/2016\/04\/Vietna-1024x683.jpg 1024w, http:\/\/www.girosgourmet.com.br\/wp-content\/uploads\/2016\/04\/Vietna-588x392.jpg 588w\" sizes=\"auto, (max-width: 585px) 100vw, 585px\" \/><\/a><\/p>\n<p>Quer saber mais, entre na p\u00e1gina do evento:\u00a0<a href=\"http:\/\/www.facebook.com\/jantarnocentro\">www.facebook.com\/jantarnocentro<\/a><\/p>\n<p>Reservas pelo email: <a href=\"mailto:jantarnocentro@gmail.com\">jantarnocentro@gmail.com<\/a><\/p>\n<p><strong>\u00a0<\/strong><\/p>\n<p>&nbsp;<\/p>\n<iframe src=\"http:\/\/www.facebook.com\/plugins\/like.php?href=http:\/\/www.girosgourmet.com.br\/index.php\/1o-edicao-do-jantar-no-centro-acontece-em-abril\/&amp;layout=standard&amp;show_faces=1&amp;width=450&amp;action=like&amp;colorscheme=light&amp;font=\" scrolling=\"no\" frameborder=\"0\" style=\"border:none; overflow:hidden; width:450px; height:60px\"><\/iframe>","protected":false},"excerpt":{"rendered":"<p>Adorei a novidade gastron\u00f4mica desta semana&#8230;..Reunir pequenos grupos para jantar em um charmoso apartamento de um pr\u00e9dio hist\u00f3rico no Centro da cidade de S\u00e3o Paulo. Essa \u00e9 a proposta do Jantar no Centro, novo projeto da jornalista especializada em gastronomia e cozinheira Dani Borges. O endere\u00e7o, secreto, s\u00f3 \u00e9 revelado [&hellip;]<\/p>\n","protected":false},"author":3,"featured_media":0,"comment_status":"open","ping_status":"closed","sticky":false,"template":"","format":"standard","meta":{"footnotes":""},"categories":[39],"tags":[1644,1645,1643,135],"class_list":["post-7393","post","type-post","status-publish","format-standard","hentry","category-gastronomia","tag-gastronomia-vietnamita","tag-hanoi","tag-jantar-no-centro","tag-sao-paulo"],"_links":{"self":[{"href":"http:\/\/www.girosgourmet.com.br\/index.php\/wp-json\/wp\/v2\/posts\/7393","targetHints":{"allow":["GET"]}}],"collection":[{"href":"http:\/\/www.girosgourmet.com.br\/index.php\/wp-json\/wp\/v2\/posts"}],"about":[{"href":"http:\/\/www.girosgourmet.com.br\/index.php\/wp-json\/wp\/v2\/types\/post"}],"author":[{"embeddable":true,"href":"http:\/\/www.girosgourmet.com.br\/index.php\/wp-json\/wp\/v2\/users\/3"}],"replies":[{"embeddable":true,"href":"http:\/\/www.girosgourmet.com.br\/index.php\/wp-json\/wp\/v2\/comments?post=7393"}],"version-history":[{"count":2,"href":"http:\/\/www.girosgourmet.com.br\/index.php\/wp-json\/wp\/v2\/posts\/7393\/revisions"}],"predecessor-version":[{"id":7397,"href":"http:\/\/www.girosgourmet.com.br\/index.php\/wp-json\/wp\/v2\/posts\/7393\/revisions\/7397"}],"wp:attachment":[{"href":"http:\/\/www.girosgourmet.com.br\/index.php\/wp-json\/wp\/v2\/media?parent=7393"}],"wp:term":[{"taxonomy":"category","embeddable":true,"href":"http:\/\/www.girosgourmet.com.br\/index.php\/wp-json\/wp\/v2\/categories?post=7393"},{"taxonomy":"post_tag","embeddable":true,"href":"http:\/\/www.girosgourmet.com.br\/index.php\/wp-json\/wp\/v2\/tags?post=7393"}],"curies":[{"name":"wp","href":"https:\/\/api.w.org\/{rel}","templated":true}]}}