{"id":736,"date":"2010-09-16T16:14:22","date_gmt":"2010-09-16T19:14:22","guid":{"rendered":"http:\/\/www.closetonline.com.br\/blogcarla\/?p=736"},"modified":"2011-10-24T21:42:09","modified_gmt":"2011-10-25T00:42:09","slug":"a-vibe-carioca-de-ser","status":"publish","type":"post","link":"http:\/\/www.girosgourmet.com.br\/index.php\/a-vibe-carioca-de-ser\/","title":{"rendered":"A Vibe carioca de ser&#8230;"},"content":{"rendered":"<p style=\"text-align: justify;\">Uma das coisas que mais gosto do Rio de Janeiro s\u00e3o os meus amigos que habitam por aqui, e olha que a maioria nem nasceu por estas bandas, apenas escolheram este lugar para se viver, e como eles dizem, viver bem&#8230; Por quais motivos? Ter\u00e3o que perguntar a eles&#8230; Mas estando por aqui e tendo um certo tempo para desfrutar os lugares pitorescos cariocas, fica mais f\u00e1cil de entender&#8230; Fui recepcionada com toda a gra\u00e7a poss\u00edvel, talvez melhor que em dia de anivers\u00e1rio&#8230; rs&#8230;<\/p>\n<p style=\"text-align: justify;\">Aqui todo mundo parece que n\u00e3o tem hora marcada, as pessoas caminham sem pressa&#8230; E todas as vezes que venho\u00a0ao Rio,\u00a0eu digo TODAS mesmo, e digo que sou paulistana, automaticamente algum carioca bem humorado me diz \u201cQue me desculpem os paulistas mas n\u00f3s cariocas, temos esse privil\u00e9gio da multidiversidade de paisagens\u201d&#8230; E quando estava ontem na sacada muito fina da casa de nossa super estilista Kecya Felix, entendi perfeitamente o motivo de tanto orgulho&#8230; Porque aqui, meus queridos, pode-se acordar olhando para o mar e dormir aos p\u00e9s da montanha&#8230; Juro, eu n\u00e3o me sinto com inveja, porque tenho sempre a oportunidade de vir para c\u00e1, de ter bons amigos, de ter tido grandes amores nesta cidade. Me arrisco em dizer que o RJ\u00a0talvez seja um dos lugares mais aben\u00e7oados do mundo.<\/p>\n<p style=\"text-align: justify;\">E\u00a0voc\u00ea tem que estar aqui para\u00a0realmente ouvir gostoso\u00a0algu\u00e9m pronunciando o \u201cS\u201d com o som de \u201cX\u201d&#8230; Nesta cidade \u00e9 f\u00e1cil ser amigo de estranhos&#8230; Tamb\u00e9m \u00e9 mais f\u00e1cil andar largado e estar sempre feliz&#8230; Mas como assim!? Uma paulistana escrevendo isso&#8230; E ainda mais eu, paulistana nata e que beija os p\u00e9s da cidade a cada volta para casa&#8230; N\u00e3o tem explica\u00e7\u00e3o, s\u00f3 \u201cmorando\u201d no Rio para entender&#8230; E j\u00e1 aviso aos navegantes de primeira viagem: vir para c\u00e1 \u00e9 gostar de andar de Havaianas em qualquer ocasi\u00e3o, tamb\u00e9m \u00e9 obrigat\u00f3rio comer biscoito Globo, ver gente global o tempo todo na rua&#8230; Ah! Tamb\u00e9m n\u00e3o pode\u00a0deixar de tomar o mate do lat\u00e3o na praia e fazer uma caminhada b\u00e1sica ao entardecer&#8230; Em resumo, aqui voc\u00ea tem que ser espont\u00e2neo&#8230; Enfim, \u00a0quando estiver\u00a0nesta city querida,\u00a0vale a pena tentar &#8220;ser um Carioca&#8221; e viver o jeito carioquissima de ser! Beijosssssssssssss<\/p>\n<p style=\"text-align: justify;\">PS &#8211; No jantar de ontem a Kecya, que \u00e9 uma super stylist, e super noiva tamb\u00e9m&#8230; rs&#8230; demostrou que \u00e9 super chef de cozinha. Depois de v\u00e1rios drinks, eu prometi a ela que se me enviasse a receita do creme de ab\u00f3bora com gengibre. eu iria publicar no Blog, porque foi um dos cremes mais MARAVILHOSOS, que comi nesta vida! Dever cumprido pessoas, a\u00ed vai a receita:<\/p>\n<p style=\"text-align: justify;\">Receitinha de creme de ab\u00f3bora!<br \/>\n(4 pessoas)<br \/>\n1 kg de abobora<br \/>\n1 por\u00e7\u00e3o como 1 dedo polegar de gengibre.<br \/>\n1 cebola picada<\/p>\n<p style=\"text-align: justify;\">3 dentes de alho<\/p>\n<p style=\"text-align: justify;\">1\u00a0creme de leite light!<\/p>\n<p style=\"text-align: justify;\">Cozinhe a abobora em peda\u00e7os at\u00e9 ficar macia e bem cozida. Bata no liquidificador.<\/p>\n<p style=\"text-align: justify;\">Reserve o creme.<\/p>\n<p style=\"text-align: justify;\">Coloque na panela \u00f3leo de canola e refogue a cebola, e depois junte o alho.<\/p>\n<p style=\"text-align: justify;\">Coloque ent\u00e3o o creme de ab\u00f3bora batido e junte o sal, deixe ferver por mais alguns minutos at\u00e9 alcan\u00e7ar o ponto adequado. Somente no final coloque o creme de leite, misture e deixe dar a \u00faltima fervida de 1 minuto e pronto! Sirva com p\u00e3ozinho 8 gr\u00e3os ou ciabatta.<\/p>\n<div id=\"attachment_737\" style=\"width: 310px\" class=\"wp-caption aligncenter\"><a href=\"http:\/\/www.closetonline.com.br\/blogcarla\/wp-content\/uploads\/2010\/09\/58634_1628863484248_1316422325_31661837_786333_n.jpg\"><img loading=\"lazy\" decoding=\"async\" aria-describedby=\"caption-attachment-737\" class=\"size-medium wp-image-737\" title=\"58634_1628863484248_1316422325_31661837_786333_n\" src=\"http:\/\/www.closetonline.com.br\/blogcarla\/wp-content\/uploads\/2010\/09\/58634_1628863484248_1316422325_31661837_786333_n-300x225.jpg\" alt=\"\" width=\"300\" height=\"225\" srcset=\"http:\/\/www.girosgourmet.com.br\/wp-content\/uploads\/2010\/09\/58634_1628863484248_1316422325_31661837_786333_n-300x225.jpg 300w, http:\/\/www.girosgourmet.com.br\/wp-content\/uploads\/2010\/09\/58634_1628863484248_1316422325_31661837_786333_n-150x112.jpg 150w, http:\/\/www.girosgourmet.com.br\/wp-content\/uploads\/2010\/09\/58634_1628863484248_1316422325_31661837_786333_n.jpg 720w\" sizes=\"auto, (max-width: 300px) 100vw, 300px\" \/><\/a><p id=\"caption-attachment-737\" class=\"wp-caption-text\">Jantar de Kecya Kelix....com as amigas Raquel, Carol, Kecya e Priscila<\/p><\/div>\n<iframe src=\"http:\/\/www.facebook.com\/plugins\/like.php?href=http:\/\/www.girosgourmet.com.br\/index.php\/a-vibe-carioca-de-ser\/&amp;layout=standard&amp;show_faces=1&amp;width=450&amp;action=like&amp;colorscheme=light&amp;font=\" scrolling=\"no\" frameborder=\"0\" style=\"border:none; overflow:hidden; width:450px; height:60px\"><\/iframe>","protected":false},"excerpt":{"rendered":"<p>Uma das coisas que mais gosto do Rio de Janeiro s\u00e3o os meus amigos que habitam por aqui, e olha que a maioria nem nasceu por estas bandas, apenas escolheram este lugar para se viver, e como eles dizem, viver bem&#8230; Por quais motivos? Ter\u00e3o que perguntar a eles&#8230; Mas [&hellip;]<\/p>\n","protected":false},"author":3,"featured_media":0,"comment_status":"open","ping_status":"open","sticky":false,"template":"","format":"standard","meta":{"footnotes":""},"categories":[41],"tags":[541,111],"class_list":["post-736","post","type-post","status-publish","format-standard","hentry","category-viagens","tag-kecya-felix","tag-rio-de-janeiro"],"_links":{"self":[{"href":"http:\/\/www.girosgourmet.com.br\/index.php\/wp-json\/wp\/v2\/posts\/736","targetHints":{"allow":["GET"]}}],"collection":[{"href":"http:\/\/www.girosgourmet.com.br\/index.php\/wp-json\/wp\/v2\/posts"}],"about":[{"href":"http:\/\/www.girosgourmet.com.br\/index.php\/wp-json\/wp\/v2\/types\/post"}],"author":[{"embeddable":true,"href":"http:\/\/www.girosgourmet.com.br\/index.php\/wp-json\/wp\/v2\/users\/3"}],"replies":[{"embeddable":true,"href":"http:\/\/www.girosgourmet.com.br\/index.php\/wp-json\/wp\/v2\/comments?post=736"}],"version-history":[{"count":12,"href":"http:\/\/www.girosgourmet.com.br\/index.php\/wp-json\/wp\/v2\/posts\/736\/revisions"}],"predecessor-version":[{"id":2752,"href":"http:\/\/www.girosgourmet.com.br\/index.php\/wp-json\/wp\/v2\/posts\/736\/revisions\/2752"}],"wp:attachment":[{"href":"http:\/\/www.girosgourmet.com.br\/index.php\/wp-json\/wp\/v2\/media?parent=736"}],"wp:term":[{"taxonomy":"category","embeddable":true,"href":"http:\/\/www.girosgourmet.com.br\/index.php\/wp-json\/wp\/v2\/categories?post=736"},{"taxonomy":"post_tag","embeddable":true,"href":"http:\/\/www.girosgourmet.com.br\/index.php\/wp-json\/wp\/v2\/tags?post=736"}],"curies":[{"name":"wp","href":"https:\/\/api.w.org\/{rel}","templated":true}]}}