{"id":7279,"date":"2015-07-20T18:28:10","date_gmt":"2015-07-20T21:28:10","guid":{"rendered":"http:\/\/www.myfashionlife.com.br\/?p=7279"},"modified":"2015-07-20T18:31:09","modified_gmt":"2015-07-20T21:31:09","slug":"mercearia-do-conde-comemora-24-anos-com-lancamento-de-livro","status":"publish","type":"post","link":"http:\/\/www.girosgourmet.com.br\/index.php\/mercearia-do-conde-comemora-24-anos-com-lancamento-de-livro\/","title":{"rendered":"Mercearia do Conde comemora 24 anos com lan\u00e7amento de livro!"},"content":{"rendered":"<p style=\"text-align: justify;\"><span style=\"color: #000000;\">Ganhei esta semana da querida chef Flavia Marioto, o primeiro livro de sua autoria. Quando abri, n\u00e3o me surpreendi; artesanal, colorido e bem-humorado como a pr\u00f3pria chef e seu \u00a0maravilhoso restaurante Mercearia do Conde.<\/span><\/p>\n<p style=\"text-align: center;\"><a href=\"http:\/\/www.myfashionlife.com.br\/wp-content\/uploads\/2015\/07\/mercearia-socias.jpg\"><img loading=\"lazy\" decoding=\"async\" class=\"aligncenter wp-image-7281 \" src=\"http:\/\/www.myfashionlife.com.br\/wp-content\/uploads\/2015\/07\/mercearia-socias-1024x683.jpg\" alt=\"mercearia socias\" width=\"645\" height=\"430\" srcset=\"http:\/\/www.girosgourmet.com.br\/wp-content\/uploads\/2015\/07\/mercearia-socias-1024x683.jpg 1024w, http:\/\/www.girosgourmet.com.br\/wp-content\/uploads\/2015\/07\/mercearia-socias-300x200.jpg 300w, http:\/\/www.girosgourmet.com.br\/wp-content\/uploads\/2015\/07\/mercearia-socias-588x392.jpg 588w\" sizes=\"auto, (max-width: 645px) 100vw, 645px\" \/><\/a><\/p>\n<p style=\"text-align: justify;\"><span style=\"color: #000000;\">O livro <strong><em>Mercearia Do Conde. Algumas Lembran\u00e7as, Receitas e Hist\u00f3rias de Um (Quase) Tradicional Restaurante Pauli<\/em>stano<\/strong> (Ed. Dash), das autoras <strong>Maddalena Stasi<\/strong> (restauratrice) e <strong>Fl\u00e1via Marioto<\/strong> foi todo desenhado e escrito \u00e0 m\u00e3o pelo artista pl\u00e1stico Marco Mariutti e traz hist\u00f3rias, curiosidades, depoimentos de gourmets e gourmands sobre o restaurante, como a chef e escritora mexicana Lourdes Hernandez e a pesquisadora Roberta Saldanha, al\u00e9m de 14 receitas descomplicadas e que s\u00e3o a cara do restaurante.<\/span><\/p>\n<p style=\"text-align: center;\"><a href=\"http:\/\/www.myfashionlife.com.br\/wp-content\/uploads\/2015\/07\/Mercearia-Conde.jpg\"><img loading=\"lazy\" decoding=\"async\" class=\"aligncenter wp-image-7282 size-large\" src=\"http:\/\/www.myfashionlife.com.br\/wp-content\/uploads\/2015\/07\/Mercearia-Conde-714x1024.jpg\" alt=\"arte capa 1-6.indd\" width=\"474\" height=\"680\" srcset=\"http:\/\/www.girosgourmet.com.br\/wp-content\/uploads\/2015\/07\/Mercearia-Conde-714x1024.jpg 714w, http:\/\/www.girosgourmet.com.br\/wp-content\/uploads\/2015\/07\/Mercearia-Conde-209x300.jpg 209w, http:\/\/www.girosgourmet.com.br\/wp-content\/uploads\/2015\/07\/Mercearia-Conde-588x843.jpg 588w, http:\/\/www.girosgourmet.com.br\/wp-content\/uploads\/2015\/07\/Mercearia-Conde.jpg 1529w\" sizes=\"auto, (max-width: 474px) 100vw, 474px\" \/><\/a><\/p>\n<p style=\"text-align: justify;\"><span style=\"color: #000000;\">\u201cLevamos 3 anos para produzir o livro. Era para ser um livro comemorativo dos 20 anos da casa, mas sua confec\u00e7\u00e3o artesanal e afetiva fizeram com que reescrev\u00eassemos e reinvent\u00e1ssemos tanto que s\u00f3 conseguimos lan\u00e7\u00e1-lo agora, \u00e0s v\u00e9speras do anivers\u00e1rio de 24 anos, que ser\u00e1 comemorado no m\u00eas de novembro\u201d, explica Maddalena Stasi. \u201c\u00c9 o nosso primeiro livrinho e tem a nossa cara, \u00e9 superartesanal, impregnado de arte, del\u00edcias e alegria. Tem o esp\u00edrito da Mercearia: uma cozinha para alegrar os sentidos e fazer o corpo feliz\u201d, completa a chef Fl\u00e1via Marioto.<\/span><\/p>\n<p><span style=\"color: #000000;\">Uma fofura que vale ter em nossa cozinha!<\/span><\/p>\n<p><span style=\"color: #000000;\"><strong>Ficha T\u00e9cnica:<br \/>\n<\/strong>T\u00edtulo: Mercearia do Conde \u2013 Algumas Lembran\u00e7as, Receitas e Hist\u00f3rias de Um (Quase) Tradicional Restaurante Paulistano<\/span><br \/>\n<span style=\"color: #000000;\">Autoras: Flavia Marioto e Maddalena Stasi<\/span><br \/>\n<span style=\"color: #000000;\">Ilustra\u00e7\u00f5es: Marco Mariutti<\/span><br \/>\n<span style=\"color: #000000;\">Editora Dash. 72 p\u00e1ginas.<\/span><br \/>\n<span style=\"color: #000000;\">Pre\u00e7o: 47 reais.<\/span><br \/>\n<span style=\"color: #000000;\">Onde comprar: na Mercearia do Conde e nas principais livrarias da cidade<\/span><br \/>\n<span style=\"color: #000000;\">Vendas on line: <a style=\"color: #000000;\" href=\"http:\/\/www.editoradash.com.br\"><span style=\"color: #0000ff;\">www.editoradash.com.br\u00a0<\/span><br \/>\n<\/a>Tel.: 11 2667-6314<\/span><\/p>\n<iframe src=\"http:\/\/www.facebook.com\/plugins\/like.php?href=http:\/\/www.girosgourmet.com.br\/index.php\/mercearia-do-conde-comemora-24-anos-com-lancamento-de-livro\/&amp;layout=standard&amp;show_faces=1&amp;width=450&amp;action=like&amp;colorscheme=light&amp;font=\" scrolling=\"no\" frameborder=\"0\" style=\"border:none; overflow:hidden; width:450px; height:60px\"><\/iframe>","protected":false},"excerpt":{"rendered":"<p>Ganhei esta semana da querida chef Flavia Marioto, o primeiro livro de sua autoria. Quando abri, n\u00e3o me surpreendi; artesanal, colorido e bem-humorado como a pr\u00f3pria chef e seu \u00a0maravilhoso restaurante Mercearia do Conde. O livro Mercearia Do Conde. Algumas Lembran\u00e7as, Receitas e Hist\u00f3rias de Um (Quase) Tradicional Restaurante Paulistano [&hellip;]<\/p>\n","protected":false},"author":3,"featured_media":0,"comment_status":"open","ping_status":"closed","sticky":false,"template":"","format":"standard","meta":{"footnotes":""},"categories":[39],"tags":[58,1597],"class_list":["post-7279","post","type-post","status-publish","format-standard","hentry","category-gastronomia","tag-livro","tag-mercearia-do-conde"],"_links":{"self":[{"href":"http:\/\/www.girosgourmet.com.br\/index.php\/wp-json\/wp\/v2\/posts\/7279","targetHints":{"allow":["GET"]}}],"collection":[{"href":"http:\/\/www.girosgourmet.com.br\/index.php\/wp-json\/wp\/v2\/posts"}],"about":[{"href":"http:\/\/www.girosgourmet.com.br\/index.php\/wp-json\/wp\/v2\/types\/post"}],"author":[{"embeddable":true,"href":"http:\/\/www.girosgourmet.com.br\/index.php\/wp-json\/wp\/v2\/users\/3"}],"replies":[{"embeddable":true,"href":"http:\/\/www.girosgourmet.com.br\/index.php\/wp-json\/wp\/v2\/comments?post=7279"}],"version-history":[{"count":2,"href":"http:\/\/www.girosgourmet.com.br\/index.php\/wp-json\/wp\/v2\/posts\/7279\/revisions"}],"predecessor-version":[{"id":7283,"href":"http:\/\/www.girosgourmet.com.br\/index.php\/wp-json\/wp\/v2\/posts\/7279\/revisions\/7283"}],"wp:attachment":[{"href":"http:\/\/www.girosgourmet.com.br\/index.php\/wp-json\/wp\/v2\/media?parent=7279"}],"wp:term":[{"taxonomy":"category","embeddable":true,"href":"http:\/\/www.girosgourmet.com.br\/index.php\/wp-json\/wp\/v2\/categories?post=7279"},{"taxonomy":"post_tag","embeddable":true,"href":"http:\/\/www.girosgourmet.com.br\/index.php\/wp-json\/wp\/v2\/tags?post=7279"}],"curies":[{"name":"wp","href":"https:\/\/api.w.org\/{rel}","templated":true}]}}