{"id":7263,"date":"2015-06-16T18:39:48","date_gmt":"2015-06-16T21:39:48","guid":{"rendered":"http:\/\/www.myfashionlife.com.br\/?p=7263"},"modified":"2015-06-16T18:39:48","modified_gmt":"2015-06-16T21:39:48","slug":"jefferson-rueda-prepara-porcada-cultural-no-dia-20","status":"publish","type":"post","link":"http:\/\/www.girosgourmet.com.br\/index.php\/jefferson-rueda-prepara-porcada-cultural-no-dia-20\/","title":{"rendered":"JEFFERSON RUEDA PREPARA PORCADA CULTURAL NO DIA 20"},"content":{"rendered":"<p style=\"text-align: center;\"><a href=\"http:\/\/www.myfashionlife.com.br\/wp-content\/uploads\/2015\/06\/porco-rueda.jpg\"><img loading=\"lazy\" decoding=\"async\" class=\"aligncenter size-full wp-image-7264\" src=\"http:\/\/www.myfashionlife.com.br\/wp-content\/uploads\/2015\/06\/porco-rueda.jpg\" alt=\"porco rueda\" width=\"640\" height=\"428\" srcset=\"http:\/\/www.girosgourmet.com.br\/wp-content\/uploads\/2015\/06\/porco-rueda.jpg 640w, http:\/\/www.girosgourmet.com.br\/wp-content\/uploads\/2015\/06\/porco-rueda-300x201.jpg 300w, http:\/\/www.girosgourmet.com.br\/wp-content\/uploads\/2015\/06\/porco-rueda-588x393.jpg 588w\" sizes=\"auto, (max-width: 640px) 100vw, 640px\" \/><\/a><\/p>\n<p><span style=\"color: #000000;\">Imperd\u00edvel este giro gastron\u00f4mico para quem adora uma esp\u00e9cie su\u00edna, feita por um grande chef&#8230;..<\/span><\/p>\n<p style=\"text-align: justify;\"><span style=\"color: #000000;\">O <strong>chef Jefferson Rueda<\/strong>, do restaurante Attimo, assar\u00e1 3 porcos inteiros neste s\u00e1bado, dia 20, durante a <strong>Virada Cultural<\/strong> que acontece em S\u00e3o Paulo. Estrela da Casa do Porco, bar que ele inaugurar\u00e1 em agosto, o Porco \u00e0 San Z\u00e9 ser\u00e1 acompanhado de tutu de feij\u00e3o e tartar de banana por R$ 15.<\/span><\/p>\n<p><span style=\"color: #000000;\">O chef repete a Porcada Cultural no centro de S\u00e3o Paulo, que realizou em 2013 durante a Virada. Nesta edi\u00e7\u00e3o ser\u00e3o tr\u00eas su\u00ednos de 100 kilos cada, assados na brasa em frente ao Bar da Dona On\u00e7a, no Copan, e servidos a partir das 18h do s\u00e1bado.<\/span><\/p>\n<p><span style=\"color: #000000;\">\u00a0<\/span><\/p>\n<p><span style=\"color: #000000;\"><strong><span style=\"text-decoration: underline;\">BAR DA DONA ON\u00c7A<\/span><\/strong><\/span><\/p>\n<p><span style=\"color: #000000;\"><strong>Avenida Ipiranga, 200 lojas 27\/29 Tel.: (11) 3257-2016<\/strong><\/span><\/p>\n<p><span style=\"color: #000000;\">Hor\u00e1rio de funcionamento: Segunda a Quarta das 12h \u00e0s 23h, Quinta a S\u00e1bado das 13h \u00e0 0h e aos Domingos das 12h \u00e0s 17h. Cart\u00f5es de Cr\u00e9dito e D\u00e9bito: Redecard, Visa e Amex. Capacidade: 80 pessoas. Acesso para deficientes. Ar condicionado.<\/span><\/p>\n<iframe src=\"http:\/\/www.facebook.com\/plugins\/like.php?href=http:\/\/www.girosgourmet.com.br\/index.php\/jefferson-rueda-prepara-porcada-cultural-no-dia-20\/&amp;layout=standard&amp;show_faces=1&amp;width=450&amp;action=like&amp;colorscheme=light&amp;font=\" scrolling=\"no\" frameborder=\"0\" style=\"border:none; overflow:hidden; width:450px; height:60px\"><\/iframe>","protected":false},"excerpt":{"rendered":"<p>Imperd\u00edvel este giro gastron\u00f4mico para quem adora uma esp\u00e9cie su\u00edna, feita por um grande chef&#8230;.. O chef Jefferson Rueda, do restaurante Attimo, assar\u00e1 3 porcos inteiros neste s\u00e1bado, dia 20, durante a Virada Cultural que acontece em S\u00e3o Paulo. Estrela da Casa do Porco, bar que ele inaugurar\u00e1 em agosto, [&hellip;]<\/p>\n","protected":false},"author":3,"featured_media":0,"comment_status":"open","ping_status":"closed","sticky":false,"template":"","format":"standard","meta":{"footnotes":""},"categories":[39],"tags":[1592,1591,1593,159],"class_list":["post-7263","post","type-post","status-publish","format-standard","hentry","category-gastronomia","tag-bar-da-dona-onca","tag-chef-jefferson-rueda","tag-porco","tag-virada-cultural"],"_links":{"self":[{"href":"http:\/\/www.girosgourmet.com.br\/index.php\/wp-json\/wp\/v2\/posts\/7263","targetHints":{"allow":["GET"]}}],"collection":[{"href":"http:\/\/www.girosgourmet.com.br\/index.php\/wp-json\/wp\/v2\/posts"}],"about":[{"href":"http:\/\/www.girosgourmet.com.br\/index.php\/wp-json\/wp\/v2\/types\/post"}],"author":[{"embeddable":true,"href":"http:\/\/www.girosgourmet.com.br\/index.php\/wp-json\/wp\/v2\/users\/3"}],"replies":[{"embeddable":true,"href":"http:\/\/www.girosgourmet.com.br\/index.php\/wp-json\/wp\/v2\/comments?post=7263"}],"version-history":[{"count":1,"href":"http:\/\/www.girosgourmet.com.br\/index.php\/wp-json\/wp\/v2\/posts\/7263\/revisions"}],"predecessor-version":[{"id":7265,"href":"http:\/\/www.girosgourmet.com.br\/index.php\/wp-json\/wp\/v2\/posts\/7263\/revisions\/7265"}],"wp:attachment":[{"href":"http:\/\/www.girosgourmet.com.br\/index.php\/wp-json\/wp\/v2\/media?parent=7263"}],"wp:term":[{"taxonomy":"category","embeddable":true,"href":"http:\/\/www.girosgourmet.com.br\/index.php\/wp-json\/wp\/v2\/categories?post=7263"},{"taxonomy":"post_tag","embeddable":true,"href":"http:\/\/www.girosgourmet.com.br\/index.php\/wp-json\/wp\/v2\/tags?post=7263"}],"curies":[{"name":"wp","href":"https:\/\/api.w.org\/{rel}","templated":true}]}}