{"id":7254,"date":"2015-06-08T15:16:51","date_gmt":"2015-06-08T18:16:51","guid":{"rendered":"http:\/\/www.myfashionlife.com.br\/?p=7254"},"modified":"2015-06-08T15:16:51","modified_gmt":"2015-06-08T18:16:51","slug":"ds-world-paris-abrira-suas-portas-para-uma-das-figuras-mais-emblematicas-da-alta-costura-yves-saint-laurent","status":"publish","type":"post","link":"http:\/\/www.girosgourmet.com.br\/index.php\/ds-world-paris-abrira-suas-portas-para-uma-das-figuras-mais-emblematicas-da-alta-costura-yves-saint-laurent\/","title":{"rendered":"DS WORLD PARIS abrir\u00e1 suas portas para uma das figuras mais emblem\u00e1ticas da alta costura: Yves Saint Laurent"},"content":{"rendered":"<p style=\"text-align: center;\"><a href=\"http:\/\/www.myfashionlife.com.br\/wp-content\/uploads\/2015\/06\/DS.jpg\"><img loading=\"lazy\" decoding=\"async\" class=\"aligncenter size-full wp-image-7255\" src=\"http:\/\/www.myfashionlife.com.br\/wp-content\/uploads\/2015\/06\/DS.jpg\" alt=\"DS\" width=\"685\" height=\"386\" srcset=\"http:\/\/www.girosgourmet.com.br\/wp-content\/uploads\/2015\/06\/DS.jpg 685w, http:\/\/www.girosgourmet.com.br\/wp-content\/uploads\/2015\/06\/DS-300x169.jpg 300w, http:\/\/www.girosgourmet.com.br\/wp-content\/uploads\/2015\/06\/DS-588x331.jpg 588w\" sizes=\"auto, (max-width: 685px) 100vw, 685px\" \/><\/a><\/p>\n<p style=\"text-align: justify;\"><span style=\"color: #000000;\">Se todos os dias <strong>Paris<\/strong> te chama, agora voc\u00ea ter\u00e1 mais um motivo para visita-la! No pr\u00f3ximo dia 11 de junho ser\u00e1 inaugurado uma super exposi\u00e7\u00e3o fotogr\u00e1fica sobre a brilhante trajet\u00f3ria do estilista <strong>Yves Saint Laurent<\/strong>.<\/span><\/p>\n<p style=\"text-align: justify;\"><span style=\"color: #000000;\">A exposi\u00e7\u00e3o que ser\u00e1 apresentada no <strong>DS World Paris<\/strong> resumira um pouco dos quase 40 anos de alta costura e de know-how \u00e0 francesa, do in\u00edcio de sua carreira na Dior at\u00e9 sua instala\u00e7\u00e3o na <em>rue Spontini<\/em>, passando, em seguida, para a <em>Avenue Marceau<\/em> \u2013 para onde a casa Saint Laurent se mudou em 1974.<\/span><\/p>\n<p style=\"text-align: center;\"><a href=\"http:\/\/www.myfashionlife.com.br\/wp-content\/uploads\/2015\/06\/yv.jpg\"><img loading=\"lazy\" decoding=\"async\" class=\"aligncenter wp-image-7256 size-large\" src=\"http:\/\/www.myfashionlife.com.br\/wp-content\/uploads\/2015\/06\/yv-689x1024.jpg\" alt=\"yv\" width=\"474\" height=\"704\" srcset=\"http:\/\/www.girosgourmet.com.br\/wp-content\/uploads\/2015\/06\/yv-689x1024.jpg 689w, http:\/\/www.girosgourmet.com.br\/wp-content\/uploads\/2015\/06\/yv-202x300.jpg 202w, http:\/\/www.girosgourmet.com.br\/wp-content\/uploads\/2015\/06\/yv-588x873.jpg 588w\" sizes=\"auto, (max-width: 474px) 100vw, 474px\" \/><\/a><\/p>\n<p style=\"text-align: justify;\"><span style=\"color: #000000;\">Esta s\u00e9rie de 36 fotografias tamb\u00e9m abre as portas de seu universo particular, nos permitindo adentrar as oficinas e bastidores das cole\u00e7\u00f5es e presenciar a efervesc\u00eancia dos grandes desfiles (e que fizeram o sucesso e a reputa\u00e7\u00e3o da casa Saint Laurent no mundo inteiro). Retratando a prepara\u00e7\u00e3o dos desfiles, o ajuste de uma pe\u00e7a de vestu\u00e1rio ou ainda as sess\u00f5es de trabalho longe dos olhares, a exposi\u00e7\u00e3o lan\u00e7a um olhar furtivo e discreto sobre a vida do mais intrigante e misterioso dos estilistas franceses.<\/span><\/p>\n<p style=\"text-align: justify;\"><span style=\"color: #000000;\">Indo a Paris, exposi\u00e7\u00e3o imperd\u00edvel!<\/span><\/p>\n<p style=\"text-align: justify;\"><span style=\"color: #000000;\">\u00a0<\/span><\/p>\n<p style=\"text-align: justify;\"><span style=\"color: #000000;\"><strong><span style=\"text-decoration: underline;\">Informa\u00e7\u00f5es pr\u00e1ticas<\/span><\/strong><strong><span style=\"text-decoration: underline;\">\u00a0<\/span><\/strong><\/span><\/p>\n<p style=\"text-align: justify;\"><span style=\"color: #000000;\"><strong>EXPOSI\u00c7\u00c3O YVES SAINT LAURENT NO DS WORLD PARIS<br \/>\n<\/strong><strong>De 11 de junho a 10 de setembro de 2015 <\/strong>no DS WORLD PARIS &#8211; <em>33 rue Fran\u00e7ois 1<sup>er<\/sup> Paris 8<sup>e<br \/>\n<\/sup><\/em><em><span style=\"text-decoration: underline;\">Para chegar l\u00e1-\u00a0<\/span><\/em><em>Metr\u00f4: esta\u00e7\u00f5es Franklin Roosevelt (linhas 1, 9), Alma Marceau (linha 9) ou George V (linha 1)<br \/>\n<\/em><em>\u00d4nibus : linha 32 parada Pierre Charron-Fran\u00e7ois 1<sup>er<\/sup><\/em><\/span><\/p>\n<p style=\"text-align: justify;\">\n<iframe src=\"http:\/\/www.facebook.com\/plugins\/like.php?href=http:\/\/www.girosgourmet.com.br\/index.php\/ds-world-paris-abrira-suas-portas-para-uma-das-figuras-mais-emblematicas-da-alta-costura-yves-saint-laurent\/&amp;layout=standard&amp;show_faces=1&amp;width=450&amp;action=like&amp;colorscheme=light&amp;font=\" scrolling=\"no\" frameborder=\"0\" style=\"border:none; overflow:hidden; width:450px; height:60px\"><\/iframe>","protected":false},"excerpt":{"rendered":"<p>Se todos os dias Paris te chama, agora voc\u00ea ter\u00e1 mais um motivo para visita-la! No pr\u00f3ximo dia 11 de junho ser\u00e1 inaugurado uma super exposi\u00e7\u00e3o fotogr\u00e1fica sobre a brilhante trajet\u00f3ria do estilista Yves Saint Laurent. A exposi\u00e7\u00e3o que ser\u00e1 apresentada no DS World Paris resumira um pouco dos quase [&hellip;]<\/p>\n","protected":false},"author":3,"featured_media":0,"comment_status":"open","ping_status":"closed","sticky":false,"template":"","format":"standard","meta":{"footnotes":""},"categories":[41],"tags":[1586,1190,87,172],"class_list":["post-7254","post","type-post","status-publish","format-standard","hentry","category-viagens","tag-ds-world-paris","tag-exposicao-fotografica","tag-paris","tag-yves-saint-laurent"],"_links":{"self":[{"href":"http:\/\/www.girosgourmet.com.br\/index.php\/wp-json\/wp\/v2\/posts\/7254","targetHints":{"allow":["GET"]}}],"collection":[{"href":"http:\/\/www.girosgourmet.com.br\/index.php\/wp-json\/wp\/v2\/posts"}],"about":[{"href":"http:\/\/www.girosgourmet.com.br\/index.php\/wp-json\/wp\/v2\/types\/post"}],"author":[{"embeddable":true,"href":"http:\/\/www.girosgourmet.com.br\/index.php\/wp-json\/wp\/v2\/users\/3"}],"replies":[{"embeddable":true,"href":"http:\/\/www.girosgourmet.com.br\/index.php\/wp-json\/wp\/v2\/comments?post=7254"}],"version-history":[{"count":1,"href":"http:\/\/www.girosgourmet.com.br\/index.php\/wp-json\/wp\/v2\/posts\/7254\/revisions"}],"predecessor-version":[{"id":7257,"href":"http:\/\/www.girosgourmet.com.br\/index.php\/wp-json\/wp\/v2\/posts\/7254\/revisions\/7257"}],"wp:attachment":[{"href":"http:\/\/www.girosgourmet.com.br\/index.php\/wp-json\/wp\/v2\/media?parent=7254"}],"wp:term":[{"taxonomy":"category","embeddable":true,"href":"http:\/\/www.girosgourmet.com.br\/index.php\/wp-json\/wp\/v2\/categories?post=7254"},{"taxonomy":"post_tag","embeddable":true,"href":"http:\/\/www.girosgourmet.com.br\/index.php\/wp-json\/wp\/v2\/tags?post=7254"}],"curies":[{"name":"wp","href":"https:\/\/api.w.org\/{rel}","templated":true}]}}