{"id":7042,"date":"2014-09-08T17:22:51","date_gmt":"2014-09-08T20:22:51","guid":{"rendered":"http:\/\/www.myfashionlife.com.br\/?p=7042"},"modified":"2014-09-08T17:24:01","modified_gmt":"2014-09-08T20:24:01","slug":"chef-carla-pernambuco-lanca-seu-9o-livro","status":"publish","type":"post","link":"http:\/\/www.girosgourmet.com.br\/index.php\/chef-carla-pernambuco-lanca-seu-9o-livro\/","title":{"rendered":"Chef Carla Pernambuco lan\u00e7a seu 9\u00ba livro!"},"content":{"rendered":"<p style=\"text-align: center;\"><a href=\"http:\/\/www.myfashionlife.com.br\/wp-content\/uploads\/2014\/09\/carla-pernambuco.jpg\"><img loading=\"lazy\" decoding=\"async\" class=\"aligncenter wp-image-7043\" src=\"http:\/\/www.myfashionlife.com.br\/wp-content\/uploads\/2014\/09\/carla-pernambuco.jpg\" alt=\"carla-pernambuco\" width=\"693\" height=\"462\" srcset=\"http:\/\/www.girosgourmet.com.br\/wp-content\/uploads\/2014\/09\/carla-pernambuco.jpg 960w, http:\/\/www.girosgourmet.com.br\/wp-content\/uploads\/2014\/09\/carla-pernambuco-300x200.jpg 300w, http:\/\/www.girosgourmet.com.br\/wp-content\/uploads\/2014\/09\/carla-pernambuco-588x392.jpg 588w\" sizes=\"auto, (max-width: 693px) 100vw, 693px\" \/><\/a><\/p>\n<p style=\"text-align: justify;\"><span style=\"color: #000000;\">E amanh\u00e3 (9), na <strong>Livraria Cultura<\/strong> do shopping Iguatemi, iremos conferir mais um grande lan\u00e7amento liter\u00e1rio voltado para a gastronomia! A chef <strong>Carla Pernambuco<\/strong> estar\u00e1 lan\u00e7ando seu 9\u00ba livro: &#8220;<strong>Di\u00e1rio da Cozinheira \u2013 Viagens, mem\u00f3rias e receitas<\/strong>&#8221; (Editora LEYA). O di\u00e1rio de bordo gastron\u00f4mico \u00e9 recheado de receitas, boas hist\u00f3rias e mem\u00f3rias de lugares como Turquia, Inglaterra, Fran\u00e7a, R\u00fassia, Holanda, Portugal, Espanha, Caribe, Nova Iorque e v\u00e1rias cidades latino-americanas.<\/span><\/p>\n<p><span style=\"color: #000000;\"> Umas das mais conceituadas cozinheiras da nossa gastronomia, Carla amplia seu olhar por um passeio onde receitas, culturas e uma pitada de hist\u00f3ria s\u00e3o os grandes ingredientes desta deliciosa obra.<\/span><\/p>\n<p style=\"text-align: center;\"><a href=\"http:\/\/www.myfashionlife.com.br\/wp-content\/uploads\/2014\/09\/livro-carla.jpg\"><img loading=\"lazy\" decoding=\"async\" class=\"aligncenter size-full wp-image-7044\" src=\"http:\/\/www.myfashionlife.com.br\/wp-content\/uploads\/2014\/09\/livro-carla.jpg\" alt=\"livro carla\" width=\"600\" height=\"450\" srcset=\"http:\/\/www.girosgourmet.com.br\/wp-content\/uploads\/2014\/09\/livro-carla.jpg 600w, http:\/\/www.girosgourmet.com.br\/wp-content\/uploads\/2014\/09\/livro-carla-300x225.jpg 300w, http:\/\/www.girosgourmet.com.br\/wp-content\/uploads\/2014\/09\/livro-carla-588x441.jpg 588w\" sizes=\"auto, (max-width: 600px) 100vw, 600px\" \/><\/a><\/p>\n<p style=\"text-align: justify;\"><span style=\"color: #000000;\">S\u00e3o 224 p\u00e1ginas com ilustra\u00e7\u00f5es, registros em guardanapos, rabiscos em folhetos, fatos curiosos, fotos de celular e lembran\u00e7as especiais, onde a chef compartilha com o seu leitor a suas visitas por alguns dos mais incr\u00edveis lugares do mundo.\u00a0<\/span><\/p>\n<p style=\"text-align: justify;\"><span style=\"color: #000000;\">Leitura leve e f\u00e1cil para quem acha que a cozinha \u00e9 um dos principais elementos da cultura deste universo.<\/span><\/p>\n<p style=\"text-align: justify;\"><span style=\"color: #000000;\"><strong>Di\u00e1rio da Cozinheira \u2013 Viagens, mem\u00f3rias e receitas<\/strong><\/span><br \/>\n<span style=\"color: #000000;\"> Editora LEYA<\/span><br \/>\n<span style=\"color: #000000;\"> G\u00eanero: Gastronomia\/ Guia de viagem<\/span><br \/>\n<span style=\"color: #000000;\"> P\u00e1gs: 224<\/span><br \/>\n<span style=\"color: #000000;\"> Pre\u00e7o: R$ 59,90<\/span><\/p>\n<p style=\"text-align: justify;\"><span style=\"color: #000000;\">\u00a0<\/span><\/p>\n<iframe src=\"http:\/\/www.facebook.com\/plugins\/like.php?href=http:\/\/www.girosgourmet.com.br\/index.php\/chef-carla-pernambuco-lanca-seu-9o-livro\/&amp;layout=standard&amp;show_faces=1&amp;width=450&amp;action=like&amp;colorscheme=light&amp;font=\" scrolling=\"no\" frameborder=\"0\" style=\"border:none; overflow:hidden; width:450px; height:60px\"><\/iframe>","protected":false},"excerpt":{"rendered":"<p>E amanh\u00e3 (9), na Livraria Cultura do shopping Iguatemi, iremos conferir mais um grande lan\u00e7amento liter\u00e1rio voltado para a gastronomia! A chef Carla Pernambuco estar\u00e1 lan\u00e7ando seu 9\u00ba livro: &#8220;Di\u00e1rio da Cozinheira \u2013 Viagens, mem\u00f3rias e receitas&#8221; (Editora LEYA). O di\u00e1rio de bordo gastron\u00f4mico \u00e9 recheado de receitas, boas hist\u00f3rias [&hellip;]<\/p>\n","protected":false},"author":3,"featured_media":0,"comment_status":"open","ping_status":"closed","sticky":false,"template":"","format":"standard","meta":{"footnotes":""},"categories":[40,39],"tags":[1512,901,58,1513],"class_list":["post-7042","post","type-post","status-publish","format-standard","hentry","category-culturamodabelezabem-estar","category-gastronomia","tag-carla-pernambuco","tag-livraria-cultura","tag-livro","tag-shopping-iguatemi"],"_links":{"self":[{"href":"http:\/\/www.girosgourmet.com.br\/index.php\/wp-json\/wp\/v2\/posts\/7042","targetHints":{"allow":["GET"]}}],"collection":[{"href":"http:\/\/www.girosgourmet.com.br\/index.php\/wp-json\/wp\/v2\/posts"}],"about":[{"href":"http:\/\/www.girosgourmet.com.br\/index.php\/wp-json\/wp\/v2\/types\/post"}],"author":[{"embeddable":true,"href":"http:\/\/www.girosgourmet.com.br\/index.php\/wp-json\/wp\/v2\/users\/3"}],"replies":[{"embeddable":true,"href":"http:\/\/www.girosgourmet.com.br\/index.php\/wp-json\/wp\/v2\/comments?post=7042"}],"version-history":[{"count":2,"href":"http:\/\/www.girosgourmet.com.br\/index.php\/wp-json\/wp\/v2\/posts\/7042\/revisions"}],"predecessor-version":[{"id":7046,"href":"http:\/\/www.girosgourmet.com.br\/index.php\/wp-json\/wp\/v2\/posts\/7042\/revisions\/7046"}],"wp:attachment":[{"href":"http:\/\/www.girosgourmet.com.br\/index.php\/wp-json\/wp\/v2\/media?parent=7042"}],"wp:term":[{"taxonomy":"category","embeddable":true,"href":"http:\/\/www.girosgourmet.com.br\/index.php\/wp-json\/wp\/v2\/categories?post=7042"},{"taxonomy":"post_tag","embeddable":true,"href":"http:\/\/www.girosgourmet.com.br\/index.php\/wp-json\/wp\/v2\/tags?post=7042"}],"curies":[{"name":"wp","href":"https:\/\/api.w.org\/{rel}","templated":true}]}}