{"id":7021,"date":"2014-08-13T17:50:47","date_gmt":"2014-08-13T20:50:47","guid":{"rendered":"http:\/\/www.myfashionlife.com.br\/?p=7021"},"modified":"2014-08-13T17:52:36","modified_gmt":"2014-08-13T20:52:36","slug":"sallvattore-realiza-festival-do-camarao","status":"publish","type":"post","link":"http:\/\/www.girosgourmet.com.br\/index.php\/sallvattore-realiza-festival-do-camarao\/","title":{"rendered":"Sallvattore realiza Festival do Camar\u00e3o!"},"content":{"rendered":"<div id=\"attachment_7022\" style=\"width: 579px\" class=\"wp-caption aligncenter\"><a href=\"http:\/\/www.myfashionlife.com.br\/wp-content\/uploads\/2014\/08\/Penne-primavera-com-camar\u00e3o-e-lim\u00e3o-siciliano-aspargos-e-tomate-cereja.jpg\"><img loading=\"lazy\" decoding=\"async\" aria-describedby=\"caption-attachment-7022\" class=\"wp-image-7022 \" src=\"http:\/\/www.myfashionlife.com.br\/wp-content\/uploads\/2014\/08\/Penne-primavera-com-camar\u00e3o-e-lim\u00e3o-siciliano-aspargos-e-tomate-cereja-1024x678.jpg\" alt=\"Penne primavera com camar\u00e3o e lim\u00e3o siciliano, aspargos e tomate cereja\" width=\"569\" height=\"376\" srcset=\"http:\/\/www.girosgourmet.com.br\/wp-content\/uploads\/2014\/08\/Penne-primavera-com-camar\u00e3o-e-lim\u00e3o-siciliano-aspargos-e-tomate-cereja-1024x678.jpg 1024w, http:\/\/www.girosgourmet.com.br\/wp-content\/uploads\/2014\/08\/Penne-primavera-com-camar\u00e3o-e-lim\u00e3o-siciliano-aspargos-e-tomate-cereja-300x198.jpg 300w, http:\/\/www.girosgourmet.com.br\/wp-content\/uploads\/2014\/08\/Penne-primavera-com-camar\u00e3o-e-lim\u00e3o-siciliano-aspargos-e-tomate-cereja-588x389.jpg 588w\" sizes=\"auto, (max-width: 569px) 100vw, 569px\" \/><\/a><p id=\"caption-attachment-7022\" class=\"wp-caption-text\">Penne primavera com camar\u00e3o e lim\u00e3o siciliano, aspargos e tomate cereja<\/p><\/div>\n<p style=\"text-align: justify;\"><span style=\"color: #000000;\">Curte uma boa receita feita com frutos do mar?\u00a0 Ent\u00e3o n\u00e3o deve perder o <strong><em>Festival do Camar\u00e3o<\/em><\/strong>, \u00a0que vai rolar no restaurante <strong>Sallvattore<\/strong> entre os dias <em>25 de agosto<\/em> e <em>12 de outubro<\/em>.<\/span><\/p>\n<p style=\"text-align: justify;\"><span style=\"color: #000000;\">O menu criado pelo chef <strong>Bira de Oliveira<\/strong> apresenta tr\u00eas sugest\u00f5es de prato principal com o crust\u00e1ceo como protagonista, servidas durante o almo\u00e7o e jantar, s\u00e3o elas: <em>Camar\u00f5es grelhados com arroz \u00e0 proven\u00e7al<\/em> (R$128,50), <em>Penne primavera com camar\u00e3o e lim\u00e3o siciliano, aspargos e tomate cereja<\/em> (R$69), e <em>Risotto com camar\u00e3o e alho porr\u00f3<\/em> (R$88,50).\u00a0<\/span><\/p>\n<div id=\"attachment_7023\" style=\"width: 546px\" class=\"wp-caption aligncenter\"><a href=\"http:\/\/www.myfashionlife.com.br\/wp-content\/uploads\/2014\/08\/Risotto-camarao.jpg\"><img loading=\"lazy\" decoding=\"async\" aria-describedby=\"caption-attachment-7023\" class=\"wp-image-7023 \" src=\"http:\/\/www.myfashionlife.com.br\/wp-content\/uploads\/2014\/08\/Risotto-camarao-1024x682.jpg\" alt=\"Risotto com camar\u00e3o e alho porr\u00f3 \" width=\"536\" height=\"356\" srcset=\"http:\/\/www.girosgourmet.com.br\/wp-content\/uploads\/2014\/08\/Risotto-camarao-1024x682.jpg 1024w, http:\/\/www.girosgourmet.com.br\/wp-content\/uploads\/2014\/08\/Risotto-camarao-300x200.jpg 300w, http:\/\/www.girosgourmet.com.br\/wp-content\/uploads\/2014\/08\/Risotto-camarao-588x392.jpg 588w\" sizes=\"auto, (max-width: 536px) 100vw, 536px\" \/><\/a><p id=\"caption-attachment-7023\" class=\"wp-caption-text\">Risotto com camar\u00e3o e alho porr\u00f3<\/p><\/div>\n<p style=\"text-align: justify;\"><span style=\"color: #000000;\">Todas as receitas podem ser degustadas com a variedade de r\u00f3tulo de vinhos, encontrados na adega da casa.<\/span><\/p>\n<p style=\"text-align: justify;\"><span style=\"color: #000000;\">Localizado no <strong>Itaim Bibi<\/strong>, o Sallvattore chama a aten\u00e7\u00e3o pelos charmosos ambientes decorados por Sig Bergamin. No sal\u00e3o principal predominam os tons azuis e brancos e o ponto alto do terra\u00e7o s\u00e3o as \u00e1rvores e p\u00e1ssaros que recebem cuidados especiais do local.<\/span><\/p>\n<p style=\"text-align: justify;\"><span style=\"color: #000000;\"><strong>SALLVATTORE<\/strong><\/span><\/p>\n<p style=\"text-align: justify;\"><span style=\"color: #000000;\">Rua: Salvador Cardoso, 131 &#8211; Itaim Bibi. Tel.: 3078-8686<\/span><br \/>\n<span style=\"color: #000000;\">Hor\u00e1rio: Segunda a sexta: 12h \u00e0s 15h e 18h \u00e0s 24h. S\u00e1bado: 12h \u00e0s 15h e 18h \u00e0 1h. Domingos e feriados: 12h \u00e0s 24h. Cart\u00f5es: Visa, Credicard, Mastercard, Diners, American Express. Estacionamento com manobrista R$20. Ar condicionado. Couvert: R$9,60. Cobra rolha (R$40<\/span>).<a href=\"http:\/\/www.sallvattore.com.br\">www.sallvattore.com.br<\/a><\/p>\n<iframe src=\"http:\/\/www.facebook.com\/plugins\/like.php?href=http:\/\/www.girosgourmet.com.br\/index.php\/sallvattore-realiza-festival-do-camarao\/&amp;layout=standard&amp;show_faces=1&amp;width=450&amp;action=like&amp;colorscheme=light&amp;font=\" scrolling=\"no\" frameborder=\"0\" style=\"border:none; overflow:hidden; width:450px; height:60px\"><\/iframe>","protected":false},"excerpt":{"rendered":"<p>Curte uma boa receita feita com frutos do mar?\u00a0 Ent\u00e3o n\u00e3o deve perder o Festival do Camar\u00e3o, \u00a0que vai rolar no restaurante Sallvattore entre os dias 25 de agosto e 12 de outubro. O menu criado pelo chef Bira de Oliveira apresenta tr\u00eas sugest\u00f5es de prato principal com o crust\u00e1ceo [&hellip;]<\/p>\n","protected":false},"author":3,"featured_media":0,"comment_status":"open","ping_status":"closed","sticky":false,"template":"","format":"standard","meta":{"footnotes":""},"categories":[39],"tags":[1505,1504,1503],"class_list":["post-7021","post","type-post","status-publish","format-standard","hentry","category-gastronomia","tag-festival-camarao","tag-itaim-bibi","tag-sallvattore"],"_links":{"self":[{"href":"http:\/\/www.girosgourmet.com.br\/index.php\/wp-json\/wp\/v2\/posts\/7021","targetHints":{"allow":["GET"]}}],"collection":[{"href":"http:\/\/www.girosgourmet.com.br\/index.php\/wp-json\/wp\/v2\/posts"}],"about":[{"href":"http:\/\/www.girosgourmet.com.br\/index.php\/wp-json\/wp\/v2\/types\/post"}],"author":[{"embeddable":true,"href":"http:\/\/www.girosgourmet.com.br\/index.php\/wp-json\/wp\/v2\/users\/3"}],"replies":[{"embeddable":true,"href":"http:\/\/www.girosgourmet.com.br\/index.php\/wp-json\/wp\/v2\/comments?post=7021"}],"version-history":[{"count":2,"href":"http:\/\/www.girosgourmet.com.br\/index.php\/wp-json\/wp\/v2\/posts\/7021\/revisions"}],"predecessor-version":[{"id":7025,"href":"http:\/\/www.girosgourmet.com.br\/index.php\/wp-json\/wp\/v2\/posts\/7021\/revisions\/7025"}],"wp:attachment":[{"href":"http:\/\/www.girosgourmet.com.br\/index.php\/wp-json\/wp\/v2\/media?parent=7021"}],"wp:term":[{"taxonomy":"category","embeddable":true,"href":"http:\/\/www.girosgourmet.com.br\/index.php\/wp-json\/wp\/v2\/categories?post=7021"},{"taxonomy":"post_tag","embeddable":true,"href":"http:\/\/www.girosgourmet.com.br\/index.php\/wp-json\/wp\/v2\/tags?post=7021"}],"curies":[{"name":"wp","href":"https:\/\/api.w.org\/{rel}","templated":true}]}}