{"id":6849,"date":"2014-04-13T20:21:53","date_gmt":"2014-04-13T23:21:53","guid":{"rendered":"http:\/\/www.myfashionlife.com.br\/?p=6849"},"modified":"2014-04-13T20:21:53","modified_gmt":"2014-04-13T23:21:53","slug":"lagerfeld-confidencial-um-dvd-obrigatorio-para-os-fashionistas","status":"publish","type":"post","link":"http:\/\/www.girosgourmet.com.br\/index.php\/lagerfeld-confidencial-um-dvd-obrigatorio-para-os-fashionistas\/","title":{"rendered":"Lagerfeld Confidencial &#8211; Um DVD obrigat\u00f3rio para os fashionistas!"},"content":{"rendered":"<p style=\"text-align: center;\"><a href=\"http:\/\/www.myfashionlife.com.br\/wp-content\/uploads\/2014\/04\/LagerfeldConfidential_hdr.jpg\"><img loading=\"lazy\" decoding=\"async\" class=\"aligncenter size-full wp-image-6850\" alt=\"LagerfeldConfidential_hdr\" src=\"http:\/\/www.myfashionlife.com.br\/wp-content\/uploads\/2014\/04\/LagerfeldConfidential_hdr.jpg\" width=\"525\" height=\"180\" srcset=\"http:\/\/www.girosgourmet.com.br\/wp-content\/uploads\/2014\/04\/LagerfeldConfidential_hdr.jpg 525w, http:\/\/www.girosgourmet.com.br\/wp-content\/uploads\/2014\/04\/LagerfeldConfidential_hdr-300x102.jpg 300w\" sizes=\"auto, (max-width: 525px) 100vw, 525px\" \/><\/a><\/p>\n<p style=\"text-align: justify;\"><span style=\"color: #000000;\">Podem falar o que quiserem de <strong>Karl Lagerfeld,<\/strong> mas eu o adoro, arrisco ate em dizer que fa\u00e7o parte da \u201cpatota\u201d dele, s\u00f3 que com menos grana e talvez menos ambi\u00e7\u00e3o&#8230;.rs<\/span><\/p>\n<p style=\"text-align: justify;\"><span style=\"color: #000000;\">E por adorar tudo que ele faz, cria, pinta ou fotografa&#8230;eu sempre o acompanho de pertinho. Sexta passada (11) estava eu em uma das livrarias da cidade que mais gosto, e dei de cara com o DVD <em><strong>Lagerfeld Confidencial<\/strong><\/em>, n\u00e3o hesitei e o comprei imediatamente&#8230;afinal eu queria ver tudo que acontece com aquela pessoa atr\u00e1s dos \u00f3culos&#8230;<\/span><\/p>\n<p style=\"text-align: center;\"><a href=\"http:\/\/www.myfashionlife.com.br\/wp-content\/uploads\/2014\/04\/lagerfeld-confidential1.jpg\"><img loading=\"lazy\" decoding=\"async\" class=\"aligncenter  wp-image-6851\" alt=\"lagerfeld-confidential1\" src=\"http:\/\/www.myfashionlife.com.br\/wp-content\/uploads\/2014\/04\/lagerfeld-confidential1.jpg\" width=\"553\" height=\"311\" srcset=\"http:\/\/www.girosgourmet.com.br\/wp-content\/uploads\/2014\/04\/lagerfeld-confidential1.jpg 1024w, http:\/\/www.girosgourmet.com.br\/wp-content\/uploads\/2014\/04\/lagerfeld-confidential1-300x168.jpg 300w\" sizes=\"auto, (max-width: 553px) 100vw, 553px\" \/><\/a><\/p>\n<p style=\"text-align: justify;\"><span style=\"color: #000000;\">O document\u00e1rio retrata todo o mist\u00e9rio que paira sobre este ser; desfiles, seus belos trabalhos como fotografo, sua biblioteca fant\u00e1stica, seu closet estupendo e muitas, mais muitas declara\u00e7\u00f5es de um ser insubstitu\u00edvel no mundo da moda. <\/span><\/p>\n<p style=\"text-align: justify;\"><span style=\"color: #000000;\">Eu fiquei surpresa com seu grande bom humor e suas frases de efeito, como por exemplo \u201cDetesto pessoas que n\u00e3o conseguem ficar a s\u00f3s\u201d&#8230;..Fant\u00e1stico!<\/span><\/p>\n<p style=\"text-align: justify;\"><span style=\"color: #000000;\">Quer saber mais, assista esta hist\u00f3ria e fique ainda mais fascinado com o maravilhoso mundo <strong>Chanel<\/strong>!<\/span><\/p>\n<p style=\"text-align: justify;\"><span style=\"color: #000000;\">Karl Lagerfeld, definitivamente \u00e9 do nosso TIME! Hahahaha<\/span><\/p>\n<iframe src=\"http:\/\/www.facebook.com\/plugins\/like.php?href=http:\/\/www.girosgourmet.com.br\/index.php\/lagerfeld-confidencial-um-dvd-obrigatorio-para-os-fashionistas\/&amp;layout=standard&amp;show_faces=1&amp;width=450&amp;action=like&amp;colorscheme=light&amp;font=\" scrolling=\"no\" frameborder=\"0\" style=\"border:none; overflow:hidden; width:450px; height:60px\"><\/iframe>","protected":false},"excerpt":{"rendered":"<p>Podem falar o que quiserem de Karl Lagerfeld, mas eu o adoro, arrisco ate em dizer que fa\u00e7o parte da \u201cpatota\u201d dele, s\u00f3 que com menos grana e talvez menos ambi\u00e7\u00e3o&#8230;.rs E por adorar tudo que ele faz, cria, pinta ou fotografa&#8230;eu sempre o acompanho de pertinho. Sexta passada (11) [&hellip;]<\/p>\n","protected":false},"author":3,"featured_media":0,"comment_status":"open","ping_status":"closed","sticky":false,"template":"","format":"standard","meta":{"footnotes":""},"categories":[40],"tags":[530,606,679],"class_list":["post-6849","post","type-post","status-publish","format-standard","hentry","category-culturamodabelezabem-estar","tag-chanel","tag-dvd","tag-karl-lagerfeld"],"_links":{"self":[{"href":"http:\/\/www.girosgourmet.com.br\/index.php\/wp-json\/wp\/v2\/posts\/6849","targetHints":{"allow":["GET"]}}],"collection":[{"href":"http:\/\/www.girosgourmet.com.br\/index.php\/wp-json\/wp\/v2\/posts"}],"about":[{"href":"http:\/\/www.girosgourmet.com.br\/index.php\/wp-json\/wp\/v2\/types\/post"}],"author":[{"embeddable":true,"href":"http:\/\/www.girosgourmet.com.br\/index.php\/wp-json\/wp\/v2\/users\/3"}],"replies":[{"embeddable":true,"href":"http:\/\/www.girosgourmet.com.br\/index.php\/wp-json\/wp\/v2\/comments?post=6849"}],"version-history":[{"count":2,"href":"http:\/\/www.girosgourmet.com.br\/index.php\/wp-json\/wp\/v2\/posts\/6849\/revisions"}],"predecessor-version":[{"id":6853,"href":"http:\/\/www.girosgourmet.com.br\/index.php\/wp-json\/wp\/v2\/posts\/6849\/revisions\/6853"}],"wp:attachment":[{"href":"http:\/\/www.girosgourmet.com.br\/index.php\/wp-json\/wp\/v2\/media?parent=6849"}],"wp:term":[{"taxonomy":"category","embeddable":true,"href":"http:\/\/www.girosgourmet.com.br\/index.php\/wp-json\/wp\/v2\/categories?post=6849"},{"taxonomy":"post_tag","embeddable":true,"href":"http:\/\/www.girosgourmet.com.br\/index.php\/wp-json\/wp\/v2\/tags?post=6849"}],"curies":[{"name":"wp","href":"https:\/\/api.w.org\/{rel}","templated":true}]}}