{"id":6761,"date":"2014-01-29T20:57:05","date_gmt":"2014-01-29T23:57:05","guid":{"rendered":"http:\/\/www.myfashionlife.com.br\/?p=6761"},"modified":"2014-01-29T20:57:39","modified_gmt":"2014-01-29T23:57:39","slug":"exposicao-david-bowie-chega-ao-mis-esta-semana","status":"publish","type":"post","link":"http:\/\/www.girosgourmet.com.br\/index.php\/exposicao-david-bowie-chega-ao-mis-esta-semana\/","title":{"rendered":"Exposi\u00e7\u00e3o David Bowie chega ao MIS esta semana!"},"content":{"rendered":"<p style=\"text-align: justify;\"><span style=\"color: #000000;\">E vai rolar no <b>MIS<\/b> entre os dias 31 de janeiro e 20 de abril de 2014, uma super exposi\u00e7\u00e3o do cantor brit\u00e2nico\u00a0<strong><i>David Bowie<\/i><\/strong>. E quem n\u00e3o gosta do cara que criou musicas como \u201cHeroes\u201d ou \u201cRebel Rebel\u201d s\u00f3 pode ser um louco&#8230;.risos<\/span><\/p>\n<p style=\"text-align: justify;\"><span style=\"color: #000000;\">Esta ser\u00e1 a primeira retrospectiva internacional sobre a carreira do artista brit\u00e2nico, a mostra \u2013 originalmente intitulada <b><i>David Bowie Is<\/i><\/b> \u2013 aterrissa em S\u00e3o Paulo, ap\u00f3s enorme sucesso em Londres, onde ficou em cartaz no Victoria and Albert Museum (V&amp;A), e antes das demais capitais europeias. \u00a0<strong>Victoria Broackes<\/strong> e <strong>Geoffrey Marsh<\/strong>, curadores de Teatro e Performance do V&amp;A, selecionaram cerca de 300 itens relacionados ao artista como manuscritos de letras de m\u00fasicas e figurinos originais.\u00a0Para completar, os visitantes ser\u00e3o acompanhados por uma experi\u00eancia sonora (com fones de ouvido inclusos no valor do ingresso), proporcionada pela empresa alem\u00e3 <strong>Sennheiser<\/strong>.<\/span><\/p>\n<p style=\"text-align: center;\"><a href=\"http:\/\/www.myfashionlife.com.br\/wp-content\/uploads\/2014\/01\/David.jpg\"><img loading=\"lazy\" decoding=\"async\" class=\"aligncenter  wp-image-6762\" alt=\"David Bowie:Ziggy Stardust\" src=\"http:\/\/www.myfashionlife.com.br\/wp-content\/uploads\/2014\/01\/David.jpg\" width=\"349\" height=\"465\" srcset=\"http:\/\/www.girosgourmet.com.br\/wp-content\/uploads\/2014\/01\/David.jpg 4080w, http:\/\/www.girosgourmet.com.br\/wp-content\/uploads\/2014\/01\/David-225x300.jpg 225w, http:\/\/www.girosgourmet.com.br\/wp-content\/uploads\/2014\/01\/David-768x1024.jpg 768w\" sizes=\"auto, (max-width: 349px) 100vw, 349px\" \/><\/a><\/p>\n<p style=\"text-align: justify;\"><span style=\"color: #000000;\">\u201cDavid Bowie sempre foi um artista pioneiro. Inovando a cada \u00e1lbum, antecipava tend\u00eancias de sua \u00e9poca, usando sua criatividade no design de suas capas de discos, na composi\u00e7\u00e3o de seus videoclipes e em seus personagens no cinema. Influenciou e continua influenciando diversas gera\u00e7\u00f5es de artistas\u201d, resume Andr\u00e9 Sturm, diretor executivo do MIS. \u201cFechamos a exibi\u00e7\u00e3o aqui no MIS em 2012, antes mesmo da abertura da exposi\u00e7\u00e3o em Londres. Particularmente sou um grande f\u00e3 de Bowie e \u00e9 com muita satisfa\u00e7\u00e3o que trazemos mais uma grande mostra para o nosso museu\u201d, complementa.<\/span><\/p>\n<p style=\"text-align: justify;\"><span style=\"color: #000000;\">Entre os figurinos que comp\u00f5em o invent\u00e1rio da mostra, est\u00e3o pe\u00e7as do \u00e1lbum <i>Aladdin Sane, <\/i>como o macac\u00e3o assim\u00e9trico feito de vinil (Tokyo Pop) assinado por <strong>Kansai Yamamoto<\/strong> e a bota plataforma vermelha, ambos usados na turn\u00ea do \u00e1lbum em 1973; o terno azul claro usado na grava\u00e7\u00e3o do promo feito para <i>Life on Mars?<\/i> e o conjunto de cal\u00e7a e jaqueta multicoloridos, de <strong>Freddie Burretti<\/strong>, feito para a turn\u00ea <strong><i>Ziggy Stardust<\/i><\/strong>.<\/span><\/p>\n<p style=\"text-align: center;\"><a href=\"http:\/\/www.myfashionlife.com.br\/wp-content\/uploads\/2014\/01\/David1.jpg\"><img loading=\"lazy\" decoding=\"async\" class=\"aligncenter  wp-image-6764\" alt=\"David1\" src=\"http:\/\/www.myfashionlife.com.br\/wp-content\/uploads\/2014\/01\/David1.jpg\" width=\"375\" height=\"537\" srcset=\"http:\/\/www.girosgourmet.com.br\/wp-content\/uploads\/2014\/01\/David1.jpg 2480w, http:\/\/www.girosgourmet.com.br\/wp-content\/uploads\/2014\/01\/David1-209x300.jpg 209w, http:\/\/www.girosgourmet.com.br\/wp-content\/uploads\/2014\/01\/David1-714x1024.jpg 714w\" sizes=\"auto, (max-width: 375px) 100vw, 375px\" \/><\/a><\/p>\n<p style=\"text-align: justify;\"><span style=\"color: #000000;\">A produ\u00e7\u00e3o fotogr\u00e1fica tamb\u00e9m traz interessante material, como a foto promocional feita para a banda The Kon-rads, quando Bowie tinha apenas 16 anos; uma colagem feita por Bowie a partir de stills do v\u00eddeo de <i>The Man Who Fell to Earth;<\/i> e outra imagem dele com o escritor William Burroughs, fotografados por Terry O\u2019Neill, e colorida manualmente pelo cantor.<\/span><\/p>\n<p style=\"text-align: justify;\"><span style=\"color: #000000;\">A exposi\u00e7\u00e3o coloca os visitantes dentro do processo criativo de Bowie e mostra como sua obra influenciou diversos movimentos art\u00edsticos. Ela apresenta o artista como um astuto observador da nossa sociedade, que sempre fez interven\u00e7\u00f5es significativas na cultura, deixando um poderoso legado. O museu prepara uma extensa e especial programa\u00e7\u00e3o relacionada ao artista, incluindo todos os programas regulares do museu, como o Cinematographo e Est\u00e9reo MIS, e uma mostra com todos os filmes que Bowie participou.<\/span><\/p>\n<p><span style=\"color: #000000;\">E ai seja sincero comigo, d\u00e1 pra ficar fora desta? No way&#8230;.nos veremos por l\u00e1!<\/span><\/p>\n<p><span style=\"color: #000000;\"><b>Servi\u00e7o<br \/>\n<\/b><b style=\"font-size: 0.8em;\">David Bowie<br \/>\n<\/b><b style=\"font-size: 0.8em;\">Visita\u00e7\u00e3o<\/b><span style=\"font-size: 0.8em;\"> 31.01 a 20.04.2014<br \/>\n<\/span><b style=\"font-size: 0.8em;\">Hor\u00e1rio da bilheteria<\/b><span style=\"font-size: 0.8em;\"> Ter\u00e7as a sextas, das 12h \u00e0s 20h | S\u00e1bados: 11h \u00e0s 21h | Domingos e feriados, das 11h \u00e0s 20h<br \/>\n<\/span><b style=\"font-size: 0.8em;\">Local Expositiv<\/b><span style=\"font-size: 0.8em;\">o T\u00e9rreo, Expositivo 1\u00ba andar e 2\u00ba andar<br \/>\n<\/span><b style=\"font-size: 0.8em;\">Ingresso<\/b><span style=\"font-size: 0.8em;\"> \u00c0 venda a partir de 31 janeiro de 2014, na recep\u00e7\u00e3o do MIS (R$ 10,00 e R$ 5,00) ou pelo site <\/span><a style=\"font-size: 0.8em;\" href=\"http:\/\/www.ingressorapido.com.br\/\"><span style=\"color: #000000;\">www.ingressorapido.com.br<\/span><\/a><span style=\"font-size: 0.8em;\"> (R$ 25,00<\/span><i style=\"font-size: 0.8em;\">) a partir do dia 2 de janeiro.<\/i><\/span><\/p>\n<iframe src=\"http:\/\/www.facebook.com\/plugins\/like.php?href=http:\/\/www.girosgourmet.com.br\/index.php\/exposicao-david-bowie-chega-ao-mis-esta-semana\/&amp;layout=standard&amp;show_faces=1&amp;width=450&amp;action=like&amp;colorscheme=light&amp;font=\" scrolling=\"no\" frameborder=\"0\" style=\"border:none; overflow:hidden; width:450px; height:60px\"><\/iframe>","protected":false},"excerpt":{"rendered":"<p>E vai rolar no MIS entre os dias 31 de janeiro e 20 de abril de 2014, uma super exposi\u00e7\u00e3o do cantor brit\u00e2nico\u00a0David Bowie. E quem n\u00e3o gosta do cara que criou musicas como \u201cHeroes\u201d ou \u201cRebel Rebel\u201d s\u00f3 pode ser um louco&#8230;.risos Esta ser\u00e1 a primeira retrospectiva internacional sobre [&hellip;]<\/p>\n","protected":false},"author":3,"featured_media":0,"comment_status":"open","ping_status":"closed","sticky":false,"template":"","format":"standard","meta":{"footnotes":""},"categories":[40],"tags":[1418,452],"class_list":["post-6761","post","type-post","status-publish","format-standard","hentry","category-culturamodabelezabem-estar","tag-david-bowie","tag-mis"],"_links":{"self":[{"href":"http:\/\/www.girosgourmet.com.br\/index.php\/wp-json\/wp\/v2\/posts\/6761","targetHints":{"allow":["GET"]}}],"collection":[{"href":"http:\/\/www.girosgourmet.com.br\/index.php\/wp-json\/wp\/v2\/posts"}],"about":[{"href":"http:\/\/www.girosgourmet.com.br\/index.php\/wp-json\/wp\/v2\/types\/post"}],"author":[{"embeddable":true,"href":"http:\/\/www.girosgourmet.com.br\/index.php\/wp-json\/wp\/v2\/users\/3"}],"replies":[{"embeddable":true,"href":"http:\/\/www.girosgourmet.com.br\/index.php\/wp-json\/wp\/v2\/comments?post=6761"}],"version-history":[{"count":2,"href":"http:\/\/www.girosgourmet.com.br\/index.php\/wp-json\/wp\/v2\/posts\/6761\/revisions"}],"predecessor-version":[{"id":6765,"href":"http:\/\/www.girosgourmet.com.br\/index.php\/wp-json\/wp\/v2\/posts\/6761\/revisions\/6765"}],"wp:attachment":[{"href":"http:\/\/www.girosgourmet.com.br\/index.php\/wp-json\/wp\/v2\/media?parent=6761"}],"wp:term":[{"taxonomy":"category","embeddable":true,"href":"http:\/\/www.girosgourmet.com.br\/index.php\/wp-json\/wp\/v2\/categories?post=6761"},{"taxonomy":"post_tag","embeddable":true,"href":"http:\/\/www.girosgourmet.com.br\/index.php\/wp-json\/wp\/v2\/tags?post=6761"}],"curies":[{"name":"wp","href":"https:\/\/api.w.org\/{rel}","templated":true}]}}