{"id":6248,"date":"2013-09-08T22:10:43","date_gmt":"2013-09-09T01:10:43","guid":{"rendered":"http:\/\/www.myfashionlife.com.br\/?p=6248"},"modified":"2013-09-08T22:10:43","modified_gmt":"2013-09-09T01:10:43","slug":"mostra-doc-gastronomia-acontece-em-setembro","status":"publish","type":"post","link":"http:\/\/www.girosgourmet.com.br\/index.php\/mostra-doc-gastronomia-acontece-em-setembro\/","title":{"rendered":"Mostra DOC Gastronomia acontece em setembro!"},"content":{"rendered":"<p style=\"text-align: center;\"><a href=\"http:\/\/www.myfashionlife.com.br\/wp-content\/uploads\/2013\/09\/Mostra-gastronomia.jpg\"><img loading=\"lazy\" decoding=\"async\" class=\"wp-image-6249 aligncenter\" alt=\"Mostra gastronomia\" src=\"http:\/\/www.myfashionlife.com.br\/wp-content\/uploads\/2013\/09\/Mostra-gastronomia.jpg\" width=\"599\" height=\"225\" srcset=\"http:\/\/www.girosgourmet.com.br\/wp-content\/uploads\/2013\/09\/Mostra-gastronomia.jpg 831w, http:\/\/www.girosgourmet.com.br\/wp-content\/uploads\/2013\/09\/Mostra-gastronomia-300x112.jpg 300w\" sizes=\"auto, (max-width: 599px) 100vw, 599px\" \/><\/a><\/p>\n<p style=\"text-align: justify;\"><span style=\"color: #000000;\">Uma \u00f3tima noticia para quem aprecia a uni\u00e3o da <b>gastronomia<\/b> e <b>cinema<\/b>. Este m\u00eas, a cidade de S\u00e3o Paulo receber\u00e1 sua 1\u00aa mostra de cinema dedicada \u00e0 gastronomia e seus diversos elementos, a \u201c<b>Mostra DOC Gastronomia<\/b>\u201d.<\/span><\/p>\n<p style=\"text-align: justify;\"><span style=\"color: #000000;\">Nesta primeira edi\u00e7\u00e3o, o Festival contar\u00e1 com aproximadamente 20 filmes \u2013 nacionais e estrangeiros \u2013 que abordam temas como \u201chist\u00f3ria mundial\u201d, \u201cidentidade cultural\u201d, \u201cprodu\u00e7\u00e3o, distribui\u00e7\u00e3o e consumo\u201d al\u00e9m de \u201cfilosofia\u201d e \u201cantropologia\u201d.<\/span><\/p>\n<p style=\"text-align: justify;\"><span style=\"color: #000000;\">A mostra est\u00e1 sendo organizada pela HB produ\u00e7\u00f5es, produtora dos filmes do cineasta Hector Babenco. De acordo com a organiza\u00e7\u00e3o o objetivo do evento \u201c\u00e9 promover um debate diferenciado sobre gastronomia, trazendo \u00e0 tona quest\u00f5es que v\u00e3o desde as esferas econ\u00f4micas mundiais at\u00e9 as rela\u00e7\u00f5es socioculturais locais, levantando temas que envolvem as pessoas e suas rela\u00e7\u00f5es com os alimentos\u201d.<\/span><\/p>\n<p style=\"text-align: justify;\"><span style=\"color: #000000;\">Com entrada gratuita, o evento est\u00e1 marcado para os dias 23, 24 e 25 de setembro, no\u00a0<a href=\"http:\/\/www.cinelivrariacultura.com.br\/cinelivrariacultura\/index.asp\" target=\"_blank\"><span style=\"color: #000000;\"><strong>Cine Livraria Cultura<\/strong><\/span><\/a>\u00a0\u2013 Conjunto Nacional, e tem entrada gratuita. As exibi\u00e7\u00f5es ser\u00e3o divididas em quatro sess\u00f5es di\u00e1rias com in\u00edcio \u00e0s 18h.<\/span><\/p>\n<p style=\"text-align: justify;\"><span style=\"color: #000000;\">A partir do dia 10 de setembro a programa\u00e7\u00e3o completa estar\u00e1 acess\u00edvel na pagina do <a href=\"https:\/\/www.facebook.com\/pages\/Mostra-DOC-Gastron\u00f4mica\/149708765191198\"><b><span style=\"text-decoration: underline;\">Facebook <\/span><\/b><\/a>do evento!<\/span><\/p>\n<p style=\"text-align: justify;\"><span style=\"color: #000000;\">Programinha super imperd\u00edvel! Nos vemos por l\u00e1!<\/span><\/p>\n<iframe src=\"http:\/\/www.facebook.com\/plugins\/like.php?href=http:\/\/www.girosgourmet.com.br\/index.php\/mostra-doc-gastronomia-acontece-em-setembro\/&amp;layout=standard&amp;show_faces=1&amp;width=450&amp;action=like&amp;colorscheme=light&amp;font=\" scrolling=\"no\" frameborder=\"0\" style=\"border:none; overflow:hidden; width:450px; height:60px\"><\/iframe>","protected":false},"excerpt":{"rendered":"<p>Uma \u00f3tima noticia para quem aprecia a uni\u00e3o da gastronomia e cinema. Este m\u00eas, a cidade de S\u00e3o Paulo receber\u00e1 sua 1\u00aa mostra de cinema dedicada \u00e0 gastronomia e seus diversos elementos, a \u201cMostra DOC Gastronomia\u201d. Nesta primeira edi\u00e7\u00e3o, o Festival contar\u00e1 com aproximadamente 20 filmes \u2013 nacionais e estrangeiros [&hellip;]<\/p>\n","protected":false},"author":3,"featured_media":0,"comment_status":"open","ping_status":"closed","sticky":false,"template":"","format":"standard","meta":{"footnotes":""},"categories":[40,39],"tags":[540,24,1609,1327],"class_list":["post-6248","post","type-post","status-publish","format-standard","hentry","category-culturamodabelezabem-estar","category-gastronomia","tag-cine-livraria-cultura","tag-cinema","tag-gastronomia","tag-mostra-doc-gastronomia"],"_links":{"self":[{"href":"http:\/\/www.girosgourmet.com.br\/index.php\/wp-json\/wp\/v2\/posts\/6248","targetHints":{"allow":["GET"]}}],"collection":[{"href":"http:\/\/www.girosgourmet.com.br\/index.php\/wp-json\/wp\/v2\/posts"}],"about":[{"href":"http:\/\/www.girosgourmet.com.br\/index.php\/wp-json\/wp\/v2\/types\/post"}],"author":[{"embeddable":true,"href":"http:\/\/www.girosgourmet.com.br\/index.php\/wp-json\/wp\/v2\/users\/3"}],"replies":[{"embeddable":true,"href":"http:\/\/www.girosgourmet.com.br\/index.php\/wp-json\/wp\/v2\/comments?post=6248"}],"version-history":[{"count":2,"href":"http:\/\/www.girosgourmet.com.br\/index.php\/wp-json\/wp\/v2\/posts\/6248\/revisions"}],"predecessor-version":[{"id":6251,"href":"http:\/\/www.girosgourmet.com.br\/index.php\/wp-json\/wp\/v2\/posts\/6248\/revisions\/6251"}],"wp:attachment":[{"href":"http:\/\/www.girosgourmet.com.br\/index.php\/wp-json\/wp\/v2\/media?parent=6248"}],"wp:term":[{"taxonomy":"category","embeddable":true,"href":"http:\/\/www.girosgourmet.com.br\/index.php\/wp-json\/wp\/v2\/categories?post=6248"},{"taxonomy":"post_tag","embeddable":true,"href":"http:\/\/www.girosgourmet.com.br\/index.php\/wp-json\/wp\/v2\/tags?post=6248"}],"curies":[{"name":"wp","href":"https:\/\/api.w.org\/{rel}","templated":true}]}}