{"id":6171,"date":"2013-08-12T22:42:10","date_gmt":"2013-08-13T01:42:10","guid":{"rendered":"http:\/\/www.myfashionlife.com.br\/?p=6171"},"modified":"2013-08-12T22:42:10","modified_gmt":"2013-08-13T01:42:10","slug":"exposicao-como-penso-como-abordara-arte-e-gastronomia","status":"publish","type":"post","link":"http:\/\/www.girosgourmet.com.br\/index.php\/exposicao-como-penso-como-abordara-arte-e-gastronomia\/","title":{"rendered":"Exposi\u00e7\u00e3o &#8220;Como Penso Como&#8221; abordar\u00e1 arte e gastronomia!"},"content":{"rendered":"<p><a href=\"http:\/\/www.myfashionlife.com.br\/wp-content\/uploads\/2013\/08\/como.jpg\"><img loading=\"lazy\" decoding=\"async\" class=\"wp-image-6173 aligncenter\" alt=\"como\" src=\"http:\/\/www.myfashionlife.com.br\/wp-content\/uploads\/2013\/08\/como.jpg\" width=\"558\" height=\"387\" srcset=\"http:\/\/www.girosgourmet.com.br\/wp-content\/uploads\/2013\/08\/como.jpg 620w, http:\/\/www.girosgourmet.com.br\/wp-content\/uploads\/2013\/08\/como-300x208.jpg 300w\" sizes=\"auto, (max-width: 558px) 100vw, 558px\" \/><\/a><\/p>\n<p style=\"text-align: justify;\"><span style=\"color: #000000;\">Mais um evento b\u00e1sico para a nossa exist\u00eancia chegou a SP! A exposi\u00e7\u00e3o \u201c<b>Como Penso Como<\/b>\u201d, unir\u00e1 entre os dias 09 de agosto a 08 de setembro, no <b>Sesc Pomp\u00e9ia,<\/b> <b>Arte <\/b>e<b> Gastronomia<\/b>, com entrada gratuita!<\/span><\/p>\n<p style=\"text-align: justify;\"><span style=\"color: #000000;\">A mostra apresentar\u00e1 trabalhos de artistas que abordar\u00e3o a rela\u00e7\u00e3o do ser humano com a comida. Os visitantes ir\u00e3o ter a oportunidade de conferir instala\u00e7\u00f5es multim\u00eddia que ir\u00e3o tra\u00e7ar em uma linha hist\u00f3rica, elementos gastron\u00f4micos que v\u00e3o desde rituais tot\u00eamicos at\u00e9 os dias atuais da gastronomia.<\/span><\/p>\n<p style=\"text-align: justify;\"><span style=\"color: #000000;\">Contudo, a experi\u00eancia mais interessante ser\u00e1 um menu degusta\u00e7\u00e3o de receitas in\u00e9ditas, que acontecer\u00e1 duas vezes ao dia para grupos de 30 pessoas cada. Inscreva-se e coma uma s\u00e9rie de nove pratos, cada um deles inspirado no folclore, hist\u00f3ria e cultura do Brasil.<\/span><\/p>\n<p style=\"text-align: justify;\"><span style=\"color: #000000;\">As degusta\u00e7\u00f5es acontecem \u00e0s 18h e 21h de quarta a s\u00e1bado, e \u00e0s 13h e 16h aos domingos. Os ingressos custam R$50 por pessoa e podem se comprados na bilheteria do Sesc Pompeia.<\/span><\/p>\n<p style=\"text-align: justify;\"><span style=\"color: #000000;\">Para saber mais, <a href=\"http:\/\/www.sescsp.org.br\/programacao\/9089_COMO+PENSO+COMO+EXPOSICAO\"><b><span style=\"text-decoration: underline;\">clique aqui!<\/span><\/b><\/a><\/span><i><\/i><\/p>\n<iframe src=\"http:\/\/www.facebook.com\/plugins\/like.php?href=http:\/\/www.girosgourmet.com.br\/index.php\/exposicao-como-penso-como-abordara-arte-e-gastronomia\/&amp;layout=standard&amp;show_faces=1&amp;width=450&amp;action=like&amp;colorscheme=light&amp;font=\" scrolling=\"no\" frameborder=\"0\" style=\"border:none; overflow:hidden; width:450px; height:60px\"><\/iframe>","protected":false},"excerpt":{"rendered":"<p>Mais um evento b\u00e1sico para a nossa exist\u00eancia chegou a SP! A exposi\u00e7\u00e3o \u201cComo Penso Como\u201d, unir\u00e1 entre os dias 09 de agosto a 08 de setembro, no Sesc Pomp\u00e9ia, Arte e Gastronomia, com entrada gratuita! A mostra apresentar\u00e1 trabalhos de artistas que abordar\u00e3o a rela\u00e7\u00e3o do ser humano com [&hellip;]<\/p>\n","protected":false},"author":3,"featured_media":0,"comment_status":"open","ping_status":"closed","sticky":false,"template":"","format":"standard","meta":{"footnotes":""},"categories":[40,39],"tags":[384,26,1609,456,1301],"class_list":["post-6171","post","type-post","status-publish","format-standard","hentry","category-culturamodabelezabem-estar","category-gastronomia","tag-arte","tag-exposicao","tag-gastronomia","tag-sesc-pompeia","tag-como-penso-como"],"_links":{"self":[{"href":"http:\/\/www.girosgourmet.com.br\/index.php\/wp-json\/wp\/v2\/posts\/6171","targetHints":{"allow":["GET"]}}],"collection":[{"href":"http:\/\/www.girosgourmet.com.br\/index.php\/wp-json\/wp\/v2\/posts"}],"about":[{"href":"http:\/\/www.girosgourmet.com.br\/index.php\/wp-json\/wp\/v2\/types\/post"}],"author":[{"embeddable":true,"href":"http:\/\/www.girosgourmet.com.br\/index.php\/wp-json\/wp\/v2\/users\/3"}],"replies":[{"embeddable":true,"href":"http:\/\/www.girosgourmet.com.br\/index.php\/wp-json\/wp\/v2\/comments?post=6171"}],"version-history":[{"count":4,"href":"http:\/\/www.girosgourmet.com.br\/index.php\/wp-json\/wp\/v2\/posts\/6171\/revisions"}],"predecessor-version":[{"id":6177,"href":"http:\/\/www.girosgourmet.com.br\/index.php\/wp-json\/wp\/v2\/posts\/6171\/revisions\/6177"}],"wp:attachment":[{"href":"http:\/\/www.girosgourmet.com.br\/index.php\/wp-json\/wp\/v2\/media?parent=6171"}],"wp:term":[{"taxonomy":"category","embeddable":true,"href":"http:\/\/www.girosgourmet.com.br\/index.php\/wp-json\/wp\/v2\/categories?post=6171"},{"taxonomy":"post_tag","embeddable":true,"href":"http:\/\/www.girosgourmet.com.br\/index.php\/wp-json\/wp\/v2\/tags?post=6171"}],"curies":[{"name":"wp","href":"https:\/\/api.w.org\/{rel}","templated":true}]}}