{"id":61,"date":"2009-01-28T19:03:30","date_gmt":"2009-01-28T22:03:30","guid":{"rendered":"http:\/\/www.closetonline.com.br\/blogcarla\/?p=61"},"modified":"2011-10-09T22:21:16","modified_gmt":"2011-10-10T01:21:16","slug":"spfw-quando-termina-a-gente-fica-com-saudades-risos","status":"publish","type":"post","link":"http:\/\/www.girosgourmet.com.br\/index.php\/spfw-quando-termina-a-gente-fica-com-saudades-risos\/","title":{"rendered":"SPFW, quando termina a gente fica com saudades! risos"},"content":{"rendered":"<p style=\"text-align: justify;\">\u00c9 assim, durante a SPFW Ceci e eu trabalhamos horrores, e olha que tivemos ajudinha extra&#8230; Arthur escrevia sobre alguns desfiles para n\u00f3s, pautas e releases surgiam do nada&#8230; Alguns anjos apareciam na nossa frente para literalmente nos salvar e nos liberar para ver alguns desfiles e no final do dia n\u00e3o havia maquiagem que funcionasse&#8230; Todo dia, todo santo dia, eu ia at\u00e9 o lounge da Natura pedir um corretivo para as olheiras, no pen\u00faltimo dia j\u00e1 n\u00e3o sabia mais o que dizer ao maquiador, mas n\u00e3o\u00a0era preciso, as olheiras (cada dia maiores) j\u00e1 diziam tudo! Risosssssss<\/p>\n<p style=\"text-align: justify;\">Eu adorei o tema desta edi\u00e7\u00e3o do SP Fashion Week, \u201cBrasileirismo\u201d. O evento trouxe para o mesmo lugar v\u00e1rias partes do Brasil. Acabei-me de comer ab\u00f3bora com carne seca, queijinho coalho&#8230; De ouvir m\u00fasica brasileira&#8230; Ainda deu para conhecer um pouco mais do trabalho da POP Carmem Miranda&#8230; E tudo isso regado a muito prosseco&#8230; Hahahaha<\/p>\n<p style=\"text-align: justify;\">S\u00e9rio, e sem contar as \u201cfiguras\u201d que apareciam na nossa frente&#8230; Todo mundo que por ali passava queria deixar o seu recado: seja no corte de cabelo, nos looks formados com in\u00fameras sobreposi\u00e7\u00f5es, nos acess\u00f3rios estilizados, nas maquiagens exageradas&#8230; Enfim, em uma semana de moda, a vaidade est\u00e9tica \u00e9 algo gritante o tempo todo, algo do tipo voc\u00ea \u00e9 aquilo que voc\u00ea veste. E ponto!<\/p>\n<p style=\"text-align: justify;\">Sem contar a galera que caiu na Bienal de p\u00e1ra-quedas, que devem ter usado muito da sua criatividade para estar ali&#8230; Entrar em uma semana de Moda sem convite, j\u00e1 aviso, \u00e9 a maior furada do mundo, mas pode dar certo&#8230; Agora ruim mesmo \u00e9 o pessoal que se veste mal e pior ainda a grande maioria que n\u00e3o percebe isso, achando incr\u00edveis aquelas roupas, enquanto eu me perguntava incessantemente \u201cComo \u00e9 que essa pessoa saiu desse jeito na rua?\u201d E sigo a linha do pensamento \u201cComo algu\u00e9m aqui quer ser chamado de elegante?\u201d Aviso, tem que ter f\u00f4lego para discernir toda esta polui\u00e7\u00e3o visual, algumas pessoas escolheram viver se vestindo de forma emocionante, mas \u00e0s vezes o resultado \u00e9 tr\u00e1gico, porque o grande problema disso \u00e9 que a pessoa que trabalha com MODA, acha que pode usar qualquer coisa, mas qualquer coisa mesmoooooooooo&#8230;<\/p>\n<p style=\"text-align: justify;\">Mudando de assunto, antes que algu\u00e9m me coloque em sua lista negra&#8230;<\/p>\n<p style=\"text-align: justify;\">Desfiles. J\u00e1 digo de cara que foi o do Samuel Cirnansck o meu preferido&#8230; No fundo eu sou uma mulher que tem uma Anna Karenina dentro de mim&#8230; Hahaha! Em meio a um cen\u00e1rio outonal, Samuel nos mostrou um desfile luxuoso sem ser cafona. Inspirado na queda do Imp\u00e9rio Russo, vimos vestidos maravilhosos, que fariam qualquer mulher parecer fabulosa&#8230; Volumes incr\u00edveis, com tecidos divinos, botas de ca\u00e7a em estilo Oxford que me fazem sonhar at\u00e9 hoje com um par&#8230; Vi pessoas se emocionarem ao final do desfile, \u00f3tima sensa\u00e7\u00e3o! Bem, e meu modelo preferido foi o vestido de noiva. Putz! Era literalmente de \u201cpirar o cabe\u00e7\u00e3o\u201d, elegant\u00e9rrimo&#8230; Com uma modelagem incr\u00edvel, quase me desprendi da alma ao v\u00ea-lo&#8230; Enfim pessoas, a semana foi \u00f3tima, acho sinceramente que nosso Inverno est\u00e1 garantido. O preto ainda reina, juntamente com o \u201cnovo preto\u201d da vez, o cinza. Saruel voc\u00eas ver\u00e3o horrores, tanto feminino quanto masculino&#8230; Botas gigantescas, longuetes e tudo mais&#8230; Agora esperemos a pr\u00f3xima edi\u00e7\u00e3o, com certeza estaremos l\u00e1&#8230;<\/p>\n<p style=\"text-align: justify;\">Hoje a r\u00e1miga M\u00f4nica foi para a Fran\u00e7a&#8230; Os meus 800.000 \u201cDon\u00b4t Go\u201d nos \u00faltimos 2 meses n\u00e3o surtiram efeito, o jeito \u00e9 desejar rev\u00ea-la logo, e de prefer\u00eancia na casa DELA em Beaune, na Borgonha&#8230; Hahaha! Seja feliz Moniquetes&#8230; Estamos aqui na torcida!<\/p>\n<p style=\"text-align: justify;\">\u00a0E lembrem-se \u201cOs erros fazem parte da brincadeira\u201d.<\/p>\n<p style=\"text-align: justify;\">\u00a0Beijos de Carinhos<\/p>\n<p style=\"text-align: center;\">\n<p style=\"text-align: center;\">\n<p style=\"text-align: center;\">\n<div id=\"attachment_63\" style=\"width: 508px\" class=\"wp-caption aligncenter\"><a href=\"http:\/\/www.closetonline.com.br\/blogcarla\/wp-content\/uploads\/2009\/01\/a11.jpg\"><img loading=\"lazy\" decoding=\"async\" aria-describedby=\"caption-attachment-63\" class=\"size-full wp-image-63   \" title=\"_a11\" src=\"http:\/\/www.closetonline.com.br\/blogcarla\/wp-content\/uploads\/2009\/01\/a11.jpg\" alt=\"\" width=\"498\" height=\"374\" srcset=\"http:\/\/www.girosgourmet.com.br\/wp-content\/uploads\/2009\/01\/a11.jpg 1024w, http:\/\/www.girosgourmet.com.br\/wp-content\/uploads\/2009\/01\/a11-300x225.jpg 300w\" sizes=\"auto, (max-width: 498px) 100vw, 498px\" \/><\/a><p id=\"caption-attachment-63\" class=\"wp-caption-text\">Cecilia, Eu e Arthur Ultimo dia SPFW<\/p><\/div>\n<iframe src=\"http:\/\/www.facebook.com\/plugins\/like.php?href=http:\/\/www.girosgourmet.com.br\/index.php\/spfw-quando-termina-a-gente-fica-com-saudades-risos\/&amp;layout=standard&amp;show_faces=1&amp;width=450&amp;action=like&amp;colorscheme=light&amp;font=\" scrolling=\"no\" frameborder=\"0\" style=\"border:none; overflow:hidden; width:450px; height:60px\"><\/iframe>","protected":false},"excerpt":{"rendered":"<p>\u00c9 assim, durante a SPFW Ceci e eu trabalhamos horrores, e olha que tivemos ajudinha extra&#8230; Arthur escrevia sobre alguns desfiles para n\u00f3s, pautas e releases surgiam do nada&#8230; Alguns anjos apareciam na nossa frente para literalmente nos salvar e nos liberar para ver alguns desfiles e no final do [&hellip;]<\/p>\n","protected":false},"author":3,"featured_media":0,"comment_status":"open","ping_status":"open","sticky":false,"template":"","format":"standard","meta":{"footnotes":""},"categories":[39],"tags":[7,265],"class_list":["post-61","post","type-post","status-publish","format-standard","hentry","category-gastronomia","tag-semana-de-moda","tag-spfw"],"_links":{"self":[{"href":"http:\/\/www.girosgourmet.com.br\/index.php\/wp-json\/wp\/v2\/posts\/61","targetHints":{"allow":["GET"]}}],"collection":[{"href":"http:\/\/www.girosgourmet.com.br\/index.php\/wp-json\/wp\/v2\/posts"}],"about":[{"href":"http:\/\/www.girosgourmet.com.br\/index.php\/wp-json\/wp\/v2\/types\/post"}],"author":[{"embeddable":true,"href":"http:\/\/www.girosgourmet.com.br\/index.php\/wp-json\/wp\/v2\/users\/3"}],"replies":[{"embeddable":true,"href":"http:\/\/www.girosgourmet.com.br\/index.php\/wp-json\/wp\/v2\/comments?post=61"}],"version-history":[{"count":8,"href":"http:\/\/www.girosgourmet.com.br\/index.php\/wp-json\/wp\/v2\/posts\/61\/revisions"}],"predecessor-version":[{"id":64,"href":"http:\/\/www.girosgourmet.com.br\/index.php\/wp-json\/wp\/v2\/posts\/61\/revisions\/64"}],"wp:attachment":[{"href":"http:\/\/www.girosgourmet.com.br\/index.php\/wp-json\/wp\/v2\/media?parent=61"}],"wp:term":[{"taxonomy":"category","embeddable":true,"href":"http:\/\/www.girosgourmet.com.br\/index.php\/wp-json\/wp\/v2\/categories?post=61"},{"taxonomy":"post_tag","embeddable":true,"href":"http:\/\/www.girosgourmet.com.br\/index.php\/wp-json\/wp\/v2\/tags?post=61"}],"curies":[{"name":"wp","href":"https:\/\/api.w.org\/{rel}","templated":true}]}}