{"id":582,"date":"2010-09-13T15:17:20","date_gmt":"2010-09-13T18:17:20","guid":{"rendered":"http:\/\/www.closetonline.com.br\/blogcarla\/?p=582"},"modified":"2011-10-24T21:49:33","modified_gmt":"2011-10-25T00:49:33","slug":"exposicao-imperdivel-em-sp","status":"publish","type":"post","link":"http:\/\/www.girosgourmet.com.br\/index.php\/exposicao-imperdivel-em-sp\/","title":{"rendered":"Exposi\u00e7\u00e3o Imperd\u00edvel em SP: \u201cFernando Pessoa, plural como o universo\u201d,"},"content":{"rendered":"<p style=\"text-align: justify;\">Para quem ama Fernando Pessoa, assim como eu, n\u00e3o deve deixar de presenciar a exposi\u00e7\u00e3o \u201cFernando Pessoa, plural como o universo\u201d, que est\u00e1 em cartaz no Museu da Lingua Portuguesa&#8230; Simplesmente \u00e9 incr\u00edvel! E detalhe para toda a tecnologia aplicada ao espa\u00e7o expositivo&#8230;<\/p>\n<p style=\"text-align: justify;\">\u00c9 a primeira vez que o Museu tem uma exposi\u00e7\u00e3o dedicada a um autor portugu\u00eas&#8230; Trata-se de uma Mostra interativa &#8211; O visitante ouvir\u00e1 seus poemas em cabines confort\u00e1veis, l\u00e1 dentro voc\u00ea poder\u00e1 levantar os bra\u00e7os, que em seguida (captado por um sensor) os poemas mudam&#8230; E \u00e0 medida que voc\u00ea vai percorrendo o lugar, voc\u00ea ir\u00e1 encontrar uma esp\u00e9cie de fotobiografia do autor&#8230; Al\u00e9m disso, v\u00eddeos em loop, mesa de leitura para quem aprecia uma boa discuss\u00e3o&#8230; Ou melhor dizendo, um bom embate entre intelig\u00eancias&#8230; rs<\/p>\n<p style=\"text-align: justify;\">O passeio \u00e9 recomendado para toda a fam\u00edlia&#8230; Sem qualquer tipo de restri\u00e7\u00e3o, e a sensa\u00e7\u00e3o po\u00e9tica que o lugar oferece nos tr\u00e1s leveza e consegue nos preencher&#8230;<\/p>\n<p style=\"text-align: justify;\">Dentro de algumas curiosidades sobre a sua vida, inclui-se a famosa carta de amor que escreveu \u00e0 sua amada, a Of\u00e9lia.\u00a0\u00c9 bonita porque fala de amor, mas rid\u00edcula, como ele mesmo considerava todas as cartas de amor!<\/p>\n<p style=\"text-align: justify;\">Pessoas queridas convido todos a conhecerem melhor a grande Pessoa que foi Pessoa&#8230; Sua alma ir\u00e1 te agradecer! Beijos<\/p>\n<p style=\"text-align: justify;\">E termino com uma fase linda dele: &#8221;\u00a0H\u00e1 um tempo em que \u00e9 preciso abandonar as roupas usadas, que j\u00e1 tem a forma do nosso corpo, e esquecer os nossos caminhos, que nos levam sempre aos mesmos lugares. \u00c9 o tempo da travessia: e, se n\u00e3o ousarmos faz\u00ea-la, teremos ficado, para sempre, \u00e0 margem de n\u00f3s mesmos.\u201d<\/p>\n<p style=\"text-align: justify;\">PS &#8211; A exposi\u00e7\u00e3o acontece de 24 de agosto de 2010 at\u00e9 30 de janeiro de 2011<\/p>\n<p style=\"text-align: justify;\"><a href=\"http:\/\/www.closetonline.com.br\/blogcarla\/wp-content\/uploads\/2010\/09\/pessoa.jpg\"><img loading=\"lazy\" decoding=\"async\" class=\"aligncenter size-full wp-image-581\" title=\"_pessoa\" src=\"http:\/\/www.closetonline.com.br\/blogcarla\/wp-content\/uploads\/2010\/09\/pessoa.jpg\" alt=\"\" width=\"615\" height=\"300\" srcset=\"http:\/\/www.girosgourmet.com.br\/wp-content\/uploads\/2010\/09\/pessoa.jpg 615w, http:\/\/www.girosgourmet.com.br\/wp-content\/uploads\/2010\/09\/pessoa-300x146.jpg 300w\" sizes=\"auto, (max-width: 615px) 100vw, 615px\" \/><\/a><\/p>\n<iframe src=\"http:\/\/www.facebook.com\/plugins\/like.php?href=http:\/\/www.girosgourmet.com.br\/index.php\/exposicao-imperdivel-em-sp\/&amp;layout=standard&amp;show_faces=1&amp;width=450&amp;action=like&amp;colorscheme=light&amp;font=\" scrolling=\"no\" frameborder=\"0\" style=\"border:none; overflow:hidden; width:450px; height:60px\"><\/iframe>","protected":false},"excerpt":{"rendered":"<p>Para quem ama Fernando Pessoa, assim como eu, n\u00e3o deve deixar de presenciar a exposi\u00e7\u00e3o \u201cFernando Pessoa, plural como o universo\u201d, que est\u00e1 em cartaz no Museu da Lingua Portuguesa&#8230; Simplesmente \u00e9 incr\u00edvel! E detalhe para toda a tecnologia aplicada ao espa\u00e7o expositivo&#8230; \u00c9 a primeira vez que o Museu [&hellip;]<\/p>\n","protected":false},"author":3,"featured_media":581,"comment_status":"open","ping_status":"open","sticky":false,"template":"","format":"standard","meta":{"footnotes":""},"categories":[40],"tags":[26,546,547],"class_list":["post-582","post","type-post","status-publish","format-standard","has-post-thumbnail","hentry","category-culturamodabelezabem-estar","tag-exposicao","tag-fernando-pessoa","tag-mostra-interativa"],"_links":{"self":[{"href":"http:\/\/www.girosgourmet.com.br\/index.php\/wp-json\/wp\/v2\/posts\/582","targetHints":{"allow":["GET"]}}],"collection":[{"href":"http:\/\/www.girosgourmet.com.br\/index.php\/wp-json\/wp\/v2\/posts"}],"about":[{"href":"http:\/\/www.girosgourmet.com.br\/index.php\/wp-json\/wp\/v2\/types\/post"}],"author":[{"embeddable":true,"href":"http:\/\/www.girosgourmet.com.br\/index.php\/wp-json\/wp\/v2\/users\/3"}],"replies":[{"embeddable":true,"href":"http:\/\/www.girosgourmet.com.br\/index.php\/wp-json\/wp\/v2\/comments?post=582"}],"version-history":[{"count":9,"href":"http:\/\/www.girosgourmet.com.br\/index.php\/wp-json\/wp\/v2\/posts\/582\/revisions"}],"predecessor-version":[{"id":585,"href":"http:\/\/www.girosgourmet.com.br\/index.php\/wp-json\/wp\/v2\/posts\/582\/revisions\/585"}],"wp:featuredmedia":[{"embeddable":true,"href":"http:\/\/www.girosgourmet.com.br\/index.php\/wp-json\/wp\/v2\/media\/581"}],"wp:attachment":[{"href":"http:\/\/www.girosgourmet.com.br\/index.php\/wp-json\/wp\/v2\/media?parent=582"}],"wp:term":[{"taxonomy":"category","embeddable":true,"href":"http:\/\/www.girosgourmet.com.br\/index.php\/wp-json\/wp\/v2\/categories?post=582"},{"taxonomy":"post_tag","embeddable":true,"href":"http:\/\/www.girosgourmet.com.br\/index.php\/wp-json\/wp\/v2\/tags?post=582"}],"curies":[{"name":"wp","href":"https:\/\/api.w.org\/{rel}","templated":true}]}}