{"id":5790,"date":"2013-05-06T19:03:37","date_gmt":"2013-05-06T22:03:37","guid":{"rendered":"http:\/\/www.myfashionlife.com.br\/?p=5790"},"modified":"2013-05-06T19:03:37","modified_gmt":"2013-05-06T22:03:37","slug":"artista-plastico-retrata-moradores-do-edificio-copan","status":"publish","type":"post","link":"http:\/\/www.girosgourmet.com.br\/index.php\/artista-plastico-retrata-moradores-do-edificio-copan\/","title":{"rendered":"Artista pl\u00e1stico retrata moradores do Edif\u00edcio Copan"},"content":{"rendered":"<p style=\"text-align: justify;\"><span style=\"color: #000000;\">O que a tatuagem diz sobre a personalidade de uma pessoa e o que morar no Edif\u00edcio Copan pode revelar do car\u00e1ter dos seus moradores? Foi pensando na jun\u00e7\u00e3o dessas duas caracter\u00edsticas que o artista pl\u00e1stico <b>Marcos Schmidt<\/b> idealizou a exposi\u00e7\u00e3o <b>\u201cA pele que Habito\u201d<\/b>, em cartaz no Soul Tattoo Art e Caf\u00e9\u00a0 a partir desta pr\u00f3xima sexta-feira, 10 de Maio<\/span><\/p>\n<p style=\"text-align: center;\"><a href=\"http:\/\/www.myfashionlife.com.br\/wp-content\/uploads\/2013\/05\/pele.jpg\"><img loading=\"lazy\" decoding=\"async\" class=\"alignnone size-full wp-image-5792\" alt=\"pele\" src=\"http:\/\/www.myfashionlife.com.br\/wp-content\/uploads\/2013\/05\/pele.jpg\" width=\"299\" height=\"356\" srcset=\"http:\/\/www.girosgourmet.com.br\/wp-content\/uploads\/2013\/05\/pele.jpg 299w, http:\/\/www.girosgourmet.com.br\/wp-content\/uploads\/2013\/05\/pele-251x300.jpg 251w\" sizes=\"auto, (max-width: 299px) 100vw, 299px\" \/><\/a><\/p>\n<p style=\"text-align: justify;\"><span style=\"color: #000000;\">Residente do Copan, Marcos observou por bastante tempo seus vizinhos \u2013 que s\u00e3o muitos &#8211; e imaginou a hist\u00f3ria peculiar que cada um teria para contar sobre como foi parar no Centro de S\u00e3o Paulo e de como suas tatuagens poderiam narrar esta hist\u00f3ria.<\/span><\/p>\n<p style=\"text-align: justify;\"><span style=\"color: #000000;\">Na busca destes casos, ele concluiu que uma das coisas que o Niemeyer projetou acabou por funcionar. \u201c\u00c9 realmente um pr\u00e9dio democr\u00e1tico, com a maior variedade de tipos distintos de pessoas morando num mesmo lugar\u201d, conclui o artista.<\/span><\/p>\n<p style=\"text-align: center;\"><a href=\"http:\/\/www.myfashionlife.com.br\/wp-content\/uploads\/2013\/05\/pele1.jpg\"><img loading=\"lazy\" decoding=\"async\" class=\"alignnone size-full wp-image-5793\" alt=\"pele1\" src=\"http:\/\/www.myfashionlife.com.br\/wp-content\/uploads\/2013\/05\/pele1.jpg\" width=\"268\" height=\"358\" srcset=\"http:\/\/www.girosgourmet.com.br\/wp-content\/uploads\/2013\/05\/pele1.jpg 268w, http:\/\/www.girosgourmet.com.br\/wp-content\/uploads\/2013\/05\/pele1-224x300.jpg 224w\" sizes=\"auto, (max-width: 268px) 100vw, 268px\" \/><\/a><\/p>\n<p style=\"text-align: justify;\"><span style=\"color: #000000;\">As obras que estar\u00e3o na mostra <b>\u201cA pele que habito\u201d<\/b> s\u00e3o observa\u00e7\u00f5es cuidadosas do artista que resultaram em um realismo estilizado, n\u00e3o necessariamente fotogr\u00e1fico, por\u00e9m vivo e bastante expressivo. Influ\u00eancias de Francis Bacon, Lucian Freud e Giacometti s\u00e3o claramente observadas no \u00f3leo sobre tela e outras t\u00e9cnicas mistas.<\/span><\/p>\n<p style=\"text-align: justify;\"><span style=\"color: #000000;\">A exposi\u00e7\u00e3o ficar\u00e1 em cartaz at\u00e9 o dia 01 de junho&#8230;Imperd\u00edvel!<\/span><\/p>\n<p>&nbsp;<\/p>\n<p><span style=\"color: #000000;\"><b>Servi\u00e7o<\/b><\/span><\/p>\n<p style=\"text-align: justify;\"><span style=\"color: #000000;\"><b> \u201cA pele que Habito\u201d por Marcos Schimdt<br \/>\n<\/b>Data: 10 de maio a 01 de junho de 2013<b><br \/>\n<\/b>Local: R.: Oscar Freire, 2203 \u2013 Jd. Paulista<b><br \/>\n<\/b>Hor\u00e1rio: de segunda a sexta &#8211; das 11h \u00e0s 20h<b><br \/>\n<\/b>S\u00e1bado \u2013 das 11h \u00e0s 18h<b><br \/>\n<\/b>Tel.: 11 3063-3435 e 3071-2316<b><br \/>\n<\/b>Entrada: franca<\/span><em id=\"__mceDel\"><b><br \/>\n<\/b><\/em>Sites:<strong><em id=\"__mceDel\"> <a href=\"http:\/\/www.soultattoo.com.br\">www.soultattoo.com.br<\/a><\/em><\/strong><\/p>\n<iframe src=\"http:\/\/www.facebook.com\/plugins\/like.php?href=http:\/\/www.girosgourmet.com.br\/index.php\/artista-plastico-retrata-moradores-do-edificio-copan\/&amp;layout=standard&amp;show_faces=1&amp;width=450&amp;action=like&amp;colorscheme=light&amp;font=\" scrolling=\"no\" frameborder=\"0\" style=\"border:none; overflow:hidden; width:450px; height:60px\"><\/iframe>","protected":false},"excerpt":{"rendered":"<p>O que a tatuagem diz sobre a personalidade de uma pessoa e o que morar no Edif\u00edcio Copan pode revelar do car\u00e1ter dos seus moradores? Foi pensando na jun\u00e7\u00e3o dessas duas caracter\u00edsticas que o artista pl\u00e1stico Marcos Schmidt idealizou a exposi\u00e7\u00e3o \u201cA pele que Habito\u201d, em cartaz no Soul Tattoo [&hellip;]<\/p>\n","protected":false},"author":3,"featured_media":0,"comment_status":"open","ping_status":"open","sticky":false,"template":"","format":"standard","meta":{"footnotes":""},"categories":[40],"tags":[1162,26,1215,979,1214],"class_list":["post-5790","post","type-post","status-publish","format-standard","hentry","category-culturamodabelezabem-estar","tag-edificio-copan","tag-exposicao","tag-marcos-schmidt","tag-soul-tattoo-art-cafe","tag-a-pele-que-habito"],"_links":{"self":[{"href":"http:\/\/www.girosgourmet.com.br\/index.php\/wp-json\/wp\/v2\/posts\/5790","targetHints":{"allow":["GET"]}}],"collection":[{"href":"http:\/\/www.girosgourmet.com.br\/index.php\/wp-json\/wp\/v2\/posts"}],"about":[{"href":"http:\/\/www.girosgourmet.com.br\/index.php\/wp-json\/wp\/v2\/types\/post"}],"author":[{"embeddable":true,"href":"http:\/\/www.girosgourmet.com.br\/index.php\/wp-json\/wp\/v2\/users\/3"}],"replies":[{"embeddable":true,"href":"http:\/\/www.girosgourmet.com.br\/index.php\/wp-json\/wp\/v2\/comments?post=5790"}],"version-history":[{"count":3,"href":"http:\/\/www.girosgourmet.com.br\/index.php\/wp-json\/wp\/v2\/posts\/5790\/revisions"}],"predecessor-version":[{"id":5795,"href":"http:\/\/www.girosgourmet.com.br\/index.php\/wp-json\/wp\/v2\/posts\/5790\/revisions\/5795"}],"wp:attachment":[{"href":"http:\/\/www.girosgourmet.com.br\/index.php\/wp-json\/wp\/v2\/media?parent=5790"}],"wp:term":[{"taxonomy":"category","embeddable":true,"href":"http:\/\/www.girosgourmet.com.br\/index.php\/wp-json\/wp\/v2\/categories?post=5790"},{"taxonomy":"post_tag","embeddable":true,"href":"http:\/\/www.girosgourmet.com.br\/index.php\/wp-json\/wp\/v2\/tags?post=5790"}],"curies":[{"name":"wp","href":"https:\/\/api.w.org\/{rel}","templated":true}]}}