{"id":5554,"date":"2013-03-14T22:36:58","date_gmt":"2013-03-15T01:36:58","guid":{"rendered":"http:\/\/www.myfashionlife.com.br\/?p=5554"},"modified":"2013-03-14T22:36:58","modified_gmt":"2013-03-15T01:36:58","slug":"meditacao-budista-no-alto-do-edificio-copan","status":"publish","type":"post","link":"http:\/\/www.girosgourmet.com.br\/index.php\/meditacao-budista-no-alto-do-edificio-copan\/","title":{"rendered":"Medita\u00e7\u00e3o budista no Alto do Edificio Copan"},"content":{"rendered":"<p style=\"text-align: justify;\">E minha paix\u00e3o por S\u00e3o Paulo, s\u00f3 aumenta em propor\u00e7\u00f5es avassaladoras, ap\u00f3s ler noticias como esta \u201c<b>Fa\u00e7a medita\u00e7\u00e3o com monges budistas no alto do Copan<\/b>\u201d, de acordo com o blog <b>Catraca Livre<\/b>, da Folha de S\u00e3o Paulo, os monges <b>Francisco Handa<\/b> e <b>Bruno Mitih<\/b> realizam sess\u00f5es de medita\u00e7\u00e3o a 115 metros de altura, no topo do pr\u00e9dio projetado por Oscar Niemeyer, e dividem este nobre momento com pessoas interessadas em participar! Simples assim&#8230;.rs<\/p>\n<p><a href=\"http:\/\/www.myfashionlife.com.br\/wp-content\/uploads\/2013\/03\/monges-copan-ae.jpg\"><img loading=\"lazy\" decoding=\"async\" class=\"wp-image-5555 aligncenter\" alt=\"monges-copan-ae\" src=\"http:\/\/www.myfashionlife.com.br\/wp-content\/uploads\/2013\/03\/monges-copan-ae.jpg\" width=\"560\" height=\"420\" srcset=\"http:\/\/www.girosgourmet.com.br\/wp-content\/uploads\/2013\/03\/monges-copan-ae.jpg 700w, http:\/\/www.girosgourmet.com.br\/wp-content\/uploads\/2013\/03\/monges-copan-ae-300x225.jpg 300w\" sizes=\"auto, (max-width: 560px) 100vw, 560px\" \/><\/a><\/p>\n<p style=\"text-align: justify;\">Membros do <b>Templo Busshinji<\/b>, na Liberdade, eles geralmente praticam sozinhos, mas n\u00e3o se importam em dividir a maravilhosa energia do cosmo e convidam a todos a participarem do pr\u00f3ximo encontro que ser\u00e1 nesta sexta-feira (15), a partir das 17h.<\/p>\n<p style=\"text-align: justify;\">E todo este encontro c\u00f3smico tem super apoio da administra\u00e7\u00e3o do Copan&#8230;.ou seja, pode chegar suaveeeeeeeeeeeeee!!!<\/p>\n<p style=\"text-align: justify;\">Se eu fosse voc\u00ea, n\u00e3o perderia por nada!<\/p>\n<p><b>Medi\u00e7\u00e3o do Edif\u00edcio Copan<\/b><br \/>\nSex\u00a015\/03\u00a0\u00e0s\u00a017:00<br \/>\n<a href=\"http:\/\/catracalivre.folha.uol.com.br\/sp\/lugares\/edificio-copan-2\/\"><b>Edif\u00edcio Copan\u00a0<\/b><\/a><br \/>\nAvenida Ipiranga, 200<br \/>\nRep\u00fablica<br \/>\n(11) 3259-5917<\/p>\n<iframe src=\"http:\/\/www.facebook.com\/plugins\/like.php?href=http:\/\/www.girosgourmet.com.br\/index.php\/meditacao-budista-no-alto-do-edificio-copan\/&amp;layout=standard&amp;show_faces=1&amp;width=450&amp;action=like&amp;colorscheme=light&amp;font=\" scrolling=\"no\" frameborder=\"0\" style=\"border:none; overflow:hidden; width:450px; height:60px\"><\/iframe>","protected":false},"excerpt":{"rendered":"<p>E minha paix\u00e3o por S\u00e3o Paulo, s\u00f3 aumenta em propor\u00e7\u00f5es avassaladoras, ap\u00f3s ler noticias como esta \u201cFa\u00e7a medita\u00e7\u00e3o com monges budistas no alto do Copan\u201d, de acordo com o blog Catraca Livre, da Folha de S\u00e3o Paulo, os monges Francisco Handa e Bruno Mitih realizam sess\u00f5es de medita\u00e7\u00e3o a 115 [&hellip;]<\/p>\n","protected":false},"author":3,"featured_media":0,"comment_status":"open","ping_status":"open","sticky":false,"template":"","format":"standard","meta":{"footnotes":""},"categories":[40],"tags":[1162,1161],"class_list":["post-5554","post","type-post","status-publish","format-standard","hentry","category-culturamodabelezabem-estar","tag-edificio-copan","tag-meditacao"],"_links":{"self":[{"href":"http:\/\/www.girosgourmet.com.br\/index.php\/wp-json\/wp\/v2\/posts\/5554","targetHints":{"allow":["GET"]}}],"collection":[{"href":"http:\/\/www.girosgourmet.com.br\/index.php\/wp-json\/wp\/v2\/posts"}],"about":[{"href":"http:\/\/www.girosgourmet.com.br\/index.php\/wp-json\/wp\/v2\/types\/post"}],"author":[{"embeddable":true,"href":"http:\/\/www.girosgourmet.com.br\/index.php\/wp-json\/wp\/v2\/users\/3"}],"replies":[{"embeddable":true,"href":"http:\/\/www.girosgourmet.com.br\/index.php\/wp-json\/wp\/v2\/comments?post=5554"}],"version-history":[{"count":4,"href":"http:\/\/www.girosgourmet.com.br\/index.php\/wp-json\/wp\/v2\/posts\/5554\/revisions"}],"predecessor-version":[{"id":5559,"href":"http:\/\/www.girosgourmet.com.br\/index.php\/wp-json\/wp\/v2\/posts\/5554\/revisions\/5559"}],"wp:attachment":[{"href":"http:\/\/www.girosgourmet.com.br\/index.php\/wp-json\/wp\/v2\/media?parent=5554"}],"wp:term":[{"taxonomy":"category","embeddable":true,"href":"http:\/\/www.girosgourmet.com.br\/index.php\/wp-json\/wp\/v2\/categories?post=5554"},{"taxonomy":"post_tag","embeddable":true,"href":"http:\/\/www.girosgourmet.com.br\/index.php\/wp-json\/wp\/v2\/tags?post=5554"}],"curies":[{"name":"wp","href":"https:\/\/api.w.org\/{rel}","templated":true}]}}