{"id":54,"date":"2009-01-18T02:36:42","date_gmt":"2009-01-18T05:36:42","guid":{"rendered":"http:\/\/www.closetonline.com.br\/blogcarla\/?p=54"},"modified":"2011-10-21T15:17:10","modified_gmt":"2011-10-21T18:17:10","slug":"deliciando-se-com-sp-em-janeiro","status":"publish","type":"post","link":"http:\/\/www.girosgourmet.com.br\/index.php\/deliciando-se-com-sp-em-janeiro\/","title":{"rendered":"Deliciando-se com SP em Janeiro"},"content":{"rendered":"<p style=\"text-align: justify;\">18\/01\/2009 (Domingo tranquilex, temperatura morninha, sentada no meu apartamento em SP)<\/p>\n<p style=\"text-align: justify;\">Raramente viajo em Janeiro&#8230;este ano foi uma exce\u00e7\u00e3o, definitivamente eu evito sair da cidade nesta \u00e9poca. N\u00f3s paulistanos da gema e com muito orgulho, descansamos tamb\u00e9m de alguns excessos(que tamb\u00e9m odiamos, mas por amor \u00e1 cidade&#8230;aturamos e muito!) de gente e de carro&#8230;.<\/p>\n<p style=\"text-align: justify;\">Ruas calmas, cinemas e bares vazios, a cidade parece que \u00e9 toda minha!!!<\/p>\n<p style=\"text-align: justify;\">Fico apaixonada por SP em janeiro, agrade\u00e7o aos deuses todos os anos por este momento&#8230;andar na rua, tem um prazer diferente. Menos sirene, menos baladas, mais discreta delicadezas vinda dos motoristas, dos motoboys, que estas horas (Gra\u00e7a a Deus!) devem estar em balne\u00e1rios distantes&#8230;<\/p>\n<p style=\"text-align: justify;\">O metr\u00f4, os supermercados, estacionamentos, aeroportos se humanizam&#8230;<\/p>\n<p style=\"text-align: justify;\">Uma pena que o m\u00eas de Janeiro n\u00e3o vai durar muito, portanto vamos usufruir do privil\u00e9gio&#8230;e depois disso voltarei a passar o ano inteiro desejando que um dia janeiro chegue novamente&#8230;..<\/p>\n<p style=\"text-align: center;\">\u00a0<a href=\"http:\/\/www.closetonline.com.br\/blogcarla\/wp-content\/uploads\/2009\/01\/n562989870_2077692_5235208.jpg\"><img loading=\"lazy\" decoding=\"async\" class=\"alignnone size-medium wp-image-2502\" title=\"n562989870_2077692_5235208\" src=\"http:\/\/www.closetonline.com.br\/blogcarla\/wp-content\/uploads\/2009\/01\/n562989870_2077692_5235208-300x225.jpg\" alt=\"\" width=\"300\" height=\"225\" srcset=\"http:\/\/www.girosgourmet.com.br\/wp-content\/uploads\/2009\/01\/n562989870_2077692_5235208-300x225.jpg 300w, http:\/\/www.girosgourmet.com.br\/wp-content\/uploads\/2009\/01\/n562989870_2077692_5235208-150x112.jpg 150w, http:\/\/www.girosgourmet.com.br\/wp-content\/uploads\/2009\/01\/n562989870_2077692_5235208.jpg 604w\" sizes=\"auto, (max-width: 300px) 100vw, 300px\" \/><\/a><a href=\"http:\/\/www.closetonline.com.br\/blogcarla\/wp-content\/uploads\/2010\/05\/a8.jpg\"><\/a><\/p>\n<iframe src=\"http:\/\/www.facebook.com\/plugins\/like.php?href=http:\/\/www.girosgourmet.com.br\/index.php\/deliciando-se-com-sp-em-janeiro\/&amp;layout=standard&amp;show_faces=1&amp;width=450&amp;action=like&amp;colorscheme=light&amp;font=\" scrolling=\"no\" frameborder=\"0\" style=\"border:none; overflow:hidden; width:450px; height:60px\"><\/iframe>","protected":false},"excerpt":{"rendered":"<p>18\/01\/2009 (Domingo tranquilex, temperatura morninha, sentada no meu apartamento em SP) Raramente viajo em Janeiro&#8230;este ano foi uma exce\u00e7\u00e3o, definitivamente eu evito sair da cidade nesta \u00e9poca. N\u00f3s paulistanos da gema e com muito orgulho, descansamos tamb\u00e9m de alguns excessos(que tamb\u00e9m odiamos, mas por amor \u00e1 cidade&#8230;aturamos e muito!) de [&hellip;]<\/p>\n","protected":false},"author":3,"featured_media":0,"comment_status":"open","ping_status":"open","sticky":false,"template":"","format":"standard","meta":{"footnotes":""},"categories":[39],"tags":[396,135],"class_list":["post-54","post","type-post","status-publish","format-standard","hentry","category-gastronomia","tag-janeiro","tag-sao-paulo"],"_links":{"self":[{"href":"http:\/\/www.girosgourmet.com.br\/index.php\/wp-json\/wp\/v2\/posts\/54","targetHints":{"allow":["GET"]}}],"collection":[{"href":"http:\/\/www.girosgourmet.com.br\/index.php\/wp-json\/wp\/v2\/posts"}],"about":[{"href":"http:\/\/www.girosgourmet.com.br\/index.php\/wp-json\/wp\/v2\/types\/post"}],"author":[{"embeddable":true,"href":"http:\/\/www.girosgourmet.com.br\/index.php\/wp-json\/wp\/v2\/users\/3"}],"replies":[{"embeddable":true,"href":"http:\/\/www.girosgourmet.com.br\/index.php\/wp-json\/wp\/v2\/comments?post=54"}],"version-history":[{"count":5,"href":"http:\/\/www.girosgourmet.com.br\/index.php\/wp-json\/wp\/v2\/posts\/54\/revisions"}],"predecessor-version":[{"id":2720,"href":"http:\/\/www.girosgourmet.com.br\/index.php\/wp-json\/wp\/v2\/posts\/54\/revisions\/2720"}],"wp:attachment":[{"href":"http:\/\/www.girosgourmet.com.br\/index.php\/wp-json\/wp\/v2\/media?parent=54"}],"wp:term":[{"taxonomy":"category","embeddable":true,"href":"http:\/\/www.girosgourmet.com.br\/index.php\/wp-json\/wp\/v2\/categories?post=54"},{"taxonomy":"post_tag","embeddable":true,"href":"http:\/\/www.girosgourmet.com.br\/index.php\/wp-json\/wp\/v2\/tags?post=54"}],"curies":[{"name":"wp","href":"https:\/\/api.w.org\/{rel}","templated":true}]}}