{"id":5307,"date":"2013-01-25T12:18:00","date_gmt":"2013-01-25T15:18:00","guid":{"rendered":"http:\/\/www.myfashionlife.com.br\/?p=5307"},"modified":"2013-01-25T12:18:21","modified_gmt":"2013-01-25T15:18:21","slug":"dica-cultural-imperdivel-2a-bienal-internacional-de-graffiti-fine-art","status":"publish","type":"post","link":"http:\/\/www.girosgourmet.com.br\/index.php\/dica-cultural-imperdivel-2a-bienal-internacional-de-graffiti-fine-art\/","title":{"rendered":"Dica cultural imperd\u00edvel &#8211; 2\u00aa Bienal Internacional de Graffiti Fine Art"},"content":{"rendered":"<p style=\"text-align: justify;\">Gilberto Dimenstein afirmou esta semana&#8230;.. &#8220;Somos uma cidade feia (SP), mas que vira um museu a c\u00e9u aberto pela dissemina\u00e7\u00e3o da arte urbana. Dai sermos a capital mundial do grafite&#8221;&#8230;..e eu concordo com ele em todos os sentidos!<\/p>\n<p style=\"text-align: justify;\">Os muros da minha cidade se tornaram verdadeiras galerias a c\u00e9u aberto com a afirma\u00e7\u00e3o do graffiti como uma das principais identidades da arte contempor\u00e2nea.<\/p>\n<p style=\"text-align: center;\"><a href=\"http:\/\/www.myfashionlife.com.br\/index.php\/dica-cultural-imperdivel-2a-bienal-internacional-de-graffiti-fine-art\/cinemube\/\" rel=\"attachment wp-att-5309\"><img loading=\"lazy\" decoding=\"async\" class=\"alignnone size-full wp-image-5309\" alt=\"cineMUBE\" src=\"http:\/\/www.myfashionlife.com.br\/wp-content\/uploads\/2013\/01\/cineMUBE.jpg\" width=\"600\" height=\"423\" srcset=\"http:\/\/www.girosgourmet.com.br\/wp-content\/uploads\/2013\/01\/cineMUBE.jpg 600w, http:\/\/www.girosgourmet.com.br\/wp-content\/uploads\/2013\/01\/cineMUBE-300x211.jpg 300w\" sizes=\"auto, (max-width: 600px) 100vw, 600px\" \/><\/a><\/p>\n<p style=\"text-align: justify;\">Dentro deste contexto, muitos artistas que se apropriam do espa\u00e7o urbano, tiveram suas obras transportadas para os acervos de grandes museus. Para contemplar este segmento e termos a oportunidade de ver tudo de uma tacada s\u00f3, o <b>MuBE<\/b> abre suas portas entre os dias 22 de janeiro e 24 de fevereiro, para a\u00a0<b>2\u00aa Bienal Internacional de Graffiti Fine Art<\/b><\/p>\n<p style=\"text-align: justify;\">Nesta edi\u00e7\u00e3o, os artistas exp\u00f5em suas obras em diversos formatos, como pain\u00e9is, instala\u00e7\u00f5es, telas, fotografias, pinturas e esculturas, al\u00e9m de interven\u00e7\u00f5es em dois carros.<\/p>\n<p style=\"text-align: justify;\">O objetivo da mostra \u00e9 mergulhar nos diversos desdobramentos t\u00e9cnicos e est\u00e9ticos que permearam a arte urbana de diferentes lugares do mundo.<\/p>\n<p style=\"text-align: center;\"><a href=\"http:\/\/www.myfashionlife.com.br\/index.php\/dica-cultural-imperdivel-2a-bienal-internacional-de-graffiti-fine-art\/cinemube1\/\" rel=\"attachment wp-att-5310\"><img loading=\"lazy\" decoding=\"async\" class=\"alignnone size-full wp-image-5310\" alt=\"cinemube1\" src=\"http:\/\/www.myfashionlife.com.br\/wp-content\/uploads\/2013\/01\/cinemube1.jpg\" width=\"600\" height=\"400\" srcset=\"http:\/\/www.girosgourmet.com.br\/wp-content\/uploads\/2013\/01\/cinemube1.jpg 600w, http:\/\/www.girosgourmet.com.br\/wp-content\/uploads\/2013\/01\/cinemube1-300x200.jpg 300w\" sizes=\"auto, (max-width: 600px) 100vw, 600px\" \/><\/a><\/p>\n<p style=\"text-align: justify;\">Destaque para alguns convidados internacionais, como Kongo, ECB, Kress, Daze e Wernz, al\u00e9m dos brasileiros Nunka, Speto, Finok, DMS e Minhau \u2013 que vai construir uma instala\u00e7\u00e3o de um gato em madeira com cerca de 4 metros.<\/p>\n<p>E tudo isso \u00e9 free minha gente! Tem como n\u00e3o ir?! Imperd\u00edvel!<\/p>\n<p><b>Servi\u00e7o<\/b><br \/>\n2\u00aa Bienal Internacional de Graffiti Fine Art do MuBE<br \/>\nMUSEU BRASILEIRO DA ESCULTURA (MUBE)<br \/>\n<a href=\"http:\/\/www.mube.art.br\">http:\/\/www.mube.art.br<\/a><br \/>\nAvenida Europa, 218<br \/>\nJardim Europa \u2013 Oeste<br \/>\n11) 2594-2601<\/p>\n<iframe src=\"http:\/\/www.facebook.com\/plugins\/like.php?href=http:\/\/www.girosgourmet.com.br\/index.php\/dica-cultural-imperdivel-2a-bienal-internacional-de-graffiti-fine-art\/&amp;layout=standard&amp;show_faces=1&amp;width=450&amp;action=like&amp;colorscheme=light&amp;font=\" scrolling=\"no\" frameborder=\"0\" style=\"border:none; overflow:hidden; width:450px; height:60px\"><\/iframe>","protected":false},"excerpt":{"rendered":"<p>Gilberto Dimenstein afirmou esta semana&#8230;.. &#8220;Somos uma cidade feia (SP), mas que vira um museu a c\u00e9u aberto pela dissemina\u00e7\u00e3o da arte urbana. Dai sermos a capital mundial do grafite&#8221;&#8230;..e eu concordo com ele em todos os sentidos! Os muros da minha cidade se tornaram verdadeiras galerias a c\u00e9u aberto [&hellip;]<\/p>\n","protected":false},"author":3,"featured_media":0,"comment_status":"open","ping_status":"open","sticky":false,"template":"","format":"standard","meta":{"footnotes":""},"categories":[40],"tags":[1126,1125,446],"class_list":["post-5307","post","type-post","status-publish","format-standard","hentry","category-culturamodabelezabem-estar","tag-2a-bienal-internacional-de-graffiti-fine-art","tag-gilberto-dimenstein","tag-mube"],"_links":{"self":[{"href":"http:\/\/www.girosgourmet.com.br\/index.php\/wp-json\/wp\/v2\/posts\/5307","targetHints":{"allow":["GET"]}}],"collection":[{"href":"http:\/\/www.girosgourmet.com.br\/index.php\/wp-json\/wp\/v2\/posts"}],"about":[{"href":"http:\/\/www.girosgourmet.com.br\/index.php\/wp-json\/wp\/v2\/types\/post"}],"author":[{"embeddable":true,"href":"http:\/\/www.girosgourmet.com.br\/index.php\/wp-json\/wp\/v2\/users\/3"}],"replies":[{"embeddable":true,"href":"http:\/\/www.girosgourmet.com.br\/index.php\/wp-json\/wp\/v2\/comments?post=5307"}],"version-history":[{"count":5,"href":"http:\/\/www.girosgourmet.com.br\/index.php\/wp-json\/wp\/v2\/posts\/5307\/revisions"}],"predecessor-version":[{"id":5313,"href":"http:\/\/www.girosgourmet.com.br\/index.php\/wp-json\/wp\/v2\/posts\/5307\/revisions\/5313"}],"wp:attachment":[{"href":"http:\/\/www.girosgourmet.com.br\/index.php\/wp-json\/wp\/v2\/media?parent=5307"}],"wp:term":[{"taxonomy":"category","embeddable":true,"href":"http:\/\/www.girosgourmet.com.br\/index.php\/wp-json\/wp\/v2\/categories?post=5307"},{"taxonomy":"post_tag","embeddable":true,"href":"http:\/\/www.girosgourmet.com.br\/index.php\/wp-json\/wp\/v2\/tags?post=5307"}],"curies":[{"name":"wp","href":"https:\/\/api.w.org\/{rel}","templated":true}]}}