{"id":4966,"date":"2012-11-17T19:58:02","date_gmt":"2012-11-17T22:58:02","guid":{"rendered":"http:\/\/www.myfashionlife.com.br\/?p=4966"},"modified":"2012-11-17T20:03:50","modified_gmt":"2012-11-17T23:03:50","slug":"dica-cultural-da-semana-a-peca-a-partilha-de-miguel-falabella","status":"publish","type":"post","link":"http:\/\/www.girosgourmet.com.br\/index.php\/dica-cultural-da-semana-a-peca-a-partilha-de-miguel-falabella\/","title":{"rendered":"Dica cultural da semana: A pe\u00e7a &#8220;A Partilha&#8221;, de Miguel Falabella"},"content":{"rendered":"<p style=\"text-align: justify;\">E ontem \u00e1 noite, o programinha deste imensoooooooooo feriado foi uma ida ao teatro\u2026.e que saudades eu estava de uma noite destas! A pe\u00e7a escolhida foi \u00e0 com\u00e9dia meio dram\u00e1tica de <strong>Miguel Falabella<\/strong>, \u201d<strong>A Partilha<\/strong>\u201d, com as gloriosas atrizes Suzana Vieira, Arlete Salles, Thereza Piffer e Patrycia Travassos em cena.<\/p>\n<p style=\"text-align: center;\"><a href=\"http:\/\/www.myfashionlife.com.br\/wp-content\/uploads\/2012\/11\/a-partilha.jpg\"><img loading=\"lazy\" decoding=\"async\" class=\"wp-image-4969 aligncenter\" title=\"a partilha\" src=\"http:\/\/www.myfashionlife.com.br\/wp-content\/uploads\/2012\/11\/a-partilha-1024x576.jpg\" alt=\"\" width=\"574\" height=\"322\" srcset=\"http:\/\/www.girosgourmet.com.br\/wp-content\/uploads\/2012\/11\/a-partilha-1024x576.jpg 1024w, http:\/\/www.girosgourmet.com.br\/wp-content\/uploads\/2012\/11\/a-partilha-300x168.jpg 300w, http:\/\/www.girosgourmet.com.br\/wp-content\/uploads\/2012\/11\/a-partilha-150x84.jpg 150w, http:\/\/www.girosgourmet.com.br\/wp-content\/uploads\/2012\/11\/a-partilha.jpg 1920w\" sizes=\"auto, (max-width: 574px) 100vw, 574px\" \/><\/a><\/p>\n<p style=\"text-align: justify;\">A pe\u00e7a conta a hist\u00f3ria de quatro irm\u00e3s que se reencontram no vel\u00f3rio da m\u00e3e e repassam suas pr\u00f3prias historias a partir do fat\u00eddico episodio. Bem \u00e9 quase indispens\u00e1vel comentar sobre a atua\u00e7\u00e3o das atrizes&#8230;Patrycia, cujo personagem \u00e9 de uma frivolidade deliciosa, tem uma atua\u00e7\u00e3o marcante, como sempre! j\u00e1 Arlete e Suzana s\u00e3o imprevis\u00edveis em suas frases e ambas possuem um maravilhoso senso de humor&#8230;..Desconhecia o trabalho da atriz Thereza Piffer, confesso que \u00e9 a que menos empolga em cena, mas nem por isso deixa de ser indispensavel na trama.<\/p>\n<p style=\"text-align: justify;\">Para mim valeu a pena assistir esta pe\u00e7a porque ela conta com simplicidade os dramas familiares e situa\u00e7\u00f5es que nos s\u00e3o muitos familiares no dia a dia&#8230;.ela mexer\u00e1 com sua mem\u00f3ria afetiva, utilizando o humor como uma arma infal\u00edvel&#8230;&#8230;<\/p>\n<p>Enfim hist\u00f3ria simples, bem humorada e comovente&#8230;..Adorei e recomendo! E corram, porque ela ficara em SP apenas at\u00e9 dia 25 de novembro!<\/p>\n<p><span style=\"text-decoration: underline;\"><strong>Servi\u00e7o<\/strong><\/span><\/p>\n<p><strong>A Partilha<\/strong><br \/>\n<strong>Teatro Shopping Frei Caneca (600 lugares)<\/strong><br \/>\nRua Frei Caneca, 569 &#8211; 6\u00ba Andar<br \/>\n<strong>Informa\u00e7\u00f5es:<\/strong>\u00a0\u00a0\u00a0\u00a0\u00a0\u00a0\u00a0\u00a0\u00a0\u00a0\u00a0\u00a0\u00a0(11) 3472-2229\u00a0\u00a0\u00a0\u00a0\u00a0\u00a0\u00a0e 3472-2230<br \/>\n<strong>Grupos:<\/strong>\u00a0\u00a0\u00a0\u00a0\u00a0\u00a0\u00a0\u00a0\u00a0\u00a0\u00a0\u00a0\u00a0(11) 3472-2226<br \/>\n<strong>Bilheteria:<\/strong>\u00a0de ter\u00e7a \u00e0 quinta, das 13h \u00e0s 19h; de sexta a domingo, das 13h at\u00e9 o in\u00edcio do espet\u00e1culo.<br \/>\n<strong>Vendas:<\/strong>\u00a0(11) 4003.1212 \/\u00a0<a href=\"http:\/\/www.ingressorapido.com.br\/\" target=\"_blank\">www.ingressorapido.com.br<\/a><br \/>\nSexta \u00e0s 21h30 | S\u00e1bado \u00e0s 19h e 21h30 | Domingo \u00e0s 18h<br \/>\n<strong>Ingressos:<\/strong>\u00a0R$ 80 e R$ 120<br \/>\n<strong>Dura\u00e7\u00e3o:<\/strong>\u00a0100 minutos.<br \/>\n<strong>Recomenda\u00e7\u00e3o:<\/strong><strong>\u00a0<\/strong>12 anos<\/p>\n<iframe src=\"http:\/\/www.facebook.com\/plugins\/like.php?href=http:\/\/www.girosgourmet.com.br\/index.php\/dica-cultural-da-semana-a-peca-a-partilha-de-miguel-falabella\/&amp;layout=standard&amp;show_faces=1&amp;width=450&amp;action=like&amp;colorscheme=light&amp;font=\" scrolling=\"no\" frameborder=\"0\" style=\"border:none; overflow:hidden; width:450px; height:60px\"><\/iframe>","protected":false},"excerpt":{"rendered":"<p>E ontem \u00e1 noite, o programinha deste imensoooooooooo feriado foi uma ida ao teatro\u2026.e que saudades eu estava de uma noite destas! A pe\u00e7a escolhida foi \u00e0 com\u00e9dia meio dram\u00e1tica de Miguel Falabella, \u201dA Partilha\u201d, com as gloriosas atrizes Suzana Vieira, Arlete Salles, Thereza Piffer e Patrycia Travassos em cena. [&hellip;]<\/p>\n","protected":false},"author":3,"featured_media":0,"comment_status":"open","ping_status":"open","sticky":false,"template":"","format":"standard","meta":{"footnotes":""},"categories":[40],"tags":[1056,1057,161],"class_list":["post-4966","post","type-post","status-publish","format-standard","hentry","category-culturamodabelezabem-estar","tag-a-partilha","tag-miguel-falabella","tag-teatro"],"_links":{"self":[{"href":"http:\/\/www.girosgourmet.com.br\/index.php\/wp-json\/wp\/v2\/posts\/4966","targetHints":{"allow":["GET"]}}],"collection":[{"href":"http:\/\/www.girosgourmet.com.br\/index.php\/wp-json\/wp\/v2\/posts"}],"about":[{"href":"http:\/\/www.girosgourmet.com.br\/index.php\/wp-json\/wp\/v2\/types\/post"}],"author":[{"embeddable":true,"href":"http:\/\/www.girosgourmet.com.br\/index.php\/wp-json\/wp\/v2\/users\/3"}],"replies":[{"embeddable":true,"href":"http:\/\/www.girosgourmet.com.br\/index.php\/wp-json\/wp\/v2\/comments?post=4966"}],"version-history":[{"count":5,"href":"http:\/\/www.girosgourmet.com.br\/index.php\/wp-json\/wp\/v2\/posts\/4966\/revisions"}],"predecessor-version":[{"id":4968,"href":"http:\/\/www.girosgourmet.com.br\/index.php\/wp-json\/wp\/v2\/posts\/4966\/revisions\/4968"}],"wp:attachment":[{"href":"http:\/\/www.girosgourmet.com.br\/index.php\/wp-json\/wp\/v2\/media?parent=4966"}],"wp:term":[{"taxonomy":"category","embeddable":true,"href":"http:\/\/www.girosgourmet.com.br\/index.php\/wp-json\/wp\/v2\/categories?post=4966"},{"taxonomy":"post_tag","embeddable":true,"href":"http:\/\/www.girosgourmet.com.br\/index.php\/wp-json\/wp\/v2\/tags?post=4966"}],"curies":[{"name":"wp","href":"https:\/\/api.w.org\/{rel}","templated":true}]}}