{"id":4945,"date":"2012-11-12T19:03:03","date_gmt":"2012-11-12T22:03:03","guid":{"rendered":"http:\/\/www.myfashionlife.com.br\/?p=4945"},"modified":"2012-11-13T09:41:52","modified_gmt":"2012-11-13T12:41:52","slug":"tendencias-que-encontramos-no-spfw-e-seu-outonoinverno-2013","status":"publish","type":"post","link":"http:\/\/www.girosgourmet.com.br\/index.php\/tendencias-que-encontramos-no-spfw-e-seu-outonoinverno-2013\/","title":{"rendered":"Tend\u00eancias que encontramos no SPFW e seu Outono\/Inverno 2013"},"content":{"rendered":"<p style=\"text-align: justify;\">O <strong><em>My Fashion Life<\/em><\/strong> deu as caras na \u00faltima semana de moda, da Capital Paulista e aponta as tend\u00eancias que ir\u00e3o cair na gra\u00e7a dos fashionistas de plant\u00e3o&#8230;<\/p>\n<p style=\"text-align: justify;\">De cara j\u00e1 saiba os brilhos e as ccores escuros continuar\u00e3o dando o tom da pr\u00f3xima esta\u00e7\u00e3o fria, em 2013 (caso tenhamos um inverno de verdade?! Rs). Nas cole\u00e7\u00f5es femininas muito paet\u00ea, canutilhos e muitas pedrarias aplicadas nos tecidos.<\/p>\n<p style=\"text-align: center;\"><a href=\"http:\/\/www.myfashionlife.com.br\/wp-content\/uploads\/2012\/11\/brilho.jpg\"><img loading=\"lazy\" decoding=\"async\" class=\"alignnone size-full wp-image-4954\" title=\"brilho\" src=\"http:\/\/www.myfashionlife.com.br\/wp-content\/uploads\/2012\/11\/brilho.jpg\" alt=\"\" width=\"580\" height=\"450\" srcset=\"http:\/\/www.girosgourmet.com.br\/wp-content\/uploads\/2012\/11\/brilho.jpg 580w, http:\/\/www.girosgourmet.com.br\/wp-content\/uploads\/2012\/11\/brilho-300x232.jpg 300w, http:\/\/www.girosgourmet.com.br\/wp-content\/uploads\/2012\/11\/brilho-150x116.jpg 150w\" sizes=\"auto, (max-width: 580px) 100vw, 580px\" \/><\/a><\/p>\n<p style=\"text-align: justify;\">As cores b\u00e1sicas da vida continuam predominando os olhares dos estilistas; <strong>o preto<\/strong>, os tons terrosos (caramelo e marrons), o verde, o roxo, v\u00e1rios tons de azul, o cinza e o <em>off-white<\/em>. Entre as cores quentes destaque para o vermelho em suas v\u00e1rias tonalidades (desde o <strong>vermelho<\/strong> mais vivo at\u00e9 o carmim e o vinho). E mais um detalhe?! As <strong>cores monocrom\u00e1ticas<\/strong> dominar\u00e3o os looks (Visual de uma cor s\u00f3, eu amo&#8230;Am\u00e9m!).<\/p>\n<p style=\"text-align: center;\"><a href=\"http:\/\/www.myfashionlife.com.br\/wp-content\/uploads\/2012\/11\/monocromatico.jpg\"><img loading=\"lazy\" decoding=\"async\" class=\"alignnone size-full wp-image-4948\" title=\"monocromatico\" src=\"http:\/\/www.myfashionlife.com.br\/wp-content\/uploads\/2012\/11\/monocromatico.jpg\" alt=\"\" width=\"590\" height=\"443\" srcset=\"http:\/\/www.girosgourmet.com.br\/wp-content\/uploads\/2012\/11\/monocromatico.jpg 590w, http:\/\/www.girosgourmet.com.br\/wp-content\/uploads\/2012\/11\/monocromatico-300x225.jpg 300w, http:\/\/www.girosgourmet.com.br\/wp-content\/uploads\/2012\/11\/monocromatico-150x112.jpg 150w\" sizes=\"auto, (max-width: 590px) 100vw, 590px\" \/><\/a><\/p>\n<p style=\"text-align: justify;\"><span style=\"text-align: justify;\">Entre os tecidos vistos, nenhuma novidade sequer; o destaque continua indo para o velho <strong>couro<\/strong>, a incans\u00e1vel l\u00e3, as sedutoras sedas, o morno jacquard, os fofos <strong>bordados<\/strong> e a entediante sarja. Em desfile brasileiro ainda somos obrigados a ver peles, pelos e penas aplicadas em pe\u00e7as de alguns estilistas (Ver isso em looks criados para um pa\u00eds tropical me cansa um pouco?!).<\/span><\/p>\n<p style=\"text-align: center;\"><a href=\"http:\/\/www.myfashionlife.com.br\/wp-content\/uploads\/2012\/11\/bordado.jpg\"><img loading=\"lazy\" decoding=\"async\" class=\"alignnone size-full wp-image-4947\" title=\"bordado\" src=\"http:\/\/www.myfashionlife.com.br\/wp-content\/uploads\/2012\/11\/bordado.jpg\" alt=\"\" width=\"590\" height=\"443\" srcset=\"http:\/\/www.girosgourmet.com.br\/wp-content\/uploads\/2012\/11\/bordado.jpg 590w, http:\/\/www.girosgourmet.com.br\/wp-content\/uploads\/2012\/11\/bordado-300x225.jpg 300w, http:\/\/www.girosgourmet.com.br\/wp-content\/uploads\/2012\/11\/bordado-150x112.jpg 150w\" sizes=\"auto, (max-width: 590px) 100vw, 590px\" \/><\/a><\/p>\n<p>Os que mais vimos nas passarelas do SPFW deste ano, foram \u00e0s pe\u00e7as com <em>shapes<\/em> dos anos 60 e <strong>influ\u00eancias militares<\/strong>.<\/p>\n<p style=\"text-align: center;\"><a href=\"http:\/\/www.myfashionlife.com.br\/wp-content\/uploads\/2012\/11\/militarismo.jpg\"><img loading=\"lazy\" decoding=\"async\" class=\"alignnone size-full wp-image-4953\" title=\"militarismo\" src=\"http:\/\/www.myfashionlife.com.br\/wp-content\/uploads\/2012\/11\/militarismo.jpg\" alt=\"\" width=\"602\" height=\"518\" srcset=\"http:\/\/www.girosgourmet.com.br\/wp-content\/uploads\/2012\/11\/militarismo.jpg 602w, http:\/\/www.girosgourmet.com.br\/wp-content\/uploads\/2012\/11\/militarismo-300x258.jpg 300w, http:\/\/www.girosgourmet.com.br\/wp-content\/uploads\/2012\/11\/militarismo-150x129.jpg 150w\" sizes=\"auto, (max-width: 602px) 100vw, 602px\" \/><\/a><\/p>\n<p><strong>Casacos sem gola<\/strong> ser\u00e1 o hit do pr\u00f3ximo inverno e foi a ic\u00f4nica estilista Gloria Coelho que mostrou os melhores exemplos desta pe\u00e7a.<\/p>\n<p style=\"text-align: center;\"><a href=\"http:\/\/www.myfashionlife.com.br\/wp-content\/uploads\/2012\/11\/casaco-sem-gola.jpg\"><img loading=\"lazy\" decoding=\"async\" class=\"alignnone size-full wp-image-4952\" title=\"casaco sem gola\" src=\"http:\/\/www.myfashionlife.com.br\/wp-content\/uploads\/2012\/11\/casaco-sem-gola.jpg\" alt=\"\" width=\"590\" height=\"443\" srcset=\"http:\/\/www.girosgourmet.com.br\/wp-content\/uploads\/2012\/11\/casaco-sem-gola.jpg 590w, http:\/\/www.girosgourmet.com.br\/wp-content\/uploads\/2012\/11\/casaco-sem-gola-300x225.jpg 300w, http:\/\/www.girosgourmet.com.br\/wp-content\/uploads\/2012\/11\/casaco-sem-gola-150x112.jpg 150w\" sizes=\"auto, (max-width: 590px) 100vw, 590px\" \/><\/a><\/p>\n<p style=\"text-align: justify;\">A silhueta ser\u00e1 bem ajustada ao corpo, sensual, revelando-o atrav\u00e9s de vazados, recortes, fendas e transpar\u00eancias para as mulheres e mais retas com volumes pontuais aparecendo principalmente nas partes de cima como maxitric\u00f4s, overcoats e jaquetas para os homens. A cintura continuar\u00e1 alta tanto para as cal\u00e7as masculinas e femininas quanto para as saias (que apareceram em comprimentos variados, desde minis \u00e0s saias longas).<\/p>\n<p style=\"text-align: justify;\">As sobreposi\u00e7\u00f5es tamb\u00e9m foram vistas nas passarelas, com destaque para os leggings masculinos da <strong>Colcci<\/strong> sobrepostos por bermudas, uma interessante proposta de estilo para os meninos.<\/p>\n<p style=\"text-align: center;\"><a href=\"http:\/\/www.myfashionlife.com.br\/wp-content\/uploads\/2012\/11\/colcci.jpg\"><img loading=\"lazy\" decoding=\"async\" class=\"alignnone size-full wp-image-4951\" title=\"colcci\" src=\"http:\/\/www.myfashionlife.com.br\/wp-content\/uploads\/2012\/11\/colcci.jpg\" alt=\"\" width=\"620\" height=\"515\" srcset=\"http:\/\/www.girosgourmet.com.br\/wp-content\/uploads\/2012\/11\/colcci.jpg 620w, http:\/\/www.girosgourmet.com.br\/wp-content\/uploads\/2012\/11\/colcci-300x249.jpg 300w, http:\/\/www.girosgourmet.com.br\/wp-content\/uploads\/2012\/11\/colcci-150x124.jpg 150w\" sizes=\"auto, (max-width: 620px) 100vw, 620px\" \/><\/a><\/p>\n<p>Colabora\u00e7\u00e3o de Andr\u00e9 Monteiro<\/p>\n<p>Cr\u00e9ditos Imagens: \u00a0ag\u00eancia fotosite\/divulga\u00e7\u00e3o<\/p>\n<p>&nbsp;<\/p>\n<iframe src=\"http:\/\/www.facebook.com\/plugins\/like.php?href=http:\/\/www.girosgourmet.com.br\/index.php\/tendencias-que-encontramos-no-spfw-e-seu-outonoinverno-2013\/&amp;layout=standard&amp;show_faces=1&amp;width=450&amp;action=like&amp;colorscheme=light&amp;font=\" scrolling=\"no\" frameborder=\"0\" style=\"border:none; overflow:hidden; width:450px; height:60px\"><\/iframe>","protected":false},"excerpt":{"rendered":"<p>O My Fashion Life deu as caras na \u00faltima semana de moda, da Capital Paulista e aponta as tend\u00eancias que ir\u00e3o cair na gra\u00e7a dos fashionistas de plant\u00e3o&#8230; De cara j\u00e1 saiba os brilhos e as ccores escuros continuar\u00e3o dando o tom da pr\u00f3xima esta\u00e7\u00e3o fria, em 2013 (caso tenhamos [&hellip;]<\/p>\n","protected":false},"author":3,"featured_media":0,"comment_status":"open","ping_status":"open","sticky":false,"template":"","format":"standard","meta":{"footnotes":""},"categories":[39],"tags":[1053,1052,265],"class_list":["post-4945","post","type-post","status-publish","format-standard","hentry","category-gastronomia","tag-colcci","tag-outonoinverno-2013","tag-spfw"],"_links":{"self":[{"href":"http:\/\/www.girosgourmet.com.br\/index.php\/wp-json\/wp\/v2\/posts\/4945","targetHints":{"allow":["GET"]}}],"collection":[{"href":"http:\/\/www.girosgourmet.com.br\/index.php\/wp-json\/wp\/v2\/posts"}],"about":[{"href":"http:\/\/www.girosgourmet.com.br\/index.php\/wp-json\/wp\/v2\/types\/post"}],"author":[{"embeddable":true,"href":"http:\/\/www.girosgourmet.com.br\/index.php\/wp-json\/wp\/v2\/users\/3"}],"replies":[{"embeddable":true,"href":"http:\/\/www.girosgourmet.com.br\/index.php\/wp-json\/wp\/v2\/comments?post=4945"}],"version-history":[{"count":5,"href":"http:\/\/www.girosgourmet.com.br\/index.php\/wp-json\/wp\/v2\/posts\/4945\/revisions"}],"predecessor-version":[{"id":4949,"href":"http:\/\/www.girosgourmet.com.br\/index.php\/wp-json\/wp\/v2\/posts\/4945\/revisions\/4949"}],"wp:attachment":[{"href":"http:\/\/www.girosgourmet.com.br\/index.php\/wp-json\/wp\/v2\/media?parent=4945"}],"wp:term":[{"taxonomy":"category","embeddable":true,"href":"http:\/\/www.girosgourmet.com.br\/index.php\/wp-json\/wp\/v2\/categories?post=4945"},{"taxonomy":"post_tag","embeddable":true,"href":"http:\/\/www.girosgourmet.com.br\/index.php\/wp-json\/wp\/v2\/tags?post=4945"}],"curies":[{"name":"wp","href":"https:\/\/api.w.org\/{rel}","templated":true}]}}