{"id":468,"date":"2010-08-18T14:49:12","date_gmt":"2010-08-18T17:49:12","guid":{"rendered":"http:\/\/www.closetonline.com.br\/blogcarla\/?p=468"},"modified":"2011-10-23T22:45:23","modified_gmt":"2011-10-24T01:45:23","slug":"preview-dos-deuses","status":"publish","type":"post","link":"http:\/\/www.girosgourmet.com.br\/index.php\/preview-dos-deuses\/","title":{"rendered":"Dica Cin\u00e9fila da Semana: Coco Chanel e Igor Stravinski"},"content":{"rendered":"<p style=\"text-align: justify;\">Ontem fui com a amiga\/partner Juliana ao Preview do filme \u201cCoco Chanel e Igor Stravinski\u201d \u00a0que conta a est\u00f3ria do \u201caffair\u201d de Chanel com o compositor cl\u00e1ssico Stravinski, na Fran\u00e7a dos anos 20.<\/p>\n<p style=\"text-align: justify;\">\nEste filme \u00e9 fant\u00e1stico e n\u00e3o deixa qualquer imagem \u00e0 duvida e diz a que v\u00eam j\u00e1 a partir do t\u00edtulo&#8230;.\u00e9 uma obra de detalhes&#8230;o filme ora \u00e9 falado em russo, ora em franc\u00eas e mostra muito sobre desejos tempor\u00e1rios com toda intensidade&#8230;.pessoalmente a decora\u00e7\u00e3o da casa de campo de Chanel, influenciou-me neste momento, porque estou decorando a minha futura casa&#8230;hahaha&#8230;.aguardem os detalhes..e mais uma coisa, como a atriz francesa Anna Mouglalis \u00e9 lindaaaaaaaa&#8230;.de cair o queixo, literalmente! Alta e esguia, a mulher parece \u00a0que desfila na passarela o tempo tudo&#8230;.e os vestidos que ela usa durante o filme, mesmo sendo d\u00e9cada 1920, s\u00e3o de uma eleg\u00e2ncia, que s\u00f3 mesmo Chanel poderia nos oferecer&#8230;todos j\u00e1 sabem e isso n\u00e3o \u00e9 novidade, eu sou f\u00e3 dela!<\/p>\n<p style=\"text-align: justify;\">\nAl\u00e9m da calorosa recep\u00e7\u00e3o na Prewiew, porque a noite estava bem fria, fomos recebidas com Chandon e pipoca&#8230;e no final ganhamos doces de tirar o f\u00f4lego&#8230;..tem como n\u00e3o amar um convite deste feito pela delicada Gloria Kalil?<\/p>\n<p style=\"text-align: justify;\">Beijos e assistam esta hist\u00f3ria fant\u00e1stica!<\/p>\n<p style=\"text-align: justify;\">\n<div id=\"attachment_467\" style=\"width: 402px\" class=\"wp-caption aligncenter\"><a href=\"http:\/\/www.closetonline.com.br\/blogcarla\/wp-content\/uploads\/2010\/08\/anna-mouglalis-e-mads-mikkelsen-em-cena-de-coco-chanel-e-igor-stravinsky-1275875201174_560x400.jpg\"><img loading=\"lazy\" decoding=\"async\" aria-describedby=\"caption-attachment-467\" class=\"size-full wp-image-467 \" title=\"anna-mouglalis-e-mads-mikkelsen-em-cena-de-coco-chanel-e-igor-stravinsky-1275875201174_560x400\" src=\"http:\/\/www.closetonline.com.br\/blogcarla\/wp-content\/uploads\/2010\/08\/anna-mouglalis-e-mads-mikkelsen-em-cena-de-coco-chanel-e-igor-stravinsky-1275875201174_560x400.jpg\" alt=\"\" width=\"392\" height=\"280\" srcset=\"http:\/\/www.girosgourmet.com.br\/wp-content\/uploads\/2010\/08\/anna-mouglalis-e-mads-mikkelsen-em-cena-de-coco-chanel-e-igor-stravinsky-1275875201174_560x400.jpg 560w, http:\/\/www.girosgourmet.com.br\/wp-content\/uploads\/2010\/08\/anna-mouglalis-e-mads-mikkelsen-em-cena-de-coco-chanel-e-igor-stravinsky-1275875201174_560x400-300x214.jpg 300w\" sizes=\"auto, (max-width: 392px) 100vw, 392px\" \/><\/a><p id=\"caption-attachment-467\" class=\"wp-caption-text\">Anna Mouglalis e Mads Mikkelsen em cena do filme &quot;Coco Chanel e Igor Stravinsky&quot;<\/p><\/div>\n<iframe src=\"http:\/\/www.facebook.com\/plugins\/like.php?href=http:\/\/www.girosgourmet.com.br\/index.php\/preview-dos-deuses\/&amp;layout=standard&amp;show_faces=1&amp;width=450&amp;action=like&amp;colorscheme=light&amp;font=\" scrolling=\"no\" frameborder=\"0\" style=\"border:none; overflow:hidden; width:450px; height:60px\"><\/iframe>","protected":false},"excerpt":{"rendered":"<p>Ontem fui com a amiga\/partner Juliana ao Preview do filme \u201cCoco Chanel e Igor Stravinski\u201d \u00a0que conta a est\u00f3ria do \u201caffair\u201d de Chanel com o compositor cl\u00e1ssico Stravinski, na Fran\u00e7a dos anos 20. Este filme \u00e9 fant\u00e1stico e n\u00e3o deixa qualquer imagem \u00e0 duvida e diz a que v\u00eam j\u00e1 [&hellip;]<\/p>\n","protected":false},"author":3,"featured_media":0,"comment_status":"open","ping_status":"open","sticky":false,"template":"","format":"standard","meta":{"footnotes":""},"categories":[40],"tags":[530,529,13,531],"class_list":["post-468","post","type-post","status-publish","format-standard","hentry","category-culturamodabelezabem-estar","tag-chanel","tag-coco-chanel-e-igor-stravinski","tag-filme","tag-prewiew"],"_links":{"self":[{"href":"http:\/\/www.girosgourmet.com.br\/index.php\/wp-json\/wp\/v2\/posts\/468","targetHints":{"allow":["GET"]}}],"collection":[{"href":"http:\/\/www.girosgourmet.com.br\/index.php\/wp-json\/wp\/v2\/posts"}],"about":[{"href":"http:\/\/www.girosgourmet.com.br\/index.php\/wp-json\/wp\/v2\/types\/post"}],"author":[{"embeddable":true,"href":"http:\/\/www.girosgourmet.com.br\/index.php\/wp-json\/wp\/v2\/users\/3"}],"replies":[{"embeddable":true,"href":"http:\/\/www.girosgourmet.com.br\/index.php\/wp-json\/wp\/v2\/comments?post=468"}],"version-history":[{"count":6,"href":"http:\/\/www.girosgourmet.com.br\/index.php\/wp-json\/wp\/v2\/posts\/468\/revisions"}],"predecessor-version":[{"id":2737,"href":"http:\/\/www.girosgourmet.com.br\/index.php\/wp-json\/wp\/v2\/posts\/468\/revisions\/2737"}],"wp:attachment":[{"href":"http:\/\/www.girosgourmet.com.br\/index.php\/wp-json\/wp\/v2\/media?parent=468"}],"wp:term":[{"taxonomy":"category","embeddable":true,"href":"http:\/\/www.girosgourmet.com.br\/index.php\/wp-json\/wp\/v2\/categories?post=468"},{"taxonomy":"post_tag","embeddable":true,"href":"http:\/\/www.girosgourmet.com.br\/index.php\/wp-json\/wp\/v2\/tags?post=468"}],"curies":[{"name":"wp","href":"https:\/\/api.w.org\/{rel}","templated":true}]}}