{"id":4536,"date":"2012-08-29T21:59:54","date_gmt":"2012-08-30T00:59:54","guid":{"rendered":"http:\/\/www.myfashionlife.com.br\/?p=4536"},"modified":"2012-08-29T22:03:19","modified_gmt":"2012-08-30T01:03:19","slug":"sao-paulo-restaurant-week-2012","status":"publish","type":"post","link":"http:\/\/www.girosgourmet.com.br\/index.php\/sao-paulo-restaurant-week-2012\/","title":{"rendered":"S\u00e3o Paulo Restaurant Week 2012"},"content":{"rendered":"<p style=\"text-align: center;\"><a href=\"http:\/\/www.myfashionlife.com.br\/wp-content\/uploads\/2012\/08\/SP-week.jpg\"><img loading=\"lazy\" decoding=\"async\" class=\"alignnone size-full wp-image-4538\" title=\"SP week\" src=\"http:\/\/www.myfashionlife.com.br\/wp-content\/uploads\/2012\/08\/SP-week.jpg\" alt=\"\" width=\"666\" height=\"349\" srcset=\"http:\/\/www.girosgourmet.com.br\/wp-content\/uploads\/2012\/08\/SP-week.jpg 666w, http:\/\/www.girosgourmet.com.br\/wp-content\/uploads\/2012\/08\/SP-week-300x157.jpg 300w, http:\/\/www.girosgourmet.com.br\/wp-content\/uploads\/2012\/08\/SP-week-150x78.jpg 150w\" sizes=\"auto, (max-width: 666px) 100vw, 666px\" \/><\/a><\/p>\n<p>E mais um <strong>S\u00e3o Paulo Restaurant Week<\/strong> come\u00e7ou esta semana na Capital Paulista, o evento que teve inicio nesta segunda feira (27 de agosto) acontece at\u00e9 o dia 16 de setembro nos principais restaurantes da cidade.<\/p>\n<p>O evento nesta edi\u00e7\u00e3o comemora o 5\u00ba anivers\u00e1rio e re\u00fane mais de 270 restaurantes, bares e caf\u00e9s, que montam menus com entrada, prato principal e sobremesa a pre\u00e7os populares: R$ 31,90 para o almo\u00e7o e R$ 43,90 para o jantar.<\/p>\n<p>Cerca de 60 estreantes figuram no maravilhoso evento gourmet, entre eles: Dui, Lellis Trattoria, O Gato Que Ri, Armanda e Spago. J\u00e1 entre os mais disputados, os comensais ter\u00e3o oportunidade de conhecer o AK Vila, O Pote do Rei, Allez Allez!, Emp\u00f3rio Ravioli, Hamburgueria Nacional, Dressing, Capim Santo entre outros.<\/p>\n<p style=\"text-align: center;\">\n<div id=\"attachment_4540\" style=\"width: 606px\" class=\"wp-caption aligncenter\"><a href=\"http:\/\/www.myfashionlife.com.br\/wp-content\/uploads\/2012\/08\/capim_santo_sao_paulo_restaurant_week.jpg\"><img loading=\"lazy\" decoding=\"async\" aria-describedby=\"caption-attachment-4540\" class=\"size-full wp-image-4540 \" title=\"capim_santo_sao_paulo_restaurant_week\" src=\"http:\/\/www.myfashionlife.com.br\/wp-content\/uploads\/2012\/08\/capim_santo_sao_paulo_restaurant_week.jpg\" alt=\"\" width=\"596\" height=\"397\" srcset=\"http:\/\/www.girosgourmet.com.br\/wp-content\/uploads\/2012\/08\/capim_santo_sao_paulo_restaurant_week.jpg 851w, http:\/\/www.girosgourmet.com.br\/wp-content\/uploads\/2012\/08\/capim_santo_sao_paulo_restaurant_week-300x199.jpg 300w, http:\/\/www.girosgourmet.com.br\/wp-content\/uploads\/2012\/08\/capim_santo_sao_paulo_restaurant_week-150x99.jpg 150w\" sizes=\"auto, (max-width: 596px) 100vw, 596px\" \/><\/a><p id=\"caption-attachment-4540\" class=\"wp-caption-text\">Um dos pratos sugeridos pelo Capim Santo<\/p><\/div>\n<p>Mas aten\u00e7\u00e3o at\u00e9 o dia 2 de setembro, acontece a Semana MasterCard, onde clientes Black e Platinum podem aproveitar o festival com sete dias de anteced\u00eancia. J\u00e1, entre 3 e 16 de setembro, o evento \u00e9 aberto para o p\u00fablico em geral.<\/p>\n<p>Os clientes que contribu\u00edrem com mais R$ 1 no valor final da conta fazem uma doa\u00e7\u00e3o ao Instituto Ayrton Senna. Participam tamb\u00e9m restaurantes das cidades de Barueri, Campinas, Cotia, Guarulhos, ABC e Ribeir\u00e3o Preto.<\/p>\n<p><a href=\"http:\/\/www.restaurantweek.com.br\/restaurantes\/sp\/lista\"><strong><span style=\"text-decoration: underline;\">Clique aqui<\/span><\/strong> <\/a>e saiba quais s\u00e3o os restaurantes que participam deste evento que promete abalar a cidade! Eu j\u00e1 fiz a minha listinha desta temporada, corram e fa\u00e7am a sua! Beij\u00e3o&#8230;.<\/p>\n<p><strong>Servi\u00e7o<\/strong><br \/>\n<strong>S\u00e3o Paulo Restaurant Week 2012<\/strong><br \/>\n<strong>Datas:<\/strong> 27 de agosto a 16 de setembro de 2012.<br \/>\n<strong>Hor\u00e1rios:<\/strong> Conforme hor\u00e1rio de funcionamento de cada estabelecimento.<br \/>\n<strong>Pre\u00e7os:<\/strong> Almo\u00e7o: R$ 31,90 e Jantar: R$ 43,90.<\/p>\n<iframe src=\"http:\/\/www.facebook.com\/plugins\/like.php?href=http:\/\/www.girosgourmet.com.br\/index.php\/sao-paulo-restaurant-week-2012\/&amp;layout=standard&amp;show_faces=1&amp;width=450&amp;action=like&amp;colorscheme=light&amp;font=\" scrolling=\"no\" frameborder=\"0\" style=\"border:none; overflow:hidden; width:450px; height:60px\"><\/iframe>","protected":false},"excerpt":{"rendered":"<p>E mais um S\u00e3o Paulo Restaurant Week come\u00e7ou esta semana na Capital Paulista, o evento que teve inicio nesta segunda feira (27 de agosto) acontece at\u00e9 o dia 16 de setembro nos principais restaurantes da cidade. O evento nesta edi\u00e7\u00e3o comemora o 5\u00ba anivers\u00e1rio e re\u00fane mais de 270 restaurantes, [&hellip;]<\/p>\n","protected":false},"author":3,"featured_media":0,"comment_status":"open","ping_status":"open","sticky":false,"template":"","format":"standard","meta":{"footnotes":""},"categories":[39],"tags":[965],"class_list":["post-4536","post","type-post","status-publish","format-standard","hentry","category-gastronomia","tag-sao-paulo-restaurant-week"],"_links":{"self":[{"href":"http:\/\/www.girosgourmet.com.br\/index.php\/wp-json\/wp\/v2\/posts\/4536","targetHints":{"allow":["GET"]}}],"collection":[{"href":"http:\/\/www.girosgourmet.com.br\/index.php\/wp-json\/wp\/v2\/posts"}],"about":[{"href":"http:\/\/www.girosgourmet.com.br\/index.php\/wp-json\/wp\/v2\/types\/post"}],"author":[{"embeddable":true,"href":"http:\/\/www.girosgourmet.com.br\/index.php\/wp-json\/wp\/v2\/users\/3"}],"replies":[{"embeddable":true,"href":"http:\/\/www.girosgourmet.com.br\/index.php\/wp-json\/wp\/v2\/comments?post=4536"}],"version-history":[{"count":3,"href":"http:\/\/www.girosgourmet.com.br\/index.php\/wp-json\/wp\/v2\/posts\/4536\/revisions"}],"predecessor-version":[{"id":4539,"href":"http:\/\/www.girosgourmet.com.br\/index.php\/wp-json\/wp\/v2\/posts\/4536\/revisions\/4539"}],"wp:attachment":[{"href":"http:\/\/www.girosgourmet.com.br\/index.php\/wp-json\/wp\/v2\/media?parent=4536"}],"wp:term":[{"taxonomy":"category","embeddable":true,"href":"http:\/\/www.girosgourmet.com.br\/index.php\/wp-json\/wp\/v2\/categories?post=4536"},{"taxonomy":"post_tag","embeddable":true,"href":"http:\/\/www.girosgourmet.com.br\/index.php\/wp-json\/wp\/v2\/tags?post=4536"}],"curies":[{"name":"wp","href":"https:\/\/api.w.org\/{rel}","templated":true}]}}