{"id":4010,"date":"2012-06-16T13:57:52","date_gmt":"2012-06-16T16:57:52","guid":{"rendered":"http:\/\/www.myfashionlife.com.br\/?p=4010"},"modified":"2012-06-17T00:33:31","modified_gmt":"2012-06-17T03:33:31","slug":"os-looks-da-redatora-nesta-temporada-do-spfw","status":"publish","type":"post","link":"http:\/\/www.girosgourmet.com.br\/index.php\/os-looks-da-redatora-nesta-temporada-do-spfw\/","title":{"rendered":"Os looks da redatora nesta temporada do SPFW"},"content":{"rendered":"<p style=\"text-align: justify;\">A moda segundo Carla Palmieri&#8230;.Para esta temporada, optei por roupas confort\u00e1veis, afinal estamos aqui para trabalhar e n\u00e3o para fazer o car\u00e3o! rs&#8230;Embora as vezes isso seja inevit\u00e1vel! Roupas monocrom\u00e1ticas, pouca estampa e sapatos baixos&#8230;.Eleg\u00e2ncia sempre, e o mais importante tudo com a minha cara&#8230;..D\u00e1 uma olhadinha;<\/p>\n<p style=\"text-align: center;\"><a href=\"http:\/\/www.myfashionlife.com.br\/wp-content\/uploads\/2012\/06\/look-carla.jpg\"><img loading=\"lazy\" decoding=\"async\" class=\"size-full wp-image-4014 aligncenter\" title=\"look carla\" src=\"http:\/\/www.myfashionlife.com.br\/wp-content\/uploads\/2012\/06\/look-carla.jpg\" alt=\"\" width=\"502\" height=\"672\" srcset=\"http:\/\/www.girosgourmet.com.br\/wp-content\/uploads\/2012\/06\/look-carla.jpg 717w, http:\/\/www.girosgourmet.com.br\/wp-content\/uploads\/2012\/06\/look-carla-224x300.jpg 224w, http:\/\/www.girosgourmet.com.br\/wp-content\/uploads\/2012\/06\/look-carla-112x150.jpg 112w\" sizes=\"auto, (max-width: 502px) 100vw, 502px\" \/><\/a><\/p>\n<p style=\"text-align: center;\"><a href=\"http:\/\/www.myfashionlife.com.br\/wp-content\/uploads\/2012\/06\/look-carla-2.jpg\"><img loading=\"lazy\" decoding=\"async\" class=\"size-full wp-image-4015 aligncenter\" title=\"look carla 2\" src=\"http:\/\/www.myfashionlife.com.br\/wp-content\/uploads\/2012\/06\/look-carla-2.jpg\" alt=\"\" width=\"502\" height=\"672\" srcset=\"http:\/\/www.girosgourmet.com.br\/wp-content\/uploads\/2012\/06\/look-carla-2.jpg 717w, http:\/\/www.girosgourmet.com.br\/wp-content\/uploads\/2012\/06\/look-carla-2-224x300.jpg 224w, http:\/\/www.girosgourmet.com.br\/wp-content\/uploads\/2012\/06\/look-carla-2-112x150.jpg 112w\" sizes=\"auto, (max-width: 502px) 100vw, 502px\" \/><\/a><\/p>\n<p style=\"text-align: center;\"><a href=\"http:\/\/www.myfashionlife.com.br\/wp-content\/uploads\/2012\/06\/Look-carla-3.jpg\"><img loading=\"lazy\" decoding=\"async\" class=\"size-full wp-image-4016 aligncenter\" title=\"Look carla 3\" src=\"http:\/\/www.myfashionlife.com.br\/wp-content\/uploads\/2012\/06\/Look-carla-3.jpg\" alt=\"\" width=\"502\" height=\"672\" srcset=\"http:\/\/www.girosgourmet.com.br\/wp-content\/uploads\/2012\/06\/Look-carla-3.jpg 717w, http:\/\/www.girosgourmet.com.br\/wp-content\/uploads\/2012\/06\/Look-carla-3-224x300.jpg 224w, http:\/\/www.girosgourmet.com.br\/wp-content\/uploads\/2012\/06\/Look-carla-3-112x150.jpg 112w\" sizes=\"auto, (max-width: 502px) 100vw, 502px\" \/><\/a><\/p>\n<p style=\"text-align: center;\"><a href=\"http:\/\/www.myfashionlife.com.br\/wp-content\/uploads\/2012\/06\/Look-carla-4.jpg\"><img loading=\"lazy\" decoding=\"async\" class=\"size-full wp-image-4017 aligncenter\" title=\"Look carla 4\" src=\"http:\/\/www.myfashionlife.com.br\/wp-content\/uploads\/2012\/06\/Look-carla-4.jpg\" alt=\"\" width=\"502\" height=\"672\" srcset=\"http:\/\/www.girosgourmet.com.br\/wp-content\/uploads\/2012\/06\/Look-carla-4.jpg 717w, http:\/\/www.girosgourmet.com.br\/wp-content\/uploads\/2012\/06\/Look-carla-4-224x300.jpg 224w, http:\/\/www.girosgourmet.com.br\/wp-content\/uploads\/2012\/06\/Look-carla-4-112x150.jpg 112w\" sizes=\"auto, (max-width: 502px) 100vw, 502px\" \/><\/a><\/p>\n<p style=\"text-align: center;\"><a href=\"http:\/\/www.myfashionlife.com.br\/wp-content\/uploads\/2012\/06\/Look-carla-5.jpg\"><img loading=\"lazy\" decoding=\"async\" class=\"size-full wp-image-4018 aligncenter\" title=\"Look carla 5\" src=\"http:\/\/www.myfashionlife.com.br\/wp-content\/uploads\/2012\/06\/Look-carla-5.jpg\" alt=\"\" width=\"502\" height=\"672\" srcset=\"http:\/\/www.girosgourmet.com.br\/wp-content\/uploads\/2012\/06\/Look-carla-5.jpg 717w, http:\/\/www.girosgourmet.com.br\/wp-content\/uploads\/2012\/06\/Look-carla-5-224x300.jpg 224w, http:\/\/www.girosgourmet.com.br\/wp-content\/uploads\/2012\/06\/Look-carla-5-112x150.jpg 112w\" sizes=\"auto, (max-width: 502px) 100vw, 502px\" \/><\/a><\/p>\n<p style=\"text-align: center;\">\n<iframe src=\"http:\/\/www.facebook.com\/plugins\/like.php?href=http:\/\/www.girosgourmet.com.br\/index.php\/os-looks-da-redatora-nesta-temporada-do-spfw\/&amp;layout=standard&amp;show_faces=1&amp;width=450&amp;action=like&amp;colorscheme=light&amp;font=\" scrolling=\"no\" frameborder=\"0\" style=\"border:none; overflow:hidden; width:450px; height:60px\"><\/iframe>","protected":false},"excerpt":{"rendered":"<p>A moda segundo Carla Palmieri&#8230;.Para esta temporada, optei por roupas confort\u00e1veis, afinal estamos aqui para trabalhar e n\u00e3o para fazer o car\u00e3o! rs&#8230;Embora as vezes isso seja inevit\u00e1vel! Roupas monocrom\u00e1ticas, pouca estampa e sapatos baixos&#8230;.Eleg\u00e2ncia sempre, e o mais importante tudo com a minha cara&#8230;..D\u00e1 uma olhadinha;<\/p>\n","protected":false},"author":3,"featured_media":0,"comment_status":"open","ping_status":"open","sticky":false,"template":"","format":"standard","meta":{"footnotes":""},"categories":[39],"tags":[891,265],"class_list":["post-4010","post","type-post","status-publish","format-standard","hentry","category-gastronomia","tag-carla-palmieri","tag-spfw"],"_links":{"self":[{"href":"http:\/\/www.girosgourmet.com.br\/index.php\/wp-json\/wp\/v2\/posts\/4010","targetHints":{"allow":["GET"]}}],"collection":[{"href":"http:\/\/www.girosgourmet.com.br\/index.php\/wp-json\/wp\/v2\/posts"}],"about":[{"href":"http:\/\/www.girosgourmet.com.br\/index.php\/wp-json\/wp\/v2\/types\/post"}],"author":[{"embeddable":true,"href":"http:\/\/www.girosgourmet.com.br\/index.php\/wp-json\/wp\/v2\/users\/3"}],"replies":[{"embeddable":true,"href":"http:\/\/www.girosgourmet.com.br\/index.php\/wp-json\/wp\/v2\/comments?post=4010"}],"version-history":[{"count":5,"href":"http:\/\/www.girosgourmet.com.br\/index.php\/wp-json\/wp\/v2\/posts\/4010\/revisions"}],"predecessor-version":[{"id":4023,"href":"http:\/\/www.girosgourmet.com.br\/index.php\/wp-json\/wp\/v2\/posts\/4010\/revisions\/4023"}],"wp:attachment":[{"href":"http:\/\/www.girosgourmet.com.br\/index.php\/wp-json\/wp\/v2\/media?parent=4010"}],"wp:term":[{"taxonomy":"category","embeddable":true,"href":"http:\/\/www.girosgourmet.com.br\/index.php\/wp-json\/wp\/v2\/categories?post=4010"},{"taxonomy":"post_tag","embeddable":true,"href":"http:\/\/www.girosgourmet.com.br\/index.php\/wp-json\/wp\/v2\/tags?post=4010"}],"curies":[{"name":"wp","href":"https:\/\/api.w.org\/{rel}","templated":true}]}}