{"id":3947,"date":"2012-06-12T14:38:12","date_gmt":"2012-06-12T17:38:12","guid":{"rendered":"http:\/\/www.myfashionlife.com.br\/?p=3947"},"modified":"2012-06-17T00:34:33","modified_gmt":"2012-06-17T03:34:33","slug":"spfw-verao-2013-conheca-os-lounges-desta-temporada","status":"publish","type":"post","link":"http:\/\/www.girosgourmet.com.br\/index.php\/spfw-verao-2013-conheca-os-lounges-desta-temporada\/","title":{"rendered":"SPFW Ver\u00e3o 2013- Conhe\u00e7a os Lounges desta temporada!!"},"content":{"rendered":"<p style=\"text-align: justify;\">E mais uma temporada de desfiles se inicia em S\u00e3o Paulo. Come\u00e7ou ontem a temporada ver\u00e3o 2013 da <strong>SPFW<\/strong>. Com o tema <strong>\u201cA Gente transforma- Hist\u00f3rias que Contam\u201d<\/strong>&#8230; a cenografia desta edi\u00e7\u00e3o \u00e9 inspirada em um projeto desenvolvido pelo arquiteto <strong>Marcelo Rosenbaum<\/strong> em V\u00e1rzea Queimada, povoado do Piau\u00ed&#8230;.<\/p>\n<p style=\"text-align: center;\">\n<div id=\"attachment_3949\" style=\"width: 568px\" class=\"wp-caption aligncenter\"><a href=\"http:\/\/www.myfashionlife.com.br\/wp-content\/uploads\/2012\/06\/327-3.jpg\"><img loading=\"lazy\" decoding=\"async\" aria-describedby=\"caption-attachment-3949\" class=\"size-full wp-image-3949   \" title=\"327 (3)\" src=\"http:\/\/www.myfashionlife.com.br\/wp-content\/uploads\/2012\/06\/327-3.jpg\" alt=\"\" width=\"558\" height=\"558\" srcset=\"http:\/\/www.girosgourmet.com.br\/wp-content\/uploads\/2012\/06\/327-3.jpg 1936w, http:\/\/www.girosgourmet.com.br\/wp-content\/uploads\/2012\/06\/327-3-150x150.jpg 150w, http:\/\/www.girosgourmet.com.br\/wp-content\/uploads\/2012\/06\/327-3-300x300.jpg 300w, http:\/\/www.girosgourmet.com.br\/wp-content\/uploads\/2012\/06\/327-3-1024x1024.jpg 1024w\" sizes=\"auto, (max-width: 558px) 100vw, 558px\" \/><\/a><p id=\"caption-attachment-3949\" class=\"wp-caption-text\">Entrada da Bienal<\/p><\/div>\n<p style=\"text-align: justify;\">E no meio desta magia toda, entre um desfile e outro, fui visitar os pontos mais badalados do pr\u00e9dio da Bienal&#8230;.Os\u00a0 disputados Lounges dos patrocinadores.<\/p>\n<p style=\"text-align: justify;\">Um espa\u00e7o aconchegante e pontuado por pe\u00e7as de design, foi a proposta de <strong>M\u00f3nica Penagui\u00e3o<\/strong> para o lounge da <strong>Vogue<\/strong>. Como sempre a ic\u00f4nica revista inova e deixa a sua marca. Nas paredes, quadros de artistas da galeria\u00a0<strong>Luisa Strina<\/strong>. Na mesa de centro, livros de moda entre um vaso de borracha assinado pelo italiano\u00a0<strong>Gaetano Pesce.<\/strong> As amolfadas e puf\u00eas brincam com diversos prints e contrastam com o grafismo do papel de parede. Para completar o clima intimista, abajures e lumin\u00e1rias d\u00e3o conta da ilumina\u00e7\u00e3o, como se fosse a sala de casa.<\/p>\n<p style=\"text-align: center;\"><a href=\"http:\/\/www.myfashionlife.com.br\/wp-content\/uploads\/2012\/06\/337-3.jpg\"><img loading=\"lazy\" decoding=\"async\" class=\"size-full wp-image-3952 aligncenter\" title=\"337 (3)\" src=\"http:\/\/www.myfashionlife.com.br\/wp-content\/uploads\/2012\/06\/337-3.jpg\" alt=\"\" width=\"597\" height=\"446\" srcset=\"http:\/\/www.girosgourmet.com.br\/wp-content\/uploads\/2012\/06\/337-3.jpg 2592w, http:\/\/www.girosgourmet.com.br\/wp-content\/uploads\/2012\/06\/337-3-300x224.jpg 300w, http:\/\/www.girosgourmet.com.br\/wp-content\/uploads\/2012\/06\/337-3-1024x764.jpg 1024w, http:\/\/www.girosgourmet.com.br\/wp-content\/uploads\/2012\/06\/337-3-150x112.jpg 150w\" sizes=\"auto, (max-width: 597px) 100vw, 597px\" \/><\/a><\/p>\n<p style=\"text-align: justify;\">\n<p style=\"text-align: justify;\">Quem tamb\u00e9m entrou nesta <em>vibe clean<\/em>, foi a nova patrocinadora do SPFW, a <strong>Euro<\/strong>, inclusive a marca est\u00e1 lan\u00e7ando Rel\u00f3gios Euro exclusivo SPFW. Os interessados conseguem adquirir na pop up do evento. A marca pertence ao Grupo Technos desde outubro de 2009 e foi criada para transformar o rel\u00f3gio em acess\u00f3rio indispens\u00e1vel aos looks do momento.<\/p>\n<p style=\"text-align: center;\"><a href=\"http:\/\/www.myfashionlife.com.br\/wp-content\/uploads\/2012\/06\/339-3.jpg\"><img loading=\"lazy\" decoding=\"async\" class=\"size-full wp-image-3954 aligncenter\" title=\"339 (3)\" src=\"http:\/\/www.myfashionlife.com.br\/wp-content\/uploads\/2012\/06\/339-3.jpg\" alt=\"\" width=\"653\" height=\"488\" srcset=\"http:\/\/www.girosgourmet.com.br\/wp-content\/uploads\/2012\/06\/339-3.jpg 2592w, http:\/\/www.girosgourmet.com.br\/wp-content\/uploads\/2012\/06\/339-3-300x224.jpg 300w, http:\/\/www.girosgourmet.com.br\/wp-content\/uploads\/2012\/06\/339-3-1024x764.jpg 1024w, http:\/\/www.girosgourmet.com.br\/wp-content\/uploads\/2012\/06\/339-3-150x112.jpg 150w\" sizes=\"auto, (max-width: 653px) 100vw, 653px\" \/><\/a><\/p>\n<p style=\"text-align: justify;\">J\u00e1 o lounge da <strong>ABEST<\/strong> est\u00e1 com uma pegada mais colorida, afinal estamos em um evento onde a mistura de cores \u00e9 obrigat\u00f3ria e muito bem recebida! Particularmente foi um dos meus preferidos! Cadeiras e sof\u00e1s confort\u00e1veis.<\/p>\n<p style=\"text-align: center;\"><a href=\"http:\/\/www.myfashionlife.com.br\/wp-content\/uploads\/2012\/06\/342-3.jpg\"><img loading=\"lazy\" decoding=\"async\" class=\"size-large wp-image-3955 aligncenter\" title=\"342 (3)\" src=\"http:\/\/www.myfashionlife.com.br\/wp-content\/uploads\/2012\/06\/342-3-1024x764.jpg\" alt=\"\" width=\"645\" height=\"482\" srcset=\"http:\/\/www.girosgourmet.com.br\/wp-content\/uploads\/2012\/06\/342-3-1024x764.jpg 1024w, http:\/\/www.girosgourmet.com.br\/wp-content\/uploads\/2012\/06\/342-3-300x224.jpg 300w, http:\/\/www.girosgourmet.com.br\/wp-content\/uploads\/2012\/06\/342-3-150x112.jpg 150w\" sizes=\"auto, (max-width: 645px) 100vw, 645px\" \/><\/a><\/p>\n<p style=\"text-align: justify;\">Quem tamb\u00e9m promete burburinho \u00e9 o lounge das revistas <strong>ESTILO<\/strong> e <strong>ELLE<\/strong>. O espa\u00e7o, com projeto assinado por <strong>Felipe Nuno<\/strong>, traz uma decora\u00e7\u00e3o aconchegante toda em preto e branco.<\/p>\n<p style=\"text-align: center;\"><a href=\"http:\/\/www.myfashionlife.com.br\/wp-content\/uploads\/2012\/06\/lounge-estilo-spfw.jpg\"><img loading=\"lazy\" decoding=\"async\" class=\"alignnone size-full wp-image-3957\" title=\"lounge-estilo-spfw\" src=\"http:\/\/www.myfashionlife.com.br\/wp-content\/uploads\/2012\/06\/lounge-estilo-spfw.jpg\" alt=\"\" width=\"500\" height=\"669\" srcset=\"http:\/\/www.girosgourmet.com.br\/wp-content\/uploads\/2012\/06\/lounge-estilo-spfw.jpg 500w, http:\/\/www.girosgourmet.com.br\/wp-content\/uploads\/2012\/06\/lounge-estilo-spfw-224x300.jpg 224w, http:\/\/www.girosgourmet.com.br\/wp-content\/uploads\/2012\/06\/lounge-estilo-spfw-112x150.jpg 112w\" sizes=\"auto, (max-width: 500px) 100vw, 500px\" \/><\/a><\/p>\n<p style=\"text-align: justify;\">Um dos mais badalados, o <strong>Glamurama<\/strong>, preparou uma surpresa para quem vier visitar nosso lounge na S\u00e3o Paulo Fashion Week: a Chandon vai servir champagne todos os dias da Semana de Moda. Isso j\u00e1 \u00e9 um bom motivo para eu voltar l\u00e1 todos os dias&#8230;.risos&#8230;.Al\u00e9m disso, quem visitar o lounge vai poder conferir \u2013 em primeira m\u00e3o \u2013 uma pr\u00e9via do evento que a Galeria Showroom vai armar a partir desta segunda-feira, na Casa Petra, em Moema. \u00c9\u00a0 que as empres\u00e1rias Adriana Coutinho e Fl\u00e1via Rotondo v\u00e3o fazer neste espa\u00e7o um preview do que vai se usar no ver\u00e3o 2013, com pe\u00e7as de marcas bacanudas como apartamento 03, Corso Como, Tatiana Loureiro, Sarah Chofakian, New Order, Nour by Adriana Bittencourt, Only T Shirt, Serpui Marie, Tidda, Zeferino, s\u00f3 para citar algumas.<\/p>\n<p style=\"text-align: center;\"><a href=\"http:\/\/www.myfashionlife.com.br\/wp-content\/uploads\/2012\/06\/glamur.jpg\"><img loading=\"lazy\" decoding=\"async\" class=\"size-full wp-image-3961 aligncenter\" title=\"glamur\" src=\"http:\/\/www.myfashionlife.com.br\/wp-content\/uploads\/2012\/06\/glamur.jpg\" alt=\"\" width=\"645\" height=\"645\" srcset=\"http:\/\/www.girosgourmet.com.br\/wp-content\/uploads\/2012\/06\/glamur.jpg 1024w, http:\/\/www.girosgourmet.com.br\/wp-content\/uploads\/2012\/06\/glamur-150x150.jpg 150w, http:\/\/www.girosgourmet.com.br\/wp-content\/uploads\/2012\/06\/glamur-300x300.jpg 300w\" sizes=\"auto, (max-width: 645px) 100vw, 645px\" \/><\/a><\/p>\n<p style=\"text-align: center;\">\n<p>Outra novidade bacan\u00e9rrima e surpreendente para mim foi o lounge de outra nova patrocinadora, <strong>Colgate Luminous White<\/strong>. O ambiente foi todo decorado em branco e vermelho, as cores da marca, o local conta com uma cabine de fotos ( MUITO LEGAL!) e som de v\u00e1rios DJs, como Johnny Luxo, Deborah Falci e Victor Collor de Melo. E a decora\u00e7\u00e3o inclui ainda lustres em tom d\u00e9grad\u00e9, do amarelo ao branco, que representam o conceito do clareamento que o produto proporciona&#8230;.Grande sacada n\u00e9? Adorei!<\/p>\n<p style=\"text-align: center;\"><a href=\"http:\/\/www.myfashionlife.com.br\/wp-content\/uploads\/2012\/06\/Lounge-Colgate.jpg\"><img loading=\"lazy\" decoding=\"async\" class=\"size-full wp-image-3959 aligncenter\" title=\"Lounge- Colgate\" src=\"http:\/\/www.myfashionlife.com.br\/wp-content\/uploads\/2012\/06\/Lounge-Colgate.jpg\" alt=\"\" width=\"648\" height=\"432\" srcset=\"http:\/\/www.girosgourmet.com.br\/wp-content\/uploads\/2012\/06\/Lounge-Colgate.jpg 800w, http:\/\/www.girosgourmet.com.br\/wp-content\/uploads\/2012\/06\/Lounge-Colgate-300x199.jpg 300w, http:\/\/www.girosgourmet.com.br\/wp-content\/uploads\/2012\/06\/Lounge-Colgate-150x99.jpg 150w\" sizes=\"auto, (max-width: 648px) 100vw, 648px\" \/><\/a><\/p>\n<p>Outro lugarzinho ador\u00e1vel na Bienal, \u00e9 a pop up! Tem uma coisa mais linda do que a outra, eu evito passar por l\u00e1, porque meu cart\u00e3o de cr\u00e9dito come\u00e7ar literalmente a gritar comigo! Rs&#8230;..d\u00e1 uma sacadinha nas coisas fofas que eu encontrei por ali!<\/p>\n<p style=\"text-align: center;\"><a href=\"http:\/\/www.myfashionlife.com.br\/wp-content\/uploads\/2012\/06\/343-3.jpg\"><img loading=\"lazy\" decoding=\"async\" class=\"size-large wp-image-3963 aligncenter\" title=\"343 (3)\" src=\"http:\/\/www.myfashionlife.com.br\/wp-content\/uploads\/2012\/06\/343-3-764x1024.jpg\" alt=\"\" width=\"458\" height=\"614\" srcset=\"http:\/\/www.girosgourmet.com.br\/wp-content\/uploads\/2012\/06\/343-3-764x1024.jpg 764w, http:\/\/www.girosgourmet.com.br\/wp-content\/uploads\/2012\/06\/343-3-224x300.jpg 224w, http:\/\/www.girosgourmet.com.br\/wp-content\/uploads\/2012\/06\/343-3-112x150.jpg 112w, http:\/\/www.girosgourmet.com.br\/wp-content\/uploads\/2012\/06\/343-3.jpg 1936w\" sizes=\"auto, (max-width: 458px) 100vw, 458px\" \/><\/a><\/p>\n<iframe src=\"http:\/\/www.facebook.com\/plugins\/like.php?href=http:\/\/www.girosgourmet.com.br\/index.php\/spfw-verao-2013-conheca-os-lounges-desta-temporada\/&amp;layout=standard&amp;show_faces=1&amp;width=450&amp;action=like&amp;colorscheme=light&amp;font=\" scrolling=\"no\" frameborder=\"0\" style=\"border:none; overflow:hidden; width:450px; height:60px\"><\/iframe>","protected":false},"excerpt":{"rendered":"<p>E mais uma temporada de desfiles se inicia em S\u00e3o Paulo. Come\u00e7ou ontem a temporada ver\u00e3o 2013 da SPFW. Com o tema \u201cA Gente transforma- Hist\u00f3rias que Contam\u201d&#8230; a cenografia desta edi\u00e7\u00e3o \u00e9 inspirada em um projeto desenvolvido pelo arquiteto Marcelo Rosenbaum em V\u00e1rzea Queimada, povoado do Piau\u00ed&#8230;. E no [&hellip;]<\/p>\n","protected":false},"author":3,"featured_media":0,"comment_status":"open","ping_status":"open","sticky":false,"template":"","format":"standard","meta":{"footnotes":""},"categories":[39],"tags":[888,887,886,885,265,445],"class_list":["post-3947","post","type-post","status-publish","format-standard","hentry","category-gastronomia","tag-euro","tag-gaetano-pesce","tag-luisa-strina","tag-marcelo-rosenbaum","tag-spfw","tag-vogue"],"_links":{"self":[{"href":"http:\/\/www.girosgourmet.com.br\/index.php\/wp-json\/wp\/v2\/posts\/3947","targetHints":{"allow":["GET"]}}],"collection":[{"href":"http:\/\/www.girosgourmet.com.br\/index.php\/wp-json\/wp\/v2\/posts"}],"about":[{"href":"http:\/\/www.girosgourmet.com.br\/index.php\/wp-json\/wp\/v2\/types\/post"}],"author":[{"embeddable":true,"href":"http:\/\/www.girosgourmet.com.br\/index.php\/wp-json\/wp\/v2\/users\/3"}],"replies":[{"embeddable":true,"href":"http:\/\/www.girosgourmet.com.br\/index.php\/wp-json\/wp\/v2\/comments?post=3947"}],"version-history":[{"count":10,"href":"http:\/\/www.girosgourmet.com.br\/index.php\/wp-json\/wp\/v2\/posts\/3947\/revisions"}],"predecessor-version":[{"id":4027,"href":"http:\/\/www.girosgourmet.com.br\/index.php\/wp-json\/wp\/v2\/posts\/3947\/revisions\/4027"}],"wp:attachment":[{"href":"http:\/\/www.girosgourmet.com.br\/index.php\/wp-json\/wp\/v2\/media?parent=3947"}],"wp:term":[{"taxonomy":"category","embeddable":true,"href":"http:\/\/www.girosgourmet.com.br\/index.php\/wp-json\/wp\/v2\/categories?post=3947"},{"taxonomy":"post_tag","embeddable":true,"href":"http:\/\/www.girosgourmet.com.br\/index.php\/wp-json\/wp\/v2\/tags?post=3947"}],"curies":[{"name":"wp","href":"https:\/\/api.w.org\/{rel}","templated":true}]}}