{"id":3776,"date":"2012-05-21T00:06:17","date_gmt":"2012-05-21T03:06:17","guid":{"rendered":"http:\/\/www.myfashionlife.com.br\/?p=3776"},"modified":"2012-05-20T22:39:07","modified_gmt":"2012-05-21T01:39:07","slug":"looks-do-festival-de-cannes-2012","status":"publish","type":"post","link":"http:\/\/www.girosgourmet.com.br\/index.php\/looks-do-festival-de-cannes-2012\/","title":{"rendered":"Looks do Festival de Cannes 2012"},"content":{"rendered":"<p>Quem n\u00e3o adora ver os maravilhosos vestidos do tapete vermelho do ic\u00f4nico Festival de Cannes&#8230;.Eu adoro e este ano eu j\u00e1 elegi os meus preferidos&#8230;.se voc\u00eas prestaram aten\u00e7\u00e3o puderam perceber que as caudas e os tecidos flu\u00eddos foram os destaques este ano&#8230;.<\/p>\n<p>Bem segue os meus eleitos e viva a Alta Costura!<\/p>\n<p>Adorei este vestido da atriz <strong>Diane Kruger,<\/strong> ela mais parecia uma Vestal Grega do S\u00e9c.XXI e o tom azul real \u00e9 maravilhoso!<\/p>\n<p style=\"text-align: center;\">\n<div id=\"attachment_3778\" style=\"width: 382px\" class=\"wp-caption aligncenter\"><a href=\"http:\/\/www.myfashionlife.com.br\/wp-content\/uploads\/2012\/05\/Vestido-Cannes-3.jpg\"><img loading=\"lazy\" decoding=\"async\" aria-describedby=\"caption-attachment-3778\" class=\"size-full wp-image-3778\" title=\"Vestido Cannes 3\" src=\"http:\/\/www.myfashionlife.com.br\/wp-content\/uploads\/2012\/05\/Vestido-Cannes-3.jpg\" alt=\"\" width=\"372\" height=\"594\" srcset=\"http:\/\/www.girosgourmet.com.br\/wp-content\/uploads\/2012\/05\/Vestido-Cannes-3.jpg 372w, http:\/\/www.girosgourmet.com.br\/wp-content\/uploads\/2012\/05\/Vestido-Cannes-3-187x300.jpg 187w, http:\/\/www.girosgourmet.com.br\/wp-content\/uploads\/2012\/05\/Vestido-Cannes-3-93x150.jpg 93w\" sizes=\"auto, (max-width: 372px) 100vw, 372px\" \/><\/a><p id=\"caption-attachment-3778\" class=\"wp-caption-text\">A atriz Diane Kruger de Giambattista Valli Couture<\/p><\/div>\n<p>O vestido<strong> Gucci<\/strong> usado pela atriz <strong>Natasha Poly<\/strong> realmente me encantou, o veludo com uma fenda blaster sexy e a calda de plumas&#8230;.um arraso total, sem contar que a combina\u00e7\u00e3o Black &amp; White sempre ser\u00e1 eternamente perfeito!<\/p>\n<p style=\"text-align: center;\">\n<div id=\"attachment_3781\" style=\"width: 610px\" class=\"wp-caption aligncenter\"><a href=\"http:\/\/www.myfashionlife.com.br\/wp-content\/uploads\/2012\/05\/Vestido-cannes-4.jpg\"><img loading=\"lazy\" decoding=\"async\" aria-describedby=\"caption-attachment-3781\" class=\"size-full wp-image-3781\" title=\"Vestido cannes 4\" src=\"http:\/\/www.myfashionlife.com.br\/wp-content\/uploads\/2012\/05\/Vestido-cannes-4.jpg\" alt=\"\" width=\"600\" height=\"510\" srcset=\"http:\/\/www.girosgourmet.com.br\/wp-content\/uploads\/2012\/05\/Vestido-cannes-4.jpg 600w, http:\/\/www.girosgourmet.com.br\/wp-content\/uploads\/2012\/05\/Vestido-cannes-4-300x255.jpg 300w, http:\/\/www.girosgourmet.com.br\/wp-content\/uploads\/2012\/05\/Vestido-cannes-4-150x127.jpg 150w\" sizes=\"auto, (max-width: 600px) 100vw, 600px\" \/><\/a><p id=\"caption-attachment-3781\" class=\"wp-caption-text\"> Natasha Poly usando um Gucci<\/p><\/div>\n<p style=\"text-align: justify;\">Mais um Black &amp; White que ofuscou meus olhos foi o que a atriz <strong>Jane Fonda <\/strong>(ainda bem enxutona!) optou por ressaltar mais uma vez suas curvas em um vestido <strong>Stella McCartney,<\/strong> apostando no modelo de efeito optico\u00a0com as laterais escuras e o painel branco na parte frontal.<\/p>\n<div id=\"attachment_3783\" style=\"width: 331px\" class=\"wp-caption aligncenter\"><a href=\"http:\/\/www.myfashionlife.com.br\/wp-content\/uploads\/2012\/05\/Jane-Fonda1.jpg\"><img loading=\"lazy\" decoding=\"async\" aria-describedby=\"caption-attachment-3783\" class=\"alignnone size-full wp-image-3786\" title=\"Jane Fonda\" src=\"http:\/\/www.myfashionlife.com.br\/wp-content\/uploads\/2012\/05\/Jane-Fonda1.jpg\" alt=\"\" width=\"321\" height=\"496\" srcset=\"http:\/\/www.girosgourmet.com.br\/wp-content\/uploads\/2012\/05\/Jane-Fonda1.jpg 321w, http:\/\/www.girosgourmet.com.br\/wp-content\/uploads\/2012\/05\/Jane-Fonda1-194x300.jpg 194w, http:\/\/www.girosgourmet.com.br\/wp-content\/uploads\/2012\/05\/Jane-Fonda1-97x150.jpg 97w\" sizes=\"auto, (max-width: 321px) 100vw, 321px\" \/><\/a><p id=\"caption-attachment-3783\" class=\"wp-caption-text\">Jane Fonda de Stella Mc Cartney<\/p><\/div>\n<p>Outro vestido encantador foi da atriz <strong>Marion Cotillard<\/strong>, e escolheu um longo tomara-que-caia com corpete preto e saia de tule ampla azul marinho da grife<strong> Dior&#8230;<\/strong>um cl\u00e1ssico sem erro!<\/p>\n<p style=\"text-align: center;\">\n<div id=\"attachment_3785\" style=\"width: 541px\" class=\"wp-caption aligncenter\"><a href=\"http:\/\/www.myfashionlife.com.br\/wp-content\/uploads\/2012\/05\/marion-cotillard-no-2\u00ba-dia-de-cannes.jpg\"><img loading=\"lazy\" decoding=\"async\" aria-describedby=\"caption-attachment-3785\" class=\"size-full wp-image-3785 \" title=\"69787639\" src=\"http:\/\/www.myfashionlife.com.br\/wp-content\/uploads\/2012\/05\/marion-cotillard-no-2\u00ba-dia-de-cannes.jpg\" alt=\"\" width=\"531\" height=\"855\" srcset=\"http:\/\/www.girosgourmet.com.br\/wp-content\/uploads\/2012\/05\/marion-cotillard-no-2\u00ba-dia-de-cannes.jpg 758w, http:\/\/www.girosgourmet.com.br\/wp-content\/uploads\/2012\/05\/marion-cotillard-no-2\u00ba-dia-de-cannes-186x300.jpg 186w, http:\/\/www.girosgourmet.com.br\/wp-content\/uploads\/2012\/05\/marion-cotillard-no-2\u00ba-dia-de-cannes-635x1024.jpg 635w, http:\/\/www.girosgourmet.com.br\/wp-content\/uploads\/2012\/05\/marion-cotillard-no-2\u00ba-dia-de-cannes-93x150.jpg 93w\" sizes=\"auto, (max-width: 531px) 100vw, 531px\" \/><\/a><p id=\"caption-attachment-3785\" class=\"wp-caption-text\">Marion Cottilard de Dior<\/p><\/div>\n<p style=\"text-align: justify;\">Eu amo vestidos brancos, e o meu eleito deste Festival foi da atriz <strong>Jessica Chastain, <\/strong>que estava com um fofissino <strong>Alexander Mc Queen<\/strong>; simples, levemente arredondado, decote elegante e um tecido maravilhoso&#8230;.Perfeito!<\/p>\n<p style=\"text-align: center;\"><a href=\"http:\/\/www.myfashionlife.com.br\/wp-content\/uploads\/2012\/05\/jessica-chastain-cannes.jpg\"><img loading=\"lazy\" decoding=\"async\" class=\"size-full wp-image-3788 aligncenter\" title=\"jessica-chastain-cannes\" src=\"http:\/\/www.myfashionlife.com.br\/wp-content\/uploads\/2012\/05\/jessica-chastain-cannes.jpg\" alt=\"\" width=\"630\" height=\"630\" srcset=\"http:\/\/www.girosgourmet.com.br\/wp-content\/uploads\/2012\/05\/jessica-chastain-cannes.jpg 700w, http:\/\/www.girosgourmet.com.br\/wp-content\/uploads\/2012\/05\/jessica-chastain-cannes-150x150.jpg 150w, http:\/\/www.girosgourmet.com.br\/wp-content\/uploads\/2012\/05\/jessica-chastain-cannes-300x300.jpg 300w\" sizes=\"auto, (max-width: 630px) 100vw, 630px\" \/><\/a><\/p>\n<p style=\"text-align: center;\">\n<p style=\"text-align: justify;\">E por ultimo&#8230;&#8230;.o vestido de <strong>Tilda Swinton<\/strong>, Eu amo esta atriz, a acho de uma beleza singular e sempre gosto de seus visuais nos reds carpets, e desta vez n\u00e3o foi diferente! Vestiu um modelo\u00a0<strong>Haider Ackermann<\/strong> de dobraduras e ficou divina como sempre!<\/p>\n<p style=\"text-align: center;\"><a href=\"http:\/\/www.myfashionlife.com.br\/wp-content\/uploads\/2012\/05\/Tilda-Swinto.jpg\"><img loading=\"lazy\" decoding=\"async\" class=\"alignnone size-full wp-image-3791\" title=\"Tilda-Swinto\" src=\"http:\/\/www.myfashionlife.com.br\/wp-content\/uploads\/2012\/05\/Tilda-Swinto.jpg\" alt=\"\" width=\"375\" height=\"564\" srcset=\"http:\/\/www.girosgourmet.com.br\/wp-content\/uploads\/2012\/05\/Tilda-Swinto.jpg 375w, http:\/\/www.girosgourmet.com.br\/wp-content\/uploads\/2012\/05\/Tilda-Swinto-199x300.jpg 199w, http:\/\/www.girosgourmet.com.br\/wp-content\/uploads\/2012\/05\/Tilda-Swinto-99x150.jpg 99w\" sizes=\"auto, (max-width: 375px) 100vw, 375px\" \/><\/a><\/p>\n<iframe src=\"http:\/\/www.facebook.com\/plugins\/like.php?href=http:\/\/www.girosgourmet.com.br\/index.php\/looks-do-festival-de-cannes-2012\/&amp;layout=standard&amp;show_faces=1&amp;width=450&amp;action=like&amp;colorscheme=light&amp;font=\" scrolling=\"no\" frameborder=\"0\" style=\"border:none; overflow:hidden; width:450px; height:60px\"><\/iframe>","protected":false},"excerpt":{"rendered":"<p>Quem n\u00e3o adora ver os maravilhosos vestidos do tapete vermelho do ic\u00f4nico Festival de Cannes&#8230;.Eu adoro e este ano eu j\u00e1 elegi os meus preferidos&#8230;.se voc\u00eas prestaram aten\u00e7\u00e3o puderam perceber que as caudas e os tecidos flu\u00eddos foram os destaques este ano&#8230;. Bem segue os meus eleitos e viva a [&hellip;]<\/p>\n","protected":false},"author":3,"featured_media":0,"comment_status":"open","ping_status":"open","sticky":false,"template":"","format":"standard","meta":{"footnotes":""},"categories":[39],"tags":[859,861,860,862],"class_list":["post-3776","post","type-post","status-publish","format-standard","hentry","category-gastronomia","tag-alexander-mc-queen","tag-festival-de-cannes","tag-gucci","tag-haider-ackermann"],"_links":{"self":[{"href":"http:\/\/www.girosgourmet.com.br\/index.php\/wp-json\/wp\/v2\/posts\/3776","targetHints":{"allow":["GET"]}}],"collection":[{"href":"http:\/\/www.girosgourmet.com.br\/index.php\/wp-json\/wp\/v2\/posts"}],"about":[{"href":"http:\/\/www.girosgourmet.com.br\/index.php\/wp-json\/wp\/v2\/types\/post"}],"author":[{"embeddable":true,"href":"http:\/\/www.girosgourmet.com.br\/index.php\/wp-json\/wp\/v2\/users\/3"}],"replies":[{"embeddable":true,"href":"http:\/\/www.girosgourmet.com.br\/index.php\/wp-json\/wp\/v2\/comments?post=3776"}],"version-history":[{"count":11,"href":"http:\/\/www.girosgourmet.com.br\/index.php\/wp-json\/wp\/v2\/posts\/3776\/revisions"}],"predecessor-version":[{"id":3794,"href":"http:\/\/www.girosgourmet.com.br\/index.php\/wp-json\/wp\/v2\/posts\/3776\/revisions\/3794"}],"wp:attachment":[{"href":"http:\/\/www.girosgourmet.com.br\/index.php\/wp-json\/wp\/v2\/media?parent=3776"}],"wp:term":[{"taxonomy":"category","embeddable":true,"href":"http:\/\/www.girosgourmet.com.br\/index.php\/wp-json\/wp\/v2\/categories?post=3776"},{"taxonomy":"post_tag","embeddable":true,"href":"http:\/\/www.girosgourmet.com.br\/index.php\/wp-json\/wp\/v2\/tags?post=3776"}],"curies":[{"name":"wp","href":"https:\/\/api.w.org\/{rel}","templated":true}]}}