{"id":3712,"date":"2012-05-17T02:16:36","date_gmt":"2012-05-17T05:16:36","guid":{"rendered":"http:\/\/www.myfashionlife.com.br\/?p=3712"},"modified":"2012-05-17T11:32:10","modified_gmt":"2012-05-17T14:32:10","slug":"explorando-buzios","status":"publish","type":"post","link":"http:\/\/www.girosgourmet.com.br\/index.php\/explorando-buzios\/","title":{"rendered":"Explorando B\u00fazios&#8230;&#8230;&#8230;"},"content":{"rendered":"<p style=\"text-align: justify;\">Desde que a atriz francesa <strong>Brigitte Bardot<\/strong> visitou em 1964 a pacata pen\u00ednsula de <strong>Arma\u00e7\u00e3o dos B\u00fazios <\/strong>(ou apenas B\u00fazios), a mesma se tornou um lugar t\u00e3o visitado pelos turistas do mundo inteiro que alguns a chamam de \u201cSaint-Tropez brasileira\u201d.<\/p>\n<p style=\"text-align: center;\"><a href=\"http:\/\/www.myfashionlife.com.br\/wp-content\/uploads\/2012\/05\/061.jpg\"><img loading=\"lazy\" decoding=\"async\" class=\"size-large wp-image-3714 aligncenter\" title=\"061\" src=\"http:\/\/www.myfashionlife.com.br\/wp-content\/uploads\/2012\/05\/061-1024x768.jpg\" alt=\"\" width=\"645\" height=\"484\" srcset=\"http:\/\/www.girosgourmet.com.br\/wp-content\/uploads\/2012\/05\/061-1024x768.jpg 1024w, http:\/\/www.girosgourmet.com.br\/wp-content\/uploads\/2012\/05\/061-300x225.jpg 300w, http:\/\/www.girosgourmet.com.br\/wp-content\/uploads\/2012\/05\/061-150x112.jpg 150w\" sizes=\"auto, (max-width: 645px) 100vw, 645px\" \/><\/a><\/p>\n<p style=\"text-align: justify;\">B\u00fazios \u00e9 banhada pelas correntes mar\u00edtimas da Ant\u00e1rtida (fria) e do Brasil (quente), tornando seu clima agrad\u00e1vel, com \u00e1guas cristalinas e uma vida mar\u00edtima muito apreciada pelos adeptos do mergulho. S\u00e3o mais de 20 praias paradis\u00edacas \u00e0 disposi\u00e7\u00e3o do visitante. Entre as principais praias destacam-se <strong>Jo\u00e3o Fernandes<\/strong>, <strong>Gerib\u00e1<\/strong>, <strong>Ferradura<\/strong>, <strong>Tartaruga<\/strong>, <strong>Brava<\/strong> e <strong>Olho-de-Boi<\/strong> (esta \u00faltima reservada para a pr\u00e1tica do nudismo). A diversidade cultural e gastron\u00f4mica tamb\u00e9m contribui para que os turistas cada vez mais se encantem com a magia de seu astral.<\/p>\n<p style=\"text-align: justify;\">Para quem estiver visitando B\u00fazios pela primeira vez n\u00e3o deixe de caminhar pela praia da <strong>Arma\u00e7\u00e3o<\/strong>, passeie pelo cal\u00e7ad\u00e3o e suba o morrinho da <strong>Igreja de Sant\u2019Anna<\/strong>, a padroeira de B\u00fazios, e em seguida v\u00e1 at\u00e9 a pequena <strong>Praia dos<\/strong> <strong>Ossos<\/strong>.<\/p>\n<p style=\"text-align: center;\">\n<div id=\"attachment_3716\" style=\"width: 622px\" class=\"wp-caption aligncenter\"><a href=\"http:\/\/www.myfashionlife.com.br\/wp-content\/uploads\/2012\/05\/Padroeiro-da-cidade.jpg\"><img loading=\"lazy\" decoding=\"async\" aria-describedby=\"caption-attachment-3716\" class=\"size-full wp-image-3716\" title=\"Padroeiro da cidade\" src=\"http:\/\/www.myfashionlife.com.br\/wp-content\/uploads\/2012\/05\/Padroeiro-da-cidade.jpg\" alt=\"\" width=\"612\" height=\"612\" srcset=\"http:\/\/www.girosgourmet.com.br\/wp-content\/uploads\/2012\/05\/Padroeiro-da-cidade.jpg 612w, http:\/\/www.girosgourmet.com.br\/wp-content\/uploads\/2012\/05\/Padroeiro-da-cidade-150x150.jpg 150w, http:\/\/www.girosgourmet.com.br\/wp-content\/uploads\/2012\/05\/Padroeiro-da-cidade-300x300.jpg 300w\" sizes=\"auto, (max-width: 612px) 100vw, 612px\" \/><\/a><p id=\"caption-attachment-3716\" class=\"wp-caption-text\">Morrinho da Igreja Sant&#39;Anna<\/p><\/div>\n<p style=\"text-align: justify;\">Agora, se voc\u00ea estiver numa esp\u00e9cie de lua de mel, n\u00e3o deixe de ir a <strong>Manguinhos<\/strong>. Al\u00e9m do excelente complexo gastron\u00f4mico Porto da Barra, a praia oferece o mais bonito p\u00f4r do sol da regi\u00e3o.<\/p>\n<p style=\"text-align: center;\">\n<div id=\"attachment_3718\" style=\"width: 641px\" class=\"wp-caption aligncenter\"><a href=\"http:\/\/www.myfashionlife.com.br\/wp-content\/uploads\/2012\/05\/037.jpg\"><img loading=\"lazy\" decoding=\"async\" aria-describedby=\"caption-attachment-3718\" class=\"size-large wp-image-3718   \" title=\"037\" src=\"http:\/\/www.myfashionlife.com.br\/wp-content\/uploads\/2012\/05\/037-1024x768.jpg\" alt=\"\" width=\"631\" height=\"473\" srcset=\"http:\/\/www.girosgourmet.com.br\/wp-content\/uploads\/2012\/05\/037-1024x768.jpg 1024w, http:\/\/www.girosgourmet.com.br\/wp-content\/uploads\/2012\/05\/037-300x225.jpg 300w, http:\/\/www.girosgourmet.com.br\/wp-content\/uploads\/2012\/05\/037-150x112.jpg 150w\" sizes=\"auto, (max-width: 631px) 100vw, 631px\" \/><\/a><p id=\"caption-attachment-3718\" class=\"wp-caption-text\">Praia de Manguinhos<\/p><\/div>\n<p style=\"text-align: justify;\">J\u00e1 do outro lado de B\u00fazios n\u00e3o deixe de visitar a <strong>Praia Brava<\/strong>, ideal para os surfistas, e a isolada e pitoresca <strong>Praia do Forno<\/strong>, embutida em uma maravilhosa enseada, com \u00e1guas calmas e uma das vistas mais lindas da pen\u00ednsula.<\/p>\n<p style=\"text-align: center;\"><a href=\"http:\/\/www.myfashionlife.com.br\/wp-content\/uploads\/2012\/05\/Forno.jpg\"><img loading=\"lazy\" decoding=\"async\" class=\"size-full wp-image-3720 aligncenter\" title=\"Forno\" src=\"http:\/\/www.myfashionlife.com.br\/wp-content\/uploads\/2012\/05\/Forno.jpg\" alt=\"\" width=\"592\" height=\"592\" srcset=\"http:\/\/www.girosgourmet.com.br\/wp-content\/uploads\/2012\/05\/Forno.jpg 960w, http:\/\/www.girosgourmet.com.br\/wp-content\/uploads\/2012\/05\/Forno-150x150.jpg 150w, http:\/\/www.girosgourmet.com.br\/wp-content\/uploads\/2012\/05\/Forno-300x300.jpg 300w\" sizes=\"auto, (max-width: 592px) 100vw, 592px\" \/><\/a><\/p>\n<p style=\"text-align: justify;\">E os ecoturistas tamb\u00e9m ter\u00e3o grandes op\u00e7\u00f5es de esporte e lazer pela regi\u00e3o. B\u00fazios possui in\u00fameras trilhas para <em>mountain bike<\/em> e <em>trekking<\/em>. Muitas delas levam a lugares inacess\u00edveis por vias normais. \u00a0Entre eles est\u00e1 a <strong>\u00c1rea de Prote\u00e7\u00e3o Ambiental (APA) Pau-Brasil<\/strong>, que engloba as praias de <strong>Caravelas<\/strong>, <strong>Jos\u00e9 Gon\u00e7alves<\/strong> e <strong>Tucuns<\/strong>, al\u00e9m da <strong>Serra das Emer\u00eancias<\/strong>.<\/p>\n<p style=\"text-align: justify;\"><strong> <\/strong><\/p>\n<p style=\"text-align: justify;\"><strong>Vida Fashion<\/strong><\/p>\n<p style=\"text-align: justify;\">Para quem n\u00e3o vive sem uma comprinha nas f\u00e9rias, a cidade oferece muitas op\u00e7\u00f5es de lojas para todos os gostos e bolsos. A grande maioria est\u00e1 localizada na <strong>Rua das Pedras<\/strong> e na <strong>Orla Bardot<\/strong>. Por l\u00e1 encontrar\u00e3o lojas de artesanato local, pequenas galerias de arte, muitas marcas locais de moda praia e algumas grifes cariocas e de outras partes do Brasil.<\/p>\n<p style=\"text-align: justify;\">Se voc\u00ea busca produtos para melhorar a sua qualidade de vida e seu bem estar n\u00e3o deixe de visitar a <strong>Sens\u00f3ria<\/strong>. Por l\u00e1 o visitante encontrar\u00e1 sabonetes especiais glicerinados, hidratantes, shampoos, perfumes e aromatizantes de ambiente que s\u00e3o verdadeiras obras de arte.<\/p>\n<p style=\"text-align: center;\"><a href=\"http:\/\/www.myfashionlife.com.br\/wp-content\/uploads\/2012\/05\/loja_13.jpg\"><img loading=\"lazy\" decoding=\"async\" class=\"size-large wp-image-3735 aligncenter\" title=\"loja_13\" src=\"http:\/\/www.myfashionlife.com.br\/wp-content\/uploads\/2012\/05\/loja_13-1024x768.jpg\" alt=\"\" width=\"614\" height=\"461\" srcset=\"http:\/\/www.girosgourmet.com.br\/wp-content\/uploads\/2012\/05\/loja_13-1024x768.jpg 1024w, http:\/\/www.girosgourmet.com.br\/wp-content\/uploads\/2012\/05\/loja_13-300x225.jpg 300w, http:\/\/www.girosgourmet.com.br\/wp-content\/uploads\/2012\/05\/loja_13-150x112.jpg 150w, http:\/\/www.girosgourmet.com.br\/wp-content\/uploads\/2012\/05\/loja_13.jpg 1600w\" sizes=\"auto, (max-width: 614px) 100vw, 614px\" \/><\/a><\/p>\n<p style=\"text-align: justify;\">J\u00e1 as fashionistas ficar\u00e3o encantadas ao conhecer a <strong>Yemanj\u00e1<\/strong>. Marca feminina buziana com uma pegada <em>hippie chic<\/em> encantadora, com muita seda e tecidos flu\u00eddos, enfim, indument\u00e1rias com cara de ver\u00e3o! E n\u00e3o deixe de ver os acess\u00f3rios da marca, um mais estonteante que o outro!<\/p>\n<p style=\"text-align: center;\">\n<div id=\"attachment_3722\" style=\"width: 727px\" class=\"wp-caption aligncenter\"><a href=\"http:\/\/www.myfashionlife.com.br\/wp-content\/uploads\/2012\/05\/057.jpg\"><img loading=\"lazy\" decoding=\"async\" aria-describedby=\"caption-attachment-3722\" class=\"size-large wp-image-3722 \" title=\"057\" src=\"http:\/\/www.myfashionlife.com.br\/wp-content\/uploads\/2012\/05\/057-1024x768.jpg\" alt=\"\" width=\"717\" height=\"538\" srcset=\"http:\/\/www.girosgourmet.com.br\/wp-content\/uploads\/2012\/05\/057-1024x768.jpg 1024w, http:\/\/www.girosgourmet.com.br\/wp-content\/uploads\/2012\/05\/057-300x225.jpg 300w, http:\/\/www.girosgourmet.com.br\/wp-content\/uploads\/2012\/05\/057-150x112.jpg 150w\" sizes=\"auto, (max-width: 717px) 100vw, 717px\" \/><\/a><p id=\"caption-attachment-3722\" class=\"wp-caption-text\">Yemanj\u00e1<\/p><\/div>\n<p style=\"text-align: justify;\">Ali pertinho, na Rua das Pedras, voc\u00ea ir\u00e1 encontrar uma loja que valer\u00e1 cada minuto de sua visita, a <strong>Sobral Design<\/strong>, do <strong><em>designer<\/em><\/strong><em> <strong>Carlos Alberto Sobral<\/strong><\/em>. O lugar oferece cria\u00e7\u00f5es singulares em j\u00f3ias e m\u00f3veis, e j\u00e1 \u00e9 conhecida no mundo todo. <strong>Beyonc\u00e9<\/strong> e <strong>Oprah Winfrey<\/strong> s\u00e3o apenas alguns exemplos de adeptas<strong> <\/strong>da marca<strong>. <\/strong>Por l\u00e1 voc\u00ea encontrar\u00e1 lindos an\u00e9is, brincos, pulseiras, colares e m\u00f3veis para sua casa. Todo o trabalho \u00e9 artesanal, com pinturas delicadas na resina.<\/p>\n<p style=\"text-align: center;\"><a href=\"http:\/\/www.myfashionlife.com.br\/wp-content\/uploads\/2012\/05\/sensoria.jpg\"><img loading=\"lazy\" decoding=\"async\" class=\"alignnone size-full wp-image-3732\" title=\"sensoria\" src=\"http:\/\/www.myfashionlife.com.br\/wp-content\/uploads\/2012\/05\/sensoria.jpg\" alt=\"\" width=\"640\" height=\"480\" srcset=\"http:\/\/www.girosgourmet.com.br\/wp-content\/uploads\/2012\/05\/sensoria.jpg 640w, http:\/\/www.girosgourmet.com.br\/wp-content\/uploads\/2012\/05\/sensoria-300x225.jpg 300w, http:\/\/www.girosgourmet.com.br\/wp-content\/uploads\/2012\/05\/sensoria-150x112.jpg 150w\" sizes=\"auto, (max-width: 640px) 100vw, 640px\" \/><\/a><\/p>\n<p style=\"text-align: justify;\">\n<p style=\"text-align: justify;\"><strong>Gastronomia<\/strong><\/p>\n<p style=\"text-align: justify;\">A cidade de\u00a0<strong>Arma\u00e7\u00e3o dos B\u00fazios<\/strong> n\u00e3o encanta somente por suas lindas praias e sua diversidade cultural. O lugar \u00e9 tamb\u00e9m muito sedutor para os gastroturistas do mundo inteiro que desejam fazer um belo <strong><a href=\"http:\/\/www.dropsmagazine.com.br\/news\/gastronomia\/giro-gastronomico-em-buzios\/\">roteiro gastron\u00f4mico<\/a><\/strong>. O vilarejo oferece culin\u00e1rias diversas, reunindo bons restaurantes franceses, japoneses, italianos e tailandeses, entre outros.<\/p>\n<p style=\"text-align: justify;\">Em funcionamento desde junho de 2011, o charmoso <strong>Xavier Bistr\u00f4<\/strong> oferece saborosos pratos da cozinha contempor\u00e2nea preparados pelas m\u00e3os do\u00a0<em><strong>chef franc\u00eas Xavier Meric de Bellefon<\/strong><\/em>. Durante o almo\u00e7o o espa\u00e7o oferece um prato diferente todos os dias a R$15,00 por pessoa.<\/p>\n<p style=\"text-align: center;\">\n<div id=\"attachment_3724\" style=\"width: 624px\" class=\"wp-caption aligncenter\"><a href=\"http:\/\/www.myfashionlife.com.br\/wp-content\/uploads\/2012\/05\/049.jpg\"><img loading=\"lazy\" decoding=\"async\" aria-describedby=\"caption-attachment-3724\" class=\"size-large wp-image-3724 \" title=\"049\" src=\"http:\/\/www.myfashionlife.com.br\/wp-content\/uploads\/2012\/05\/049-1024x768.jpg\" alt=\"\" width=\"614\" height=\"461\" srcset=\"http:\/\/www.girosgourmet.com.br\/wp-content\/uploads\/2012\/05\/049-1024x768.jpg 1024w, http:\/\/www.girosgourmet.com.br\/wp-content\/uploads\/2012\/05\/049-300x225.jpg 300w, http:\/\/www.girosgourmet.com.br\/wp-content\/uploads\/2012\/05\/049-150x112.jpg 150w\" sizes=\"auto, (max-width: 614px) 100vw, 614px\" \/><\/a><p id=\"caption-attachment-3724\" class=\"wp-caption-text\">Xavier Bistr\u00f4<\/p><\/div>\n<p style=\"text-align: justify;\">Lugar tamb\u00e9m imperd\u00edvel na cidade de B\u00fazios, o restaurante <strong>A Galeria<\/strong><strong> <\/strong> \u00e9 anexo ao\u00a0<strong>Ins\u00f3lito Boutique Hotel,<\/strong><strong> <\/strong>considerado um dos mais charmosos centros de bem estar da Am\u00e9rica Latina<strong>.<\/strong> \u00c9 um lugar aconchegante, no qual voc\u00eas tamb\u00e9m poder\u00e3o contemplar o mais lindo p\u00f4r do sol de B\u00fazios, al\u00e9m de saborear peixes, frutos do mar e carnes de formas diferentes e criativas.<\/p>\n<p style=\"text-align: center;\">\n<div id=\"attachment_3725\" style=\"width: 685px\" class=\"wp-caption aligncenter\"><a href=\"http:\/\/www.myfashionlife.com.br\/wp-content\/uploads\/2012\/05\/010-2.jpg\"><img loading=\"lazy\" decoding=\"async\" aria-describedby=\"caption-attachment-3725\" class=\"size-large wp-image-3725  \" title=\"010 (2)\" src=\"http:\/\/www.myfashionlife.com.br\/wp-content\/uploads\/2012\/05\/010-2-1024x768.jpg\" alt=\"\" width=\"675\" height=\"507\" srcset=\"http:\/\/www.girosgourmet.com.br\/wp-content\/uploads\/2012\/05\/010-2-1024x768.jpg 1024w, http:\/\/www.girosgourmet.com.br\/wp-content\/uploads\/2012\/05\/010-2-300x225.jpg 300w, http:\/\/www.girosgourmet.com.br\/wp-content\/uploads\/2012\/05\/010-2-150x112.jpg 150w\" sizes=\"auto, (max-width: 675px) 100vw, 675px\" \/><\/a><p id=\"caption-attachment-3725\" class=\"wp-caption-text\">A Galeria- Carpaccio de peixe<\/p><\/div>\n<p style=\"text-align: justify;\">Desde 2007 na cidade, o\u00a0<strong>Zuza<\/strong>, do\u00a0<em><strong>chef Christopher Cabicieri<\/strong><\/em>, oferece deliciosos pratos que mesclam sabores e receitas de v\u00e1rias partes do mundo. N\u00e3o dispense suas entradas! \u00c0s quintas-feiras a clientela \u00e9 presenteada com o Festival de Risotos, com seis sugest\u00f5es, al\u00e9m da degusta\u00e7\u00e3o, que permite saborear todas as op\u00e7\u00f5es. O lugar \u00e9 uma gra\u00e7a, com decora\u00e7\u00e3o bem envolvente, e voc\u00ea ter\u00e1 a op\u00e7\u00e3o de se sentar ao ar livre.<\/p>\n<p style=\"text-align: center;\"><a href=\"http:\/\/www.myfashionlife.com.br\/wp-content\/uploads\/2012\/05\/Zuza.jpg\"><img loading=\"lazy\" decoding=\"async\" class=\"size-large wp-image-3727 aligncenter\" title=\"Zuza\" src=\"http:\/\/www.myfashionlife.com.br\/wp-content\/uploads\/2012\/05\/Zuza-1024x691.jpg\" alt=\"\" width=\"614\" height=\"415\" srcset=\"http:\/\/www.girosgourmet.com.br\/wp-content\/uploads\/2012\/05\/Zuza-1024x691.jpg 1024w, http:\/\/www.girosgourmet.com.br\/wp-content\/uploads\/2012\/05\/Zuza-300x202.jpg 300w, http:\/\/www.girosgourmet.com.br\/wp-content\/uploads\/2012\/05\/Zuza-150x101.jpg 150w, http:\/\/www.girosgourmet.com.br\/wp-content\/uploads\/2012\/05\/Zuza.jpg 2028w\" sizes=\"auto, (max-width: 614px) 100vw, 614px\" \/><\/a><\/p>\n<p style=\"text-align: center;\">\n<p style=\"text-align: justify;\">Resumo da Opera; Viagem a B\u00fazios \u00e9 daquelas do tipo &#8220;Obrigat\u00f3ria&#8221;&#8230;..O lugar encanta, a energia revitaliza e as \u00e1guas te limpar\u00e3o&#8230;.eu nunca mais deixarei de visita-la e voc\u00eas deveriam fazer o mesmo!?! rs&#8230;&#8230;&#8230;.Enjoy!<\/p>\n<p style=\"text-align: justify;\">\n<p style=\"text-align: justify;\"><strong><span style=\"text-decoration: underline;\">Servi\u00e7o<\/span><\/strong><\/p>\n<p style=\"text-align: justify;\"><strong>Sens\u00f3ria <\/strong>\u2013 Rua Tur\u00edbio de Farias n\u00ba \u00a002 \u2013 Loja 04 \u2013 Shopping B\u00fazios \u2013 Centro<\/p>\n<p style=\"text-align: justify;\"><strong>Yemanj\u00e1 <\/strong>\u2013 Orla Bardot, 362 \u2013 Loja 02 \u2013 Centro<\/p>\n<p style=\"text-align: justify;\"><strong>Sobral Design <\/strong>\u2013 Rua das Pedras, 116 \u2013 Loja 09 \u2013 Centro<\/p>\n<p style=\"text-align: justify;\"><strong>Xavier Bistr\u00f4 <\/strong>\u2013 Pra\u00e7a Santos Dumont, 300 \u2013 Centro<\/p>\n<p style=\"text-align: justify;\"><strong>A Galeria <\/strong>\u2013 Ins\u00f3lito Boutique Hotel \u2013 Canto esquerdo da praia da Ferradura<\/p>\n<p style=\"text-align: justify;\"><strong>Zuza Gastronomia <\/strong>\u2013 Av. Jos\u00e9 Bento Ribeiro Dantas, 2.900 \u2013 Porto da Barra<\/p>\n<iframe src=\"http:\/\/www.facebook.com\/plugins\/like.php?href=http:\/\/www.girosgourmet.com.br\/index.php\/explorando-buzios\/&amp;layout=standard&amp;show_faces=1&amp;width=450&amp;action=like&amp;colorscheme=light&amp;font=\" scrolling=\"no\" frameborder=\"0\" style=\"border:none; overflow:hidden; width:450px; height:60px\"><\/iframe>","protected":false},"excerpt":{"rendered":"<p>Desde que a atriz francesa Brigitte Bardot visitou em 1964 a pacata pen\u00ednsula de Arma\u00e7\u00e3o dos B\u00fazios (ou apenas B\u00fazios), a mesma se tornou um lugar t\u00e3o visitado pelos turistas do mundo inteiro que alguns a chamam de \u201cSaint-Tropez brasileira\u201d. B\u00fazios \u00e9 banhada pelas correntes mar\u00edtimas da Ant\u00e1rtida (fria) e [&hellip;]<\/p>\n","protected":false},"author":3,"featured_media":0,"comment_status":"open","ping_status":"open","sticky":false,"template":"","format":"standard","meta":{"footnotes":""},"categories":[39,41],"tags":[331,844,845,847,846],"class_list":["post-3712","post","type-post","status-publish","format-standard","hentry","category-gastronomia","category-viagens","tag-brigitte-bardot","tag-buzios","tag-manguinhos","tag-orla-bardot","tag-rua-das-pedras"],"_links":{"self":[{"href":"http:\/\/www.girosgourmet.com.br\/index.php\/wp-json\/wp\/v2\/posts\/3712","targetHints":{"allow":["GET"]}}],"collection":[{"href":"http:\/\/www.girosgourmet.com.br\/index.php\/wp-json\/wp\/v2\/posts"}],"about":[{"href":"http:\/\/www.girosgourmet.com.br\/index.php\/wp-json\/wp\/v2\/types\/post"}],"author":[{"embeddable":true,"href":"http:\/\/www.girosgourmet.com.br\/index.php\/wp-json\/wp\/v2\/users\/3"}],"replies":[{"embeddable":true,"href":"http:\/\/www.girosgourmet.com.br\/index.php\/wp-json\/wp\/v2\/comments?post=3712"}],"version-history":[{"count":13,"href":"http:\/\/www.girosgourmet.com.br\/index.php\/wp-json\/wp\/v2\/posts\/3712\/revisions"}],"predecessor-version":[{"id":3726,"href":"http:\/\/www.girosgourmet.com.br\/index.php\/wp-json\/wp\/v2\/posts\/3712\/revisions\/3726"}],"wp:attachment":[{"href":"http:\/\/www.girosgourmet.com.br\/index.php\/wp-json\/wp\/v2\/media?parent=3712"}],"wp:term":[{"taxonomy":"category","embeddable":true,"href":"http:\/\/www.girosgourmet.com.br\/index.php\/wp-json\/wp\/v2\/categories?post=3712"},{"taxonomy":"post_tag","embeddable":true,"href":"http:\/\/www.girosgourmet.com.br\/index.php\/wp-json\/wp\/v2\/tags?post=3712"}],"curies":[{"name":"wp","href":"https:\/\/api.w.org\/{rel}","templated":true}]}}