{"id":3570,"date":"2012-04-23T01:39:54","date_gmt":"2012-04-23T04:39:54","guid":{"rendered":"http:\/\/www.myfashionlife.com.br\/?p=3570"},"modified":"2012-04-23T01:45:43","modified_gmt":"2012-04-23T04:45:43","slug":"dica-cinefila-da-semana-o-filme-sete-dias-com-marilyn","status":"publish","type":"post","link":"http:\/\/www.girosgourmet.com.br\/index.php\/dica-cinefila-da-semana-o-filme-sete-dias-com-marilyn\/","title":{"rendered":"Dica Cin\u00e9fila da semana: O filme &#8220;Sete Dias com Marilyn&#8221;"},"content":{"rendered":"<p style=\"text-align: justify;\">Depois de muito esperar, neste \u00faltimo s\u00e1bado, finalmente tive a oportunidade de assistir a pr\u00e9-estr\u00e9ia do filme \u201c<strong>Sete Dias com Marilyn<\/strong>\u201d, no super evento <strong><a href=\"http:\/\/www.myfashionlife.com.br\/index.php\/maior-festival-de-cinema-ao-ar-livre-comeca-hoje-em-sao-paulo\/\">Vivo Open Air<\/a><\/strong>.<\/p>\n<p style=\"text-align: center;\"><a href=\"http:\/\/www.myfashionlife.com.br\/wp-content\/uploads\/2012\/04\/setediascommarilyn.png\"><img loading=\"lazy\" decoding=\"async\" class=\"size-full wp-image-3573 aligncenter\" title=\"setediascommarilyn\" src=\"http:\/\/www.myfashionlife.com.br\/wp-content\/uploads\/2012\/04\/setediascommarilyn.png\" alt=\"\" width=\"583\" height=\"311\" srcset=\"http:\/\/www.girosgourmet.com.br\/wp-content\/uploads\/2012\/04\/setediascommarilyn.png 648w, http:\/\/www.girosgourmet.com.br\/wp-content\/uploads\/2012\/04\/setediascommarilyn-300x159.png 300w, http:\/\/www.girosgourmet.com.br\/wp-content\/uploads\/2012\/04\/setediascommarilyn-150x79.png 150w\" sizes=\"auto, (max-width: 583px) 100vw, 583px\" \/><\/a><\/p>\n<p style=\"text-align: justify;\">A hist\u00f3ria adapta o livro hom\u00f4nimo de <strong>Colin Clark<\/strong>, que na \u00e9poca trabalhava como assistente nas filmagens. Durante uma semana, ele teve a oportunidade de ciceronear a atriz &#8211; desesperada para escapar das press\u00f5es da rotina hollywoodiana. O jovem Clark ter\u00e1 que lidar com as virtudes e defeitos de uma das mulheres mais famosas do mundo. Marilyn na \u00e9poca estava rec\u00e9m casada com o dramaturgo Arthur Miller, e encontrava-se na Inglaterra para trabalhar no filme \u201cThe Prince and The Showgirl\u201d, dirigido pelo ator Lawrence Olivier.<\/p>\n<p style=\"text-align: justify;\">O filme \u00e9 marcado por lindos cen\u00e1rios, \u00f3timos atores como Kenneth Branagh e Eddie Redmayne, al\u00e9m de Judi Dench e Emma Watson e uma interpreta\u00e7\u00e3o surreal de <strong>Michelle Williams<\/strong>. \u00a0A atriz que interpreta a Diva, recebeu uma indica\u00e7\u00e3o ao Oscar de Melhor Atriz pelo longa.<\/p>\n<p style=\"text-align: justify;\">Toda vez que escuto a palavra sexy ou \u2018sexy simbol\u2019, a primeira pessoa que me vem \u00e0 mente \u00e9 a maravilhosa Marilyn Monroe&#8230; Toda vez que vejo um document\u00e1rio e\/ou filme sobre ela, invariavelmente saio com a sensa\u00e7\u00e3o de que Monroe estava sempre \u00e0 frente do seu tempo&#8230;.<\/p>\n<p style=\"text-align: justify;\">O filme \u00e9 doce, alegre, triste, rom\u00e2ntico&#8230;.talvez n\u00e3o seja a melhor parte de sua hist\u00f3ria, afinal a atriz durante sua curta exist\u00eancia foi alvo de grandes fofocas, esc\u00e2ndalos e romances&#8230;&#8230;Mas vale a ida ao cinema&#8230;porque sempre vale saber mais sobre a loira mais legal do universo que personificou o glamour, com v\u00e1rias declara\u00e7\u00f5es inteligentes, e incompar\u00e1vel brilho e energia que encantam o mundo at\u00e9 hoje.<\/p>\n<p style=\"text-align: justify;\">O drama ter\u00e1 estr\u00e9ia nacional no pr\u00f3ximo dia 27 de abril&#8230;..Imperd\u00edvel!<\/p>\n<p style=\"text-align: justify;\">D\u00e1 uma olhadinha no trailler;<\/p>\n<p style=\"text-align: center;\"><object classid=\"clsid:d27cdb6e-ae6d-11cf-96b8-444553540000\" width=\"425\" height=\"350\" codebase=\"http:\/\/download.macromedia.com\/pub\/shockwave\/cabs\/flash\/swflash.cab#version=6,0,40,0\"><param name=\"src\" value=\"http:\/\/www.youtube.com\/v\/9QRI0SDmdvs\" \/><embed type=\"application\/x-shockwave-flash\" width=\"425\" height=\"350\" src=\"http:\/\/www.youtube.com\/v\/9QRI0SDmdvs\"><\/embed><\/object><\/p>\n<iframe src=\"http:\/\/www.facebook.com\/plugins\/like.php?href=http:\/\/www.girosgourmet.com.br\/index.php\/dica-cinefila-da-semana-o-filme-sete-dias-com-marilyn\/&amp;layout=standard&amp;show_faces=1&amp;width=450&amp;action=like&amp;colorscheme=light&amp;font=\" scrolling=\"no\" frameborder=\"0\" style=\"border:none; overflow:hidden; width:450px; height:60px\"><\/iframe>","protected":false},"excerpt":{"rendered":"<p>Depois de muito esperar, neste \u00faltimo s\u00e1bado, finalmente tive a oportunidade de assistir a pr\u00e9-estr\u00e9ia do filme \u201cSete Dias com Marilyn\u201d, no super evento Vivo Open Air. A hist\u00f3ria adapta o livro hom\u00f4nimo de Colin Clark, que na \u00e9poca trabalhava como assistente nas filmagens. Durante uma semana, ele teve a [&hellip;]<\/p>\n","protected":false},"author":3,"featured_media":0,"comment_status":"open","ping_status":"open","sticky":false,"template":"","format":"standard","meta":{"footnotes":""},"categories":[40],"tags":[818,817,812],"class_list":["post-3570","post","type-post","status-publish","format-standard","hentry","category-culturamodabelezabem-estar","tag-michelle-williams","tag-sete-dias-com-marilyn","tag-vivo-open-air"],"_links":{"self":[{"href":"http:\/\/www.girosgourmet.com.br\/index.php\/wp-json\/wp\/v2\/posts\/3570","targetHints":{"allow":["GET"]}}],"collection":[{"href":"http:\/\/www.girosgourmet.com.br\/index.php\/wp-json\/wp\/v2\/posts"}],"about":[{"href":"http:\/\/www.girosgourmet.com.br\/index.php\/wp-json\/wp\/v2\/types\/post"}],"author":[{"embeddable":true,"href":"http:\/\/www.girosgourmet.com.br\/index.php\/wp-json\/wp\/v2\/users\/3"}],"replies":[{"embeddable":true,"href":"http:\/\/www.girosgourmet.com.br\/index.php\/wp-json\/wp\/v2\/comments?post=3570"}],"version-history":[{"count":7,"href":"http:\/\/www.girosgourmet.com.br\/index.php\/wp-json\/wp\/v2\/posts\/3570\/revisions"}],"predecessor-version":[{"id":3574,"href":"http:\/\/www.girosgourmet.com.br\/index.php\/wp-json\/wp\/v2\/posts\/3570\/revisions\/3574"}],"wp:attachment":[{"href":"http:\/\/www.girosgourmet.com.br\/index.php\/wp-json\/wp\/v2\/media?parent=3570"}],"wp:term":[{"taxonomy":"category","embeddable":true,"href":"http:\/\/www.girosgourmet.com.br\/index.php\/wp-json\/wp\/v2\/categories?post=3570"},{"taxonomy":"post_tag","embeddable":true,"href":"http:\/\/www.girosgourmet.com.br\/index.php\/wp-json\/wp\/v2\/tags?post=3570"}],"curies":[{"name":"wp","href":"https:\/\/api.w.org\/{rel}","templated":true}]}}