{"id":3533,"date":"2012-04-17T14:31:48","date_gmt":"2012-04-17T17:31:48","guid":{"rendered":"http:\/\/www.myfashionlife.com.br\/?p=3533"},"modified":"2012-04-17T14:32:43","modified_gmt":"2012-04-17T17:32:43","slug":"maior-festival-de-cinema-ao-ar-livre-comeca-hoje-em-sao-paulo","status":"publish","type":"post","link":"http:\/\/www.girosgourmet.com.br\/index.php\/maior-festival-de-cinema-ao-ar-livre-comeca-hoje-em-sao-paulo\/","title":{"rendered":"Maior festival de cinema ao ar livre come\u00e7a hoje em S\u00e3o Paulo"},"content":{"rendered":"<p style=\"text-align: justify;\">Como eu AMO SP!!!! Come\u00e7a hoje em Sampa, o maior festival de cinema ao ar livre do mundo, <strong>o Vivo Open Air<\/strong>. Al\u00e9m de comemorar dez anos no Brasil, o evento tamb\u00e9m celebra a fa\u00e7anha de trazer ao Pa\u00eds uma tela ainda maior do que as utilizadas nas edi\u00e7\u00f5es anteriores.<\/p>\n<p style=\"text-align: center;\"><a href=\"http:\/\/www.myfashionlife.com.br\/wp-content\/uploads\/2012\/04\/cinema-aberto.jpeg\"><img loading=\"lazy\" decoding=\"async\" class=\"alignnone size-full wp-image-3535\" title=\"cinema aberto\" src=\"http:\/\/www.myfashionlife.com.br\/wp-content\/uploads\/2012\/04\/cinema-aberto.jpeg\" alt=\"\" width=\"620\" height=\"383\" srcset=\"http:\/\/www.girosgourmet.com.br\/wp-content\/uploads\/2012\/04\/cinema-aberto.jpeg 620w, http:\/\/www.girosgourmet.com.br\/wp-content\/uploads\/2012\/04\/cinema-aberto-300x185.jpg 300w, http:\/\/www.girosgourmet.com.br\/wp-content\/uploads\/2012\/04\/cinema-aberto-150x92.jpg 150w\" sizes=\"auto, (max-width: 620px) 100vw, 620px\" \/><\/a><\/p>\n<p style=\"text-align: justify;\">Desta vez o p\u00fablico que comparecer aos mais de 20 dias de festival poder\u00e1 ver pr\u00e9-estreias e cl\u00e1ssicos do cinema em uma tela de 325 m\u00b2 que, gra\u00e7as a um sistema hidr\u00e1ulico, pode ser levantada em minutos.<\/p>\n<p style=\"text-align: justify;\">Com curadoria de Karen Daylac e Tati Leite, a sele\u00e7\u00e3o traz desde pr\u00e9-estreias nacionais at\u00e9 curtas e document\u00e1rios. A programa\u00e7\u00e3o come\u00e7a hoje \u00e0s 21h30 com a exibi\u00e7\u00e3o do curta <strong><em>A Distra\u00e7\u00e3o de Ivan<\/em><\/strong> e do longa <strong><em>A Persegui\u00e7\u00e3o<\/em><\/strong>.<\/p>\n<p style=\"text-align: justify;\">Entre as novidades nacionais, merece destaque a primeira fic\u00e7\u00e3o dirigida por Marcos Prado (de <em>Estamira<\/em> e <em>Tropa de Elite<\/em>). Com sess\u00e3o na sexta, <em>Para\u00edsos Artificiais<\/em> traz Nathalia Dill, Luca Bianchi e Livia de Bueno no elenco em uma hist\u00f3ria que revela, al\u00e9m de uma hist\u00f3ria de amor, o universo das raves, da m\u00fasica eletr\u00f4nica e das drogas sint\u00e9ticas.<\/p>\n<p>Entre os internacionais, destaque para <strong><em>Carnage<\/em><\/strong>, de Roman Polanski, que conta com nomes como Jodie Foster, Kate Winslet e Christoph Waltz, no dia 25 de maio. Imperd\u00edvel a sess\u00e3o de <strong><em>O Poderoso Chef\u00e3o<\/em><\/strong>, em quatro de maio. O cl\u00e1ssico de Francis Ford Coppola chega em c\u00f3pia restaurada dos EUA especialmente para o evento.<\/p>\n<p>O evento, que acontece de 17 de abril a 6 de maio, no <strong>Jockey Club<\/strong> em S\u00e3o Paulo, conta tamb\u00e9m com shows e apresenta\u00e7\u00e3o de DJs logo ap\u00f3s a sess\u00e3o de cinema.<\/p>\n<p style=\"text-align: justify;\">Na programa\u00e7\u00e3o musical, que tem curadoria de Pedro Seiler, merece destaque a apresenta\u00e7\u00e3o de Moraes Moreira em parceria com seu filho Davi Moraes.<\/p>\n<p style=\"text-align: justify;\">E ai vai perder esta super chance&#8230;.de ver filmes e ter alguns momentos de metamorfose&#8230;.Eu se voc\u00ea voc\u00ea n\u00e3o perderia esta chance por nada&#8230;..rs&#8230;.Beijos Cin\u00e9filos<\/p>\n<iframe src=\"http:\/\/www.facebook.com\/plugins\/like.php?href=http:\/\/www.girosgourmet.com.br\/index.php\/maior-festival-de-cinema-ao-ar-livre-comeca-hoje-em-sao-paulo\/&amp;layout=standard&amp;show_faces=1&amp;width=450&amp;action=like&amp;colorscheme=light&amp;font=\" scrolling=\"no\" frameborder=\"0\" style=\"border:none; overflow:hidden; width:450px; height:60px\"><\/iframe>","protected":false},"excerpt":{"rendered":"<p>Como eu AMO SP!!!! Come\u00e7a hoje em Sampa, o maior festival de cinema ao ar livre do mundo, o Vivo Open Air. Al\u00e9m de comemorar dez anos no Brasil, o evento tamb\u00e9m celebra a fa\u00e7anha de trazer ao Pa\u00eds uma tela ainda maior do que as utilizadas nas edi\u00e7\u00f5es anteriores. [&hellip;]<\/p>\n","protected":false},"author":3,"featured_media":0,"comment_status":"open","ping_status":"open","sticky":false,"template":"","format":"standard","meta":{"footnotes":""},"categories":[40],"tags":[813,811,812],"class_list":["post-3533","post","type-post","status-publish","format-standard","hentry","category-culturamodabelezabem-estar","tag-festival-de-cinem","tag-jockey-club","tag-vivo-open-air"],"_links":{"self":[{"href":"http:\/\/www.girosgourmet.com.br\/index.php\/wp-json\/wp\/v2\/posts\/3533","targetHints":{"allow":["GET"]}}],"collection":[{"href":"http:\/\/www.girosgourmet.com.br\/index.php\/wp-json\/wp\/v2\/posts"}],"about":[{"href":"http:\/\/www.girosgourmet.com.br\/index.php\/wp-json\/wp\/v2\/types\/post"}],"author":[{"embeddable":true,"href":"http:\/\/www.girosgourmet.com.br\/index.php\/wp-json\/wp\/v2\/users\/3"}],"replies":[{"embeddable":true,"href":"http:\/\/www.girosgourmet.com.br\/index.php\/wp-json\/wp\/v2\/comments?post=3533"}],"version-history":[{"count":2,"href":"http:\/\/www.girosgourmet.com.br\/index.php\/wp-json\/wp\/v2\/posts\/3533\/revisions"}],"predecessor-version":[{"id":3536,"href":"http:\/\/www.girosgourmet.com.br\/index.php\/wp-json\/wp\/v2\/posts\/3533\/revisions\/3536"}],"wp:attachment":[{"href":"http:\/\/www.girosgourmet.com.br\/index.php\/wp-json\/wp\/v2\/media?parent=3533"}],"wp:term":[{"taxonomy":"category","embeddable":true,"href":"http:\/\/www.girosgourmet.com.br\/index.php\/wp-json\/wp\/v2\/categories?post=3533"},{"taxonomy":"post_tag","embeddable":true,"href":"http:\/\/www.girosgourmet.com.br\/index.php\/wp-json\/wp\/v2\/tags?post=3533"}],"curies":[{"name":"wp","href":"https:\/\/api.w.org\/{rel}","templated":true}]}}