{"id":328,"date":"2010-06-04T22:11:03","date_gmt":"2010-06-05T01:11:03","guid":{"rendered":"http:\/\/www.closetonline.com.br\/blogcarla\/?p=328"},"modified":"2011-10-20T22:12:37","modified_gmt":"2011-10-21T01:12:37","slug":"descanso","status":"publish","type":"post","link":"http:\/\/www.girosgourmet.com.br\/index.php\/descanso\/","title":{"rendered":"Descanso&#8230;&#8230;."},"content":{"rendered":"<div class=\"mceTemp mceIEcenter\" style=\"text-align: justify;\">Eu estou a quil\u00f4metros de um dia badalado hoje! Conectado com o que n\u00e3o aparece, sentindo o que os outros est\u00e3o tentando esconder, minha necessidade pode ser mais de silencio e de resguardo do que de agita\u00e7\u00f5es. Estou escolhendo bem meu programa de hj.<\/div>\n<p style=\"text-align: justify;\">E tudo isto tem motivo, que se chama \u201cSemana de Moda\u201d e para os mais exigentes \u201cFashion Week\u201d&#8230;.terminei simplesmente a 3\u00b0 h\u00e1 dois dias atr\u00e1s, conclus\u00e3o? Destru\u00edda e quase tendo um colapso nervoso&#8230;rs&#8230;.ma da\u00ed vem o Milagre; volto pra casa e fico dois dias completamente escondidinha do mundo (mas n\u00e3o de quem se ama!), a base de Nissin, com pijama flanelado, sem maquiagem e de pernas para o ar&#8230;.e volto rapidamente a ser eu mesma&#8230;..easy!<\/p>\n<p style=\"text-align: justify;\">O Hor\u00f3scopo do m\u00eas t\u00e1 me dizendo algo que acho que vale a pena compartilhar com voc\u00eas, porque me intrigou seriamente, segue o veridicto:<\/p>\n<p style=\"text-align: justify;\">&#8220;Aquele guinada que voc\u00ea andou buscando nos \u00faltimos anos e que sempre fugia no \u00faltimo minuto parece que agora se torna concreta e dispon\u00edvel. Por isso, ter\u00e1 valido todo o esfor\u00e7o de purificar-se para que nenhum vest\u00edgio da frustra\u00e7\u00e3o passada venha a perturbar a vis\u00e3o do que acontecer\u00e1 a partir de agora. Fa\u00e7a planos e monte estrat\u00e9gias, o jogo vai come\u00e7ar&#8221;.<\/p>\n<p style=\"text-align: justify;\">Intrigante, n\u00e3o?<\/p>\n<p style=\"text-align: justify;\">Well de fato acho que os dias andam sendo favorav\u00e9is comigo&#8230;a sorte parece estar andando lado a lado&#8230;novidades aparecendo, mas s\u00f3 conto depois das f\u00e9rias, que chega em exatos 09 dias&#8230;.Mas antes dela ainda temos\u00a0mais uma fashion week da vida, SPFW, melhor Semana de Moda de todas e da\u00ed\u00a0em 4 dias eu\u00a0volto novamente\u00a0a mexer meu traseiro pelos corredores da Bienal alegremente e porque? Porque meus caros,\u00a0as rodopiadas Fashions s\u00e3o necess\u00e1rias na minha Fashion Life!!!!hahahaha&#8230;.Beijossssssssss<\/p>\n<p style=\"text-align: justify;\"><strong>\u00a0<a href=\"http:\/\/www.closetonline.com.br\/blogcarla\/wp-content\/uploads\/2010\/06\/DSC03866-21.jpg\"><img loading=\"lazy\" decoding=\"async\" class=\"aligncenter size-full wp-image-329\" title=\"_DSC03866 (2)\" src=\"http:\/\/www.closetonline.com.br\/blogcarla\/wp-content\/uploads\/2010\/06\/DSC03866-21.jpg\" alt=\"\" width=\"614\" height=\"461\" srcset=\"http:\/\/www.girosgourmet.com.br\/wp-content\/uploads\/2010\/06\/DSC03866-21.jpg 1024w, http:\/\/www.girosgourmet.com.br\/wp-content\/uploads\/2010\/06\/DSC03866-21-300x225.jpg 300w\" sizes=\"auto, (max-width: 614px) 100vw, 614px\" \/><\/a><\/strong><\/p>\n<p><strong>\u00a0<\/strong><\/p>\n<iframe src=\"http:\/\/www.facebook.com\/plugins\/like.php?href=http:\/\/www.girosgourmet.com.br\/index.php\/descanso\/&amp;layout=standard&amp;show_faces=1&amp;width=450&amp;action=like&amp;colorscheme=light&amp;font=\" scrolling=\"no\" frameborder=\"0\" style=\"border:none; overflow:hidden; width:450px; height:60px\"><\/iframe>","protected":false},"excerpt":{"rendered":"<p>Eu estou a quil\u00f4metros de um dia badalado hoje! Conectado com o que n\u00e3o aparece, sentindo o que os outros est\u00e3o tentando esconder, minha necessidade pode ser mais de silencio e de resguardo do que de agita\u00e7\u00f5es. Estou escolhendo bem meu programa de hj. E tudo isto tem motivo, que [&hellip;]<\/p>\n","protected":false},"author":3,"featured_media":0,"comment_status":"open","ping_status":"open","sticky":false,"template":"","format":"standard","meta":{"footnotes":""},"categories":[39],"tags":[7],"class_list":["post-328","post","type-post","status-publish","format-standard","hentry","category-gastronomia","tag-semana-de-moda"],"_links":{"self":[{"href":"http:\/\/www.girosgourmet.com.br\/index.php\/wp-json\/wp\/v2\/posts\/328","targetHints":{"allow":["GET"]}}],"collection":[{"href":"http:\/\/www.girosgourmet.com.br\/index.php\/wp-json\/wp\/v2\/posts"}],"about":[{"href":"http:\/\/www.girosgourmet.com.br\/index.php\/wp-json\/wp\/v2\/types\/post"}],"author":[{"embeddable":true,"href":"http:\/\/www.girosgourmet.com.br\/index.php\/wp-json\/wp\/v2\/users\/3"}],"replies":[{"embeddable":true,"href":"http:\/\/www.girosgourmet.com.br\/index.php\/wp-json\/wp\/v2\/comments?post=328"}],"version-history":[{"count":10,"href":"http:\/\/www.girosgourmet.com.br\/index.php\/wp-json\/wp\/v2\/posts\/328\/revisions"}],"predecessor-version":[{"id":331,"href":"http:\/\/www.girosgourmet.com.br\/index.php\/wp-json\/wp\/v2\/posts\/328\/revisions\/331"}],"wp:attachment":[{"href":"http:\/\/www.girosgourmet.com.br\/index.php\/wp-json\/wp\/v2\/media?parent=328"}],"wp:term":[{"taxonomy":"category","embeddable":true,"href":"http:\/\/www.girosgourmet.com.br\/index.php\/wp-json\/wp\/v2\/categories?post=328"},{"taxonomy":"post_tag","embeddable":true,"href":"http:\/\/www.girosgourmet.com.br\/index.php\/wp-json\/wp\/v2\/tags?post=328"}],"curies":[{"name":"wp","href":"https:\/\/api.w.org\/{rel}","templated":true}]}}