{"id":3120,"date":"2012-01-23T08:42:38","date_gmt":"2012-01-23T11:42:38","guid":{"rendered":"http:\/\/www.myfashionlife.com.br\/?p=3120"},"modified":"2012-01-23T08:42:50","modified_gmt":"2012-01-23T11:42:50","slug":"dica-cultural-da-semana-a-exposicao-fotografica-help-portrait-paulistanos-invisiveis","status":"publish","type":"post","link":"http:\/\/www.girosgourmet.com.br\/index.php\/dica-cultural-da-semana-a-exposicao-fotografica-help-portrait-paulistanos-invisiveis\/","title":{"rendered":"Dica Cultural: A exposi\u00e7\u00e3o fotogr\u00e1fica Help Portrait | Paulistanos Invis\u00edveis"},"content":{"rendered":"<p>Esta semana SP faz aniversario&#8230;.e as comemora\u00e7\u00f5es na cidade j\u00e1 come\u00e7am acontecer&#8230;.e uma delas \u00e9 simplesmente imperd\u00edvel, para quem ama fotografia&#8230;..<\/p>\n<p>Trata-se da exposi\u00e7\u00e3o que O MIS esta lan\u00e7ando; <strong>Help Portrait | Paulistanos Invis\u00edveis<\/strong>. Composta por retratos de fam\u00edlias residentes na periferia da zona Leste da capital paulista, as imagens foram capturadas por 30 fot\u00f3grafos, em uma a\u00e7\u00e3o com objetivo de registrar quem nunca esteve no foco de lentes profissionais.<\/p>\n<p>Em uma iniciativa do movimento Usina 21 \u2013 Jovens, Ideias e Transforma\u00e7\u00e3o Social e da ONG Funda\u00e7\u00e3o Comunidade da Gra\u00e7a, a a\u00e7\u00e3o foi realizada na data em que se comemora o Dia Mundial dos Direitos Humanos, em uma creche no bairro de Vila Verde, em Itaquera.<\/p>\n<p>Na mesma data, fot\u00f3grafos ao redor do mundo mobilizaram-se pela mesma causa, engajados na iniciativa global que inspirou a a\u00e7\u00e3o que recebeu o nome de Help Portrait. Al\u00e9m dos fot\u00f3grafos, a a\u00e7\u00e3o mobilizou 130 volunt\u00e1rios, entre maquiadores, cinegrafistas, jornalistas, recreacionistas e contadores de hist\u00f3ria.<\/p>\n<p>Para quem desconhece o Help Portrait \u00e9 um movimento mundial de fot\u00f3grafos criado em 2009, por Jeremy Cowart, fot\u00f3grafo de celebridades norte-americano. J\u00e1 reuniu mais de 10 mil fot\u00f3grafos e 12 mil volunt\u00e1rios, em mais de mil localidades espalhadas por 46 pa\u00edses. O n\u00famero de retratos entregues pela iniciativa j\u00e1 passa de 100 mil.<\/p>\n<p>Al\u00e9m de tudo a super exposi\u00e7\u00e3o \u00e9 free&#8230;..presenta\u00e7o para n\u00f3s maravilhosos Paulistanos! Hehehehe&#8230;&#8230;..te encontro por l\u00e1!<\/p>\n<p><strong>Exposi\u00e7\u00e3o <\/strong><\/p>\n<p>25jan a 19fev 2012<br \/>\nTer\u00e7as a s\u00e1bados, das 12h \u00e0s 21h; domingos e feriados, das 11h \u00e0s 20h<br \/>\nFoyer LABMIS &#8211; 2\u00ba andar<br \/>\ningresso: gratuito<\/p>\n<p style=\"text-align: center;\"><a href=\"http:\/\/www.myfashionlife.com.br\/wp-content\/uploads\/2012\/01\/help-po.jpg\"><img loading=\"lazy\" decoding=\"async\" class=\"alignnone size-medium wp-image-3121\" title=\"_help po\" src=\"http:\/\/www.myfashionlife.com.br\/wp-content\/uploads\/2012\/01\/help-po-300x198.jpg\" alt=\"\" width=\"300\" height=\"198\" srcset=\"http:\/\/www.girosgourmet.com.br\/wp-content\/uploads\/2012\/01\/help-po-300x198.jpg 300w, http:\/\/www.girosgourmet.com.br\/wp-content\/uploads\/2012\/01\/help-po-150x99.jpg 150w, http:\/\/www.girosgourmet.com.br\/wp-content\/uploads\/2012\/01\/help-po.jpg 400w\" sizes=\"auto, (max-width: 300px) 100vw, 300px\" \/><\/a><\/p>\n<iframe src=\"http:\/\/www.facebook.com\/plugins\/like.php?href=http:\/\/www.girosgourmet.com.br\/index.php\/dica-cultural-da-semana-a-exposicao-fotografica-help-portrait-paulistanos-invisiveis\/&amp;layout=standard&amp;show_faces=1&amp;width=450&amp;action=like&amp;colorscheme=light&amp;font=\" scrolling=\"no\" frameborder=\"0\" style=\"border:none; overflow:hidden; width:450px; height:60px\"><\/iframe>","protected":false},"excerpt":{"rendered":"<p>Esta semana SP faz aniversario&#8230;.e as comemora\u00e7\u00f5es na cidade j\u00e1 come\u00e7am acontecer&#8230;.e uma delas \u00e9 simplesmente imperd\u00edvel, para quem ama fotografia&#8230;.. Trata-se da exposi\u00e7\u00e3o que O MIS esta lan\u00e7ando; Help Portrait | Paulistanos Invis\u00edveis. Composta por retratos de fam\u00edlias residentes na periferia da zona Leste da capital paulista, as imagens [&hellip;]<\/p>\n","protected":false},"author":3,"featured_media":0,"comment_status":"open","ping_status":"open","sticky":false,"template":"","format":"standard","meta":{"footnotes":""},"categories":[40],"tags":[723,26,722,452],"class_list":["post-3120","post","type-post","status-publish","format-standard","hentry","category-culturamodabelezabem-estar","tag-dia-mundial-dos-direitos-humanos","tag-exposicao","tag-help-portrait-paulistanos-invisiveis","tag-mis"],"_links":{"self":[{"href":"http:\/\/www.girosgourmet.com.br\/index.php\/wp-json\/wp\/v2\/posts\/3120","targetHints":{"allow":["GET"]}}],"collection":[{"href":"http:\/\/www.girosgourmet.com.br\/index.php\/wp-json\/wp\/v2\/posts"}],"about":[{"href":"http:\/\/www.girosgourmet.com.br\/index.php\/wp-json\/wp\/v2\/types\/post"}],"author":[{"embeddable":true,"href":"http:\/\/www.girosgourmet.com.br\/index.php\/wp-json\/wp\/v2\/users\/3"}],"replies":[{"embeddable":true,"href":"http:\/\/www.girosgourmet.com.br\/index.php\/wp-json\/wp\/v2\/comments?post=3120"}],"version-history":[{"count":2,"href":"http:\/\/www.girosgourmet.com.br\/index.php\/wp-json\/wp\/v2\/posts\/3120\/revisions"}],"predecessor-version":[{"id":3123,"href":"http:\/\/www.girosgourmet.com.br\/index.php\/wp-json\/wp\/v2\/posts\/3120\/revisions\/3123"}],"wp:attachment":[{"href":"http:\/\/www.girosgourmet.com.br\/index.php\/wp-json\/wp\/v2\/media?parent=3120"}],"wp:term":[{"taxonomy":"category","embeddable":true,"href":"http:\/\/www.girosgourmet.com.br\/index.php\/wp-json\/wp\/v2\/categories?post=3120"},{"taxonomy":"post_tag","embeddable":true,"href":"http:\/\/www.girosgourmet.com.br\/index.php\/wp-json\/wp\/v2\/tags?post=3120"}],"curies":[{"name":"wp","href":"https:\/\/api.w.org\/{rel}","templated":true}]}}