{"id":308,"date":"2010-05-31T20:00:39","date_gmt":"2010-05-31T23:00:39","guid":{"rendered":"http:\/\/www.closetonline.com.br\/blogcarla\/?p=308"},"modified":"2011-10-11T02:28:24","modified_gmt":"2011-10-11T05:28:24","slug":"fashionices-cariocas","status":"publish","type":"post","link":"http:\/\/www.girosgourmet.com.br\/index.php\/fashionices-cariocas\/","title":{"rendered":"Fashionices cariocas durante o Fashion Rio"},"content":{"rendered":"<div style=\"text-align: justify;\">5\u00b0\u00a0dia de Fashion Rio&#8230;&#8230;j\u00e1 rolou muito trabalho, muitas andan\u00e7as, v\u00e1riassssssssss fotografias, momentos do tipo &#8220;Super Stars&#8221;, reencontros deliciosos com amigos que infelizmente s\u00f3 encontramos nas Semanas de Moda da vida&#8230;&#8230;e da\u00ed a gente quer atualizar conversa de 06 meses em 6 dias&#8230;..entre um desfile e outro, entre uma entrevista e outra, e por que n\u00e3o entre um prosseco e outro&#8230;..hehehehehe<\/div>\n<div style=\"text-align: justify;\">Apesar da exaust\u00e3o total, das poucas horas de descanso, dos atrasos constantes&#8230;&#8230;.eu me sinto feliz&#8230;.porque queridissimos, as risadas \u00e9 algo t\u00e3o certo por aqui&#8230;.e sem falsa mod\u00e9stia, com a m\u00e1fia do Closet reunido \u00e9 imposs\u00edvel nada de no m\u00ednimo engra\u00e7adissimo acontecer&#8230;..principalmente quando estamos na viatura Lady Gaga ( nome carinhosamente dado ao carro de nossa amiga Ceci)<\/div>\n<div style=\"text-align: justify;\">Vamos aos desfiles: To vendo muito, mas muito plissado e babado chegando para o pr\u00f3ximo ver\u00e3o&#8230;&#8230;..as cores n\u00e3o entusiasma&#8230;..s\u00e3o as mesmas que vimos no \u00faltimo ver\u00e3o&#8230;..mas amei, amei muito\u00a0 a &#8220;brincadeira&#8221; das camisetas da estilista carioca Alessa, que trazem mensagens como \u201cO Minist\u00e9rio das Sacerdotisas adverte: querer \u00e9 poder\u201d ou \u201cO Minist\u00e9rio do Inexplic\u00e1vel adverte: certas coisas s\u00f3 acontecem com quem acredita em certas coisas\u201d. Mostrar as t-shirts com saias longas plissadas e cintos largos explica o que Alessa quis dizer com sua cole\u00e7\u00e3o \u2018A Alquimista\u2019. Certas coisas s\u00f3 acontecem com quem acredita em certas coisas&#8230;&#8230;&#8230;<\/div>\n<p style=\"text-align: justify;\"><a href=\"http:\/\/www.closetonline.com.br\/blogcarla\/wp-content\/uploads\/2010\/05\/alessa.jpg\"><\/a><\/p>\n<p style=\"text-align: justify;\"><img loading=\"lazy\" decoding=\"async\" class=\"aligncenter size-full wp-image-309\" title=\"_alessa\" src=\"http:\/\/www.closetonline.com.br\/blogcarla\/wp-content\/uploads\/2010\/05\/alessa.jpg\" alt=\"\" width=\"550\" height=\"411\" srcset=\"http:\/\/www.girosgourmet.com.br\/wp-content\/uploads\/2010\/05\/alessa.jpg 550w, http:\/\/www.girosgourmet.com.br\/wp-content\/uploads\/2010\/05\/alessa-300x224.jpg 300w\" sizes=\"auto, (max-width: 550px) 100vw, 550px\" \/><\/p>\n<div style=\"text-align: justify;\">Amei\u00a0 tamb\u00e9m a pegada music da grife Auslander, que trouxe a presen\u00e7a internacional da banda Dragonette&#8230;..as pessoas encararam o desfile como um\u00a0verdadeiro\u00a0show de ROCK\u00a0e no final todo mundo estava meio que se jogando&#8230;&#8230;.a parte ruim que todo este burburinho, desviou a aten\u00e7\u00e3o do p\u00fablico\u00a0ao grande protagonista da noite- os LOOKS&#8230;rs&#8230;&#8230;..<\/div>\n<div style=\"text-align: justify;\">\n<div id=\"attachment_316\" style=\"width: 550px\" class=\"wp-caption aligncenter\"><a href=\"http:\/\/www.closetonline.com.br\/blogcarla\/wp-content\/uploads\/2010\/05\/dragonette.jpg\"><img loading=\"lazy\" decoding=\"async\" aria-describedby=\"caption-attachment-316\" class=\"size-full wp-image-316\" title=\"_dragonette\" src=\"http:\/\/www.closetonline.com.br\/blogcarla\/wp-content\/uploads\/2010\/05\/dragonette.jpg\" alt=\"\" width=\"540\" height=\"360\" srcset=\"http:\/\/www.girosgourmet.com.br\/wp-content\/uploads\/2010\/05\/dragonette.jpg 540w, http:\/\/www.girosgourmet.com.br\/wp-content\/uploads\/2010\/05\/dragonette-300x200.jpg 300w\" sizes=\"auto, (max-width: 540px) 100vw, 540px\" \/><\/a><p id=\"caption-attachment-316\" class=\"wp-caption-text\">Banda Dragonette<\/p><\/div>\n<p>A Cant\u00e3o, sem a estilista Yam\u00ea,&#8230;.hummmm&#8230;&#8230;&#8230;..lament\u00e1vel!!! Ela era o pedestal da marca, a nova\u00a0cole\u00e7\u00e3o n\u00e3o se ajustou bem a id\u00e9ia da marca\u00a0&#8230;&#8230;.o desfile com inspira\u00e7\u00e3o no C\u00e9u&#8230;.e em seus tons diversos n\u00e3o me convenceu, sorry!!!!<\/p>\n<p>A Paulista (of course..rs) Acquastudio, trouxe uma cole\u00e7\u00e3o dos sonhos&#8230;.os vestidos da grife davam literalmente vontade de com\u00ea-los&#8230;..rs&#8230;&#8230;explico, pareciam doces de mil folhas&#8230;..e despejou conceito na passarela carioca&#8230;&#8230;&#8230;meus olhos vibravam com as toneladas e incontaveis camadas de tule e organza e o efeito visual disso era um absurdo&#8230;&#8230;.e as formas de seus vestidos eram super curiosas&#8230;&#8230;..<\/p>\n<\/div>\n<div style=\"text-align: justify;\">\n<div><span style=\"font-family: Verdana; font-size: x-small;\">\u00a0<\/span><\/div>\n<div><a href=\"http:\/\/www.closetonline.com.br\/blogcarla\/wp-content\/uploads\/2010\/05\/35192lis.jpg\"><\/a><\/div>\n<p><img loading=\"lazy\" decoding=\"async\" class=\"aligncenter size-full wp-image-314\" title=\"_35192lis\" src=\"http:\/\/www.closetonline.com.br\/blogcarla\/wp-content\/uploads\/2010\/05\/35192lis.jpg\" alt=\"\" width=\"550\" height=\"418\" srcset=\"http:\/\/www.girosgourmet.com.br\/wp-content\/uploads\/2010\/05\/35192lis.jpg 550w, http:\/\/www.girosgourmet.com.br\/wp-content\/uploads\/2010\/05\/35192lis-300x227.jpg 300w\" sizes=\"auto, (max-width: 550px) 100vw, 550px\" \/><\/p>\n<div>\u00a0<\/div>\n<div style=\"text-align: justify;\">Olha ainda falta um dia e meio de RJ, j\u00e1 com gostinho de final de expediente&#8230;&#8230;&#8230;um frio absurdo\u00a0por aqui\u00a0( nunca tinha visto isso) e ainda muitos desfiles pela frente&#8230;&#8230;SPFW t\u00e1 a\u00ed&#8230;&#8230;&#8230;f\u00e9rias daqui 15 dias (uhuhuhuhuhu)&#8230;..e conto tudo na volta!! Beijo<\/div>\n<\/div>\n<iframe src=\"http:\/\/www.facebook.com\/plugins\/like.php?href=http:\/\/www.girosgourmet.com.br\/index.php\/fashionices-cariocas\/&amp;layout=standard&amp;show_faces=1&amp;width=450&amp;action=like&amp;colorscheme=light&amp;font=\" scrolling=\"no\" frameborder=\"0\" style=\"border:none; overflow:hidden; width:450px; height:60px\"><\/iframe>","protected":false},"excerpt":{"rendered":"<p>5\u00b0\u00a0dia de Fashion Rio&#8230;&#8230;j\u00e1 rolou muito trabalho, muitas andan\u00e7as, v\u00e1riassssssssss fotografias, momentos do tipo &#8220;Super Stars&#8221;, reencontros deliciosos com amigos que infelizmente s\u00f3 encontramos nas Semanas de Moda da vida&#8230;&#8230;e da\u00ed a gente quer atualizar conversa de 06 meses em 6 dias&#8230;..entre um desfile e outro, entre uma entrevista e [&hellip;]<\/p>\n","protected":false},"author":3,"featured_media":0,"comment_status":"open","ping_status":"open","sticky":false,"template":"","format":"standard","meta":{"footnotes":""},"categories":[39],"tags":[461,460,117],"class_list":["post-308","post","type-post","status-publish","format-standard","hentry","category-gastronomia","tag-alessa","tag-desfiles","tag-fashion-rio"],"_links":{"self":[{"href":"http:\/\/www.girosgourmet.com.br\/index.php\/wp-json\/wp\/v2\/posts\/308","targetHints":{"allow":["GET"]}}],"collection":[{"href":"http:\/\/www.girosgourmet.com.br\/index.php\/wp-json\/wp\/v2\/posts"}],"about":[{"href":"http:\/\/www.girosgourmet.com.br\/index.php\/wp-json\/wp\/v2\/types\/post"}],"author":[{"embeddable":true,"href":"http:\/\/www.girosgourmet.com.br\/index.php\/wp-json\/wp\/v2\/users\/3"}],"replies":[{"embeddable":true,"href":"http:\/\/www.girosgourmet.com.br\/index.php\/wp-json\/wp\/v2\/comments?post=308"}],"version-history":[{"count":12,"href":"http:\/\/www.girosgourmet.com.br\/index.php\/wp-json\/wp\/v2\/posts\/308\/revisions"}],"predecessor-version":[{"id":320,"href":"http:\/\/www.girosgourmet.com.br\/index.php\/wp-json\/wp\/v2\/posts\/308\/revisions\/320"}],"wp:attachment":[{"href":"http:\/\/www.girosgourmet.com.br\/index.php\/wp-json\/wp\/v2\/media?parent=308"}],"wp:term":[{"taxonomy":"category","embeddable":true,"href":"http:\/\/www.girosgourmet.com.br\/index.php\/wp-json\/wp\/v2\/categories?post=308"},{"taxonomy":"post_tag","embeddable":true,"href":"http:\/\/www.girosgourmet.com.br\/index.php\/wp-json\/wp\/v2\/tags?post=308"}],"curies":[{"name":"wp","href":"https:\/\/api.w.org\/{rel}","templated":true}]}}