{"id":2933,"date":"2011-11-23T00:02:28","date_gmt":"2011-11-23T03:02:28","guid":{"rendered":"http:\/\/www.closetonline.com.br\/blogcarla\/?p=2933"},"modified":"2011-11-21T23:08:36","modified_gmt":"2011-11-22T02:08:36","slug":"e-pique-2","status":"publish","type":"post","link":"http:\/\/www.girosgourmet.com.br\/index.php\/e-pique-2\/","title":{"rendered":"\u00c9 Pique!"},"content":{"rendered":"<p style=\"text-align: justify;\">Niver chegou e os meus bem vividos 38 idem\u2026\u2026E o que pensar neste meu feriado pessoal? Os pensamentos neste momento s\u00e3o os melhores poss\u00edveis; Um novo ciclo, uma nova fase, novos desafios, novos amigos, novas viagens e porque n\u00e3o um novo amor?! Hahahahaha<\/p>\n<p style=\"text-align: justify;\">Acho incr\u00edvel em saber que algumas pessoas n\u00e3o gostam de anivers\u00e1rios&#8230;.eu particularmente adoro! Dia que o universo conspira a seu favor e isso vem em forma de belas mensagens, bons telefonemas, ador\u00e1veis abra\u00e7os e beijos e muitos copinhos de prosseco&#8230;.rs<\/p>\n<p style=\"text-align: justify;\">Agradecendo antecipadamente por todo o carinho que estou recebendo n\u00e3o s\u00f3 no dia de hoje, mas j\u00e1 rolando alguns dias&#8230;.porque gra\u00e7as ao bom Deus&#8230;.minhas comemora\u00e7\u00f5es s\u00e3o v\u00e1rias e vindas dos 4 cantos do mundo! Sinal de que sou realmente querida e amada! E o principal que minha companhia agrada a uma centenas de mortais que tiveram a boa sorte ( e eu tamb\u00e9m!) de cruzar o meu caminho&#8230;..<\/p>\n<p style=\"text-align: justify;\">Em geral celebramos o anivers\u00e1rio se tivermos uma boa auto-estima, sa\u00fade, amigos e uma fam\u00edlia unida&#8230;..por isso comemoro o meu! Tenho tudo isso e muito mais&#8230;..uma casa que adoro, uma profiss\u00e3o que venero&#8230;.e o principalmente meu esp\u00edrito no dia de hoje est\u00e1 pronto para fazer uma reavalia\u00e7\u00e3o do ano, e principalmente do meu prop\u00f3sito Divino aqui na Terra.<\/p>\n<p style=\"text-align: justify;\">Enfim hoje tenho muito mais para agradecer do que ao contr\u00e1rio! Thank God! Thanks aos leitores queridos, aos amigos insepar\u00e1veis e a fam\u00edlia querida, apoiadores dos meus eternos sonhos!<\/p>\n<p style=\"text-align: justify;\">E que venha os 38 com do\u00e7ura!<\/p>\n<p style=\"text-align: justify;\">Beijos<\/p>\n<p style=\"text-align: center;\"><a href=\"http:\/\/www.closetonline.com.br\/blogcarla\/wp-content\/uploads\/2011\/11\/book.jpg\"><img loading=\"lazy\" decoding=\"async\" class=\"alignnone size-medium wp-image-2934\" title=\"_book\" src=\"http:\/\/www.closetonline.com.br\/blogcarla\/wp-content\/uploads\/2011\/11\/book-300x200.jpg\" alt=\"\" width=\"300\" height=\"200\" srcset=\"http:\/\/www.girosgourmet.com.br\/wp-content\/uploads\/2011\/11\/book-300x200.jpg 300w, http:\/\/www.girosgourmet.com.br\/wp-content\/uploads\/2011\/11\/book-150x100.jpg 150w, http:\/\/www.girosgourmet.com.br\/wp-content\/uploads\/2011\/11\/book.jpg 861w\" sizes=\"auto, (max-width: 300px) 100vw, 300px\" \/><\/a><\/p>\n<iframe src=\"http:\/\/www.facebook.com\/plugins\/like.php?href=http:\/\/www.girosgourmet.com.br\/index.php\/e-pique-2\/&amp;layout=standard&amp;show_faces=1&amp;width=450&amp;action=like&amp;colorscheme=light&amp;font=\" scrolling=\"no\" frameborder=\"0\" style=\"border:none; overflow:hidden; width:450px; height:60px\"><\/iframe>","protected":false},"excerpt":{"rendered":"<p>Niver chegou e os meus bem vividos 38 idem\u2026\u2026E o que pensar neste meu feriado pessoal? Os pensamentos neste momento s\u00e3o os melhores poss\u00edveis; Um novo ciclo, uma nova fase, novos desafios, novos amigos, novas viagens e porque n\u00e3o um novo amor?! Hahahahaha Acho incr\u00edvel em saber que algumas pessoas [&hellip;]<\/p>\n","protected":false},"author":3,"featured_media":0,"comment_status":"open","ping_status":"open","sticky":false,"template":"","format":"standard","meta":{"footnotes":""},"categories":[39],"tags":[150],"class_list":["post-2933","post","type-post","status-publish","format-standard","hentry","category-gastronomia","tag-aniversario"],"_links":{"self":[{"href":"http:\/\/www.girosgourmet.com.br\/index.php\/wp-json\/wp\/v2\/posts\/2933","targetHints":{"allow":["GET"]}}],"collection":[{"href":"http:\/\/www.girosgourmet.com.br\/index.php\/wp-json\/wp\/v2\/posts"}],"about":[{"href":"http:\/\/www.girosgourmet.com.br\/index.php\/wp-json\/wp\/v2\/types\/post"}],"author":[{"embeddable":true,"href":"http:\/\/www.girosgourmet.com.br\/index.php\/wp-json\/wp\/v2\/users\/3"}],"replies":[{"embeddable":true,"href":"http:\/\/www.girosgourmet.com.br\/index.php\/wp-json\/wp\/v2\/comments?post=2933"}],"version-history":[{"count":1,"href":"http:\/\/www.girosgourmet.com.br\/index.php\/wp-json\/wp\/v2\/posts\/2933\/revisions"}],"predecessor-version":[{"id":2935,"href":"http:\/\/www.girosgourmet.com.br\/index.php\/wp-json\/wp\/v2\/posts\/2933\/revisions\/2935"}],"wp:attachment":[{"href":"http:\/\/www.girosgourmet.com.br\/index.php\/wp-json\/wp\/v2\/media?parent=2933"}],"wp:term":[{"taxonomy":"category","embeddable":true,"href":"http:\/\/www.girosgourmet.com.br\/index.php\/wp-json\/wp\/v2\/categories?post=2933"},{"taxonomy":"post_tag","embeddable":true,"href":"http:\/\/www.girosgourmet.com.br\/index.php\/wp-json\/wp\/v2\/tags?post=2933"}],"curies":[{"name":"wp","href":"https:\/\/api.w.org\/{rel}","templated":true}]}}