{"id":2844,"date":"2011-11-02T13:42:16","date_gmt":"2011-11-02T16:42:16","guid":{"rendered":"http:\/\/www.closetonline.com.br\/blogcarla\/?p=2844"},"modified":"2011-11-02T13:42:16","modified_gmt":"2011-11-02T16:42:16","slug":"o-fantastico-mundo-da-coca-cola","status":"publish","type":"post","link":"http:\/\/www.girosgourmet.com.br\/index.php\/o-fantastico-mundo-da-coca-cola\/","title":{"rendered":"O Fant\u00e1stico mundo da Coca Cola"},"content":{"rendered":"<p style=\"text-align: justify;\">A Coca Cola surge com mais um projeto surpreendente para os meus pobres olhos cansados\u2026.A Marca vai substituir suas tradicionais latinhas vermelhas por brancas nos Estados Unidos e Canad\u00e1&#8230;..No per\u00edodo de novembro a fevereiro de 2012.<\/p>\n<p style=\"text-align: center;\"><a href=\"http:\/\/www.closetonline.com.br\/blogcarla\/wp-content\/uploads\/2011\/11\/coca_branca.jpg\"><img loading=\"lazy\" decoding=\"async\" class=\"alignnone size-medium wp-image-2845\" title=\"_coca_branca\" src=\"http:\/\/www.closetonline.com.br\/blogcarla\/wp-content\/uploads\/2011\/11\/coca_branca-166x300.jpg\" alt=\"\" width=\"166\" height=\"300\" srcset=\"http:\/\/www.girosgourmet.com.br\/wp-content\/uploads\/2011\/11\/coca_branca-166x300.jpg 166w, http:\/\/www.girosgourmet.com.br\/wp-content\/uploads\/2011\/11\/coca_branca-83x150.jpg 83w\" sizes=\"auto, (max-width: 166px) 100vw, 166px\" \/><\/a><\/p>\n<p style=\"text-align: justify;\">O motivo da altera\u00e7\u00e3o de cor \u00e9 em prol da Campanha <strong><a href=\"http:\/\/arctichome.com\/\">Arctic Home<\/a>, <\/strong>em prote\u00e7\u00e3o aos ursos polares, mascote da Coca- Cola desde 1922. Ser\u00e3o distribu\u00eddos no mercado, mais de 1,4bilh\u00f5es de lata com o novo design e com um c\u00f3digo que possibilita o consumidor a doar 1 d\u00f3lar \u00e0 <strong><a href=\"http:\/\/www.worldwildlife.org\/home-full.html\">WWF<\/a><\/strong>. As outras bebidas da marca (Coca Zero, Sprite, Fanta etc.) ter\u00e3o as tampinhas brancas no mesmo per\u00edodo.<\/p>\n<p style=\"text-align: justify;\">N\u00e3o \u00e9 a primeira vez que a Coca-Cola utiliza suas latas para chamar aten\u00e7\u00e3o das pessoas&#8230;.Em 2009 ela colocou no mercado uma lata nua, com o objetivo de ajudar a economizar energia, afinal a gigante da bebida mais popular do mundo vende cerca de 24.773.757.785 por ano&#8230;..risos&#8230;..conseguiram entender este n\u00famero?\u00a0 E com isso diminu\u00edram a quantidade de muita tinta t\u00f3xica&#8230;.utilizando assim, uma quantidade enorme de energia&#8230;..A lata nua ajudou a reduzir tamb\u00e9m a polui\u00e7\u00e3o do ar e da \u00e1gua que ocorre no processo de colora\u00e7\u00e3o&#8230;.<\/p>\n<p style=\"text-align: center;\"><a href=\"http:\/\/www.closetonline.com.br\/blogcarla\/wp-content\/uploads\/2011\/11\/lata-nua.jpg\"><img loading=\"lazy\" decoding=\"async\" class=\"alignnone size-medium wp-image-2846\" title=\"_lata nua\" src=\"http:\/\/www.closetonline.com.br\/blogcarla\/wp-content\/uploads\/2011\/11\/lata-nua-300x174.jpg\" alt=\"\" width=\"300\" height=\"174\" srcset=\"http:\/\/www.girosgourmet.com.br\/wp-content\/uploads\/2011\/11\/lata-nua-300x174.jpg 300w, http:\/\/www.girosgourmet.com.br\/wp-content\/uploads\/2011\/11\/lata-nua-150x87.jpg 150w, http:\/\/www.girosgourmet.com.br\/wp-content\/uploads\/2011\/11\/lata-nua.jpg 500w\" sizes=\"auto, (max-width: 300px) 100vw, 300px\" \/><\/a><\/p>\n<p style=\"text-align: justify;\">Estas a\u00e7\u00f5es demonstram que uma das maiores empresas do mundo est\u00e1 em constante evolu\u00e7\u00e3o e ainda se transformando. Em resumo a Coca-Cola \u00e9 o Elvis Presley dos refrigerantes&#8230;Viva!<\/p>\n<iframe src=\"http:\/\/www.facebook.com\/plugins\/like.php?href=http:\/\/www.girosgourmet.com.br\/index.php\/o-fantastico-mundo-da-coca-cola\/&amp;layout=standard&amp;show_faces=1&amp;width=450&amp;action=like&amp;colorscheme=light&amp;font=\" scrolling=\"no\" frameborder=\"0\" style=\"border:none; overflow:hidden; width:450px; height:60px\"><\/iframe>","protected":false},"excerpt":{"rendered":"<p>A Coca Cola surge com mais um projeto surpreendente para os meus pobres olhos cansados\u2026.A Marca vai substituir suas tradicionais latinhas vermelhas por brancas nos Estados Unidos e Canad\u00e1&#8230;..No per\u00edodo de novembro a fevereiro de 2012. O motivo da altera\u00e7\u00e3o de cor \u00e9 em prol da Campanha Arctic Home, em [&hellip;]<\/p>\n","protected":false},"author":3,"featured_media":0,"comment_status":"open","ping_status":"open","sticky":false,"template":"","format":"standard","meta":{"footnotes":""},"categories":[39],"tags":[585,643,642],"class_list":["post-2844","post","type-post","status-publish","format-standard","hentry","category-gastronomia","tag-coca-cola","tag-latas-de-refrigerante","tag-ursos-polares"],"_links":{"self":[{"href":"http:\/\/www.girosgourmet.com.br\/index.php\/wp-json\/wp\/v2\/posts\/2844","targetHints":{"allow":["GET"]}}],"collection":[{"href":"http:\/\/www.girosgourmet.com.br\/index.php\/wp-json\/wp\/v2\/posts"}],"about":[{"href":"http:\/\/www.girosgourmet.com.br\/index.php\/wp-json\/wp\/v2\/types\/post"}],"author":[{"embeddable":true,"href":"http:\/\/www.girosgourmet.com.br\/index.php\/wp-json\/wp\/v2\/users\/3"}],"replies":[{"embeddable":true,"href":"http:\/\/www.girosgourmet.com.br\/index.php\/wp-json\/wp\/v2\/comments?post=2844"}],"version-history":[{"count":2,"href":"http:\/\/www.girosgourmet.com.br\/index.php\/wp-json\/wp\/v2\/posts\/2844\/revisions"}],"predecessor-version":[{"id":2848,"href":"http:\/\/www.girosgourmet.com.br\/index.php\/wp-json\/wp\/v2\/posts\/2844\/revisions\/2848"}],"wp:attachment":[{"href":"http:\/\/www.girosgourmet.com.br\/index.php\/wp-json\/wp\/v2\/media?parent=2844"}],"wp:term":[{"taxonomy":"category","embeddable":true,"href":"http:\/\/www.girosgourmet.com.br\/index.php\/wp-json\/wp\/v2\/categories?post=2844"},{"taxonomy":"post_tag","embeddable":true,"href":"http:\/\/www.girosgourmet.com.br\/index.php\/wp-json\/wp\/v2\/tags?post=2844"}],"curies":[{"name":"wp","href":"https:\/\/api.w.org\/{rel}","templated":true}]}}