{"id":2747,"date":"2011-10-24T21:18:49","date_gmt":"2011-10-25T00:18:49","guid":{"rendered":"http:\/\/www.closetonline.com.br\/blogcarla\/?p=2747"},"modified":"2011-10-24T21:18:49","modified_gmt":"2011-10-25T00:18:49","slug":"dica-cultural-da-semana-35o-mostra-internacional-de-cinema","status":"publish","type":"post","link":"http:\/\/www.girosgourmet.com.br\/index.php\/dica-cultural-da-semana-35o-mostra-internacional-de-cinema\/","title":{"rendered":"Dica Cultural da Semana: 35o Mostra Internacional de Cinema"},"content":{"rendered":"<p style=\"text-align: justify;\">Bem adoro quando chega a Mostra Internacional de Cinema em SP\u2026.primeiro porque as salas de cinema ficam muito mais interessante; gente bonita e curiosa com os filmes que geralmente n\u00e3o se v\u00ea com freq\u00fc\u00eancia em nossas salas, e segundo \u00e9 aonde na minha humilde opini\u00e3o se pode ter a oportunidade de assistir h\u00e1\u00a0filmes de verdade!rs<\/p>\n<p style=\"text-align: justify;\">O festival j\u00e1 est\u00e1 rolando desde o dia 21 de outubro e ainda estou me organizando e fazendo a minha listinha das hist\u00f3rias que para mim s\u00e3o imperd\u00edveis, como por exemplo; <strong>Taxi Driver<\/strong>: Trinta e cinco anos depois de sua estreia, o filme do diretor Martin Scorsese ganha exibi\u00e7\u00e3o em vers\u00e3o digital restaurada (que passou no Festival de Cinema de Berlim deste ano). O cl\u00e1ssico projetou a carreira dos \u00edcones Robert De Niro e Jodie Foster e \u00e9 considerada a obra-prima de seu criador&#8230;..tipo do filme que a gente nunca vai se cansar de rever, outro tamb\u00e9m que esta na lista obrigat\u00f3ria \u00e9 o ic\u00f4nico <strong>Uma Rua Chamada Pecado<\/strong>: o cl\u00e1ssico de Elia Kazan, com Marlon Brando e Vivien Leigh, ser\u00e1 exibido em pel\u00edcula de 35mm. Oportunidade \u00fanica de ver a obra-prima em sua melhor exibi\u00e7\u00e3o.<\/p>\n<p style=\"text-align: justify;\">E claro, neste festival sempre temos a oportunidade de vermos longas in\u00e9ditos e curiosos, tais como; Isto <strong>N\u00e3o \u00e9 um Filme<\/strong>: s\u00f3 o t\u00edtulo \u00e9 ir\u00f4nico por si s\u00f3. Trata-se do filme\/document\u00e1rio dirigido pelo iraniano Jafa Panahi, na \u00e9poca preso dentro da pr\u00f3pria casa, que chegou ao Festival de Cannes por um pen drive que estava dentro de um bolo. Que tal? O problema \u00e9 que a super atitude de Panahi fez com que seu codiretor, Mojtaba Mirtahmasb, ficasse preso no Ir\u00e3. O resultado voc\u00ea confere na Mostra. Ou o <strong>A Verdadeira Hist\u00f3ria da Marijuana <\/strong>&#8211; filme relata uma suposta conspira\u00e7\u00e3o liderada pela ind\u00fastria petroqu\u00edmica, que tornou ilegal uma das plantas mais conhecidas pela humanidade. A Cannabis tem sido usada por milhares de anos em formas pouco imaginadas.<\/p>\n<p style=\"text-align: justify;\">Todos os t\u00edtulos est\u00e3o sendo exibidos em 22 salas, entre cinemas, museus e centros de S\u00e3o Paulo. Al\u00e9m da sele\u00e7\u00e3o de filmes e oficinas, haver\u00e1 uma exposi\u00e7\u00e3o in\u00e9dita reunindo as obras de um dos grandes mestres do cinema sovi\u00e9tico, Sergei Paradjanov (1924-1990). Montada por Daniela Thomas e Felipe Massara, a exposi\u00e7\u00e3o acontece de 19 de outubro e at\u00e9 dia 20 de novembro, no Museu da Imagem e do Som \u2013 MIS. Al\u00e9m da exposi\u00e7\u00e3o, a Mostra apresenta ainda uma retrospectiva de Paradjanov e o document\u00e1rio Paradjanov, O Rebelde, de Patrick Cazals.<\/p>\n<p style=\"text-align: justify;\">Para os cin\u00e9filos de plant\u00e3o, o festival oferece pacotes promocionais com pre\u00e7os que variam conforme a quantidade de ingressos. Os valores podem variar de R$ 165 para 20 entradas at\u00e9 R$ 390 na op\u00e7\u00e3o de permanente integral. Al\u00e9m disso, o p\u00fablico pode aguardar por sess\u00f5es gratuitas no Centro Cultural S\u00e3o Paulo, no Cine Olido, no Cine Livraria Cultura 1 e 2 (sess\u00f5es da juventude) e no v\u00e3o livre do Masp.<\/p>\n<p style=\"text-align: justify;\">E ai voc\u00ea est\u00e3o esperando o que? Corram e sejam felizes! Rs&#8230;.<\/p>\n<p style=\"text-align: justify;\">Mais informa\u00e7\u00f5es, <strong><a href=\"http:\/\/35.mostra.org\/\">clique aqui<\/a><\/strong>!<\/p>\n<p style=\"text-align: center;\">\u00a0<a href=\"http:\/\/www.closetonline.com.br\/blogcarla\/wp-content\/uploads\/2011\/10\/cartaz-mostra-35.jpg\"><img loading=\"lazy\" decoding=\"async\" class=\"alignnone size-medium wp-image-2748\" title=\"_cartaz-mostra-35\" src=\"http:\/\/www.closetonline.com.br\/blogcarla\/wp-content\/uploads\/2011\/10\/cartaz-mostra-35-300x225.jpg\" alt=\"\" width=\"300\" height=\"225\" srcset=\"http:\/\/www.girosgourmet.com.br\/wp-content\/uploads\/2011\/10\/cartaz-mostra-35-300x225.jpg 300w, http:\/\/www.girosgourmet.com.br\/wp-content\/uploads\/2011\/10\/cartaz-mostra-35-150x112.jpg 150w, http:\/\/www.girosgourmet.com.br\/wp-content\/uploads\/2011\/10\/cartaz-mostra-35.jpg 700w\" sizes=\"auto, (max-width: 300px) 100vw, 300px\" \/><\/a><\/p>\n<iframe src=\"http:\/\/www.facebook.com\/plugins\/like.php?href=http:\/\/www.girosgourmet.com.br\/index.php\/dica-cultural-da-semana-35o-mostra-internacional-de-cinema\/&amp;layout=standard&amp;show_faces=1&amp;width=450&amp;action=like&amp;colorscheme=light&amp;font=\" scrolling=\"no\" frameborder=\"0\" style=\"border:none; overflow:hidden; width:450px; height:60px\"><\/iframe>","protected":false},"excerpt":{"rendered":"<p>Bem adoro quando chega a Mostra Internacional de Cinema em SP\u2026.primeiro porque as salas de cinema ficam muito mais interessante; gente bonita e curiosa com os filmes que geralmente n\u00e3o se v\u00ea com freq\u00fc\u00eancia em nossas salas, e segundo \u00e9 aonde na minha humilde opini\u00e3o se pode ter a oportunidade [&hellip;]<\/p>\n","protected":false},"author":3,"featured_media":0,"comment_status":"open","ping_status":"open","sticky":false,"template":"","format":"standard","meta":{"footnotes":""},"categories":[40],"tags":[538,540,539,13,229,535,536,537],"class_list":["post-2747","post","type-post","status-publish","format-standard","hentry","category-culturamodabelezabem-estar","tag-centro-cultural-sao-paulo","tag-cine-livraria-cultura","tag-cine-olido","tag-filme","tag-masp","tag-mostra-internacional-de-cinema-em-sp","tag-taxi-driver","tag-uma-rua-chamada-pecado"],"_links":{"self":[{"href":"http:\/\/www.girosgourmet.com.br\/index.php\/wp-json\/wp\/v2\/posts\/2747","targetHints":{"allow":["GET"]}}],"collection":[{"href":"http:\/\/www.girosgourmet.com.br\/index.php\/wp-json\/wp\/v2\/posts"}],"about":[{"href":"http:\/\/www.girosgourmet.com.br\/index.php\/wp-json\/wp\/v2\/types\/post"}],"author":[{"embeddable":true,"href":"http:\/\/www.girosgourmet.com.br\/index.php\/wp-json\/wp\/v2\/users\/3"}],"replies":[{"embeddable":true,"href":"http:\/\/www.girosgourmet.com.br\/index.php\/wp-json\/wp\/v2\/comments?post=2747"}],"version-history":[{"count":1,"href":"http:\/\/www.girosgourmet.com.br\/index.php\/wp-json\/wp\/v2\/posts\/2747\/revisions"}],"predecessor-version":[{"id":2749,"href":"http:\/\/www.girosgourmet.com.br\/index.php\/wp-json\/wp\/v2\/posts\/2747\/revisions\/2749"}],"wp:attachment":[{"href":"http:\/\/www.girosgourmet.com.br\/index.php\/wp-json\/wp\/v2\/media?parent=2747"}],"wp:term":[{"taxonomy":"category","embeddable":true,"href":"http:\/\/www.girosgourmet.com.br\/index.php\/wp-json\/wp\/v2\/categories?post=2747"},{"taxonomy":"post_tag","embeddable":true,"href":"http:\/\/www.girosgourmet.com.br\/index.php\/wp-json\/wp\/v2\/tags?post=2747"}],"curies":[{"name":"wp","href":"https:\/\/api.w.org\/{rel}","templated":true}]}}