{"id":2638,"date":"2011-10-20T10:24:34","date_gmt":"2011-10-20T13:24:34","guid":{"rendered":"http:\/\/www.closetonline.com.br\/blogcarla\/?p=2638"},"modified":"2011-10-20T17:24:37","modified_gmt":"2011-10-20T20:24:37","slug":"meu-doce-inferno-astral-2","status":"publish","type":"post","link":"http:\/\/www.girosgourmet.com.br\/index.php\/meu-doce-inferno-astral-2\/","title":{"rendered":"Meu doce &#8220;Inferno Astral&#8221;"},"content":{"rendered":"<p style=\"text-align: justify;\">Pra quem n\u00e3o sabe eu fa\u00e7o anivers\u00e1rio no dia 23 de novembro, e aos mais s\u00e1bios, eu nasci no mesmo dia que nasceu Say Baba e minha r\u00e1miga M\u00f4nica&#8230;..e se voc\u00eas n\u00e3o os conhecem &#8230;&#8230;definitivamente voc\u00eas n\u00e3o tem id\u00e9ia do que est\u00e3o perdendo! rs<\/p>\n<p style=\"text-align: justify;\">Anyway, ent\u00e3o daqui exatamente 03 dias inicia-se o meu ador\u00e1vel \u201cInferno Astral\u201d&#8230;com certeza n\u00e3o \u00e9 a primeira vez que eu falo sobre isso no <a href=\"http:\/\/www.closetonline.com.br\/blogcarla\/?p=895\">blog<\/a>, e nem deve ser a \u00faltima&#8230;..o assunto d\u00e1 pauta para uma vida toda! Rs<\/p>\n<p style=\"text-align: justify;\">Para muitos \u00e9 uma \u00e9poca negativa, de total LEI Murphyana&#8230;.etc&#8230;..mas para mim sempre foi significativo, do tipo; final de um ano, inicio de outro&#8230;..recome\u00e7o, renova\u00e7\u00e3o e alguns cortes human\u00edsticos&#8230;..Explico melhor&#8230;.tem pessoas que nesta \u00e9poca podem reparar, simplesmente elas desaparecem, ou para ser menos sutil, o destino te livra deste mal&#8230;..rs&#8230;..ou pode ser ao contr\u00e1rio&#8230;..podemos conhecer um novo amigo, partner, namorado, pret\u00ea&#8230;ou rever algu\u00e9m que n\u00e3o \u00a0se v\u00ea h\u00e1 mil anosssssssssssssssss&#8230;.enfim as possibilidades s\u00e3o milhares&#8230;.O que pode nos ocasionar certas surpresas e alguns destemperos emocionais&#8230;..rs<\/p>\n<p style=\"text-align: justify;\">Acho que devo confessar; eu adoro Inferno Astral&#8230;..e sei l\u00e1 exatamente o porque?! Sempre acho que algo extraordin\u00e1rio pro BEM, vai acontecer&#8230;&#8230;talvez esta sensa\u00e7\u00e3o seja acarretada pela minha alma sagitariana, que na maior parte do tempo \u00e9\u00a0muito otimista&#8230;.Otimista sempre\u00a0comigo mesma, com voc\u00eas que est\u00e3o me lendo e com as pessoas em geral\u00a0que passam pelo meu caminho&#8230;.Algumas ficam, outras se v\u00e3o&#8230;milhares se v\u00e3o, mas sempre voltam como ondas do mar&#8230;.Porque o mundo gente sempre gira e\u00a0mesmo nos atropelos, ele\u00a0consegue dar\u00a0uma volta inteirinha&#8230;. e aonde conseguimos\u00a0 deixar nossas\u00a0refer\u00eancias&#8230;voc\u00eas podem crer, sempre voltaremos a estes pontos chaves da nossa bela exist\u00eancia!<\/p>\n<p style=\"text-align: justify;\">AX\u00c9 e que venha o inferno astral e os 38 com delicadeza&#8230;..Beijo Gente!<\/p>\n<p style=\"text-align: center;\"><a href=\"http:\/\/www.closetonline.com.br\/blogcarla\/wp-content\/uploads\/2011\/10\/inferno.jpg\"><img loading=\"lazy\" decoding=\"async\" class=\"alignnone size-medium wp-image-2640\" title=\"_inferno\" src=\"http:\/\/www.closetonline.com.br\/blogcarla\/wp-content\/uploads\/2011\/10\/inferno-300x200.jpg\" alt=\"\" width=\"300\" height=\"200\" srcset=\"http:\/\/www.girosgourmet.com.br\/wp-content\/uploads\/2011\/10\/inferno-300x200.jpg 300w, http:\/\/www.girosgourmet.com.br\/wp-content\/uploads\/2011\/10\/inferno-150x100.jpg 150w, http:\/\/www.girosgourmet.com.br\/wp-content\/uploads\/2011\/10\/inferno.jpg 500w\" sizes=\"auto, (max-width: 300px) 100vw, 300px\" \/><\/a><\/p>\n<iframe src=\"http:\/\/www.facebook.com\/plugins\/like.php?href=http:\/\/www.girosgourmet.com.br\/index.php\/meu-doce-inferno-astral-2\/&amp;layout=standard&amp;show_faces=1&amp;width=450&amp;action=like&amp;colorscheme=light&amp;font=\" scrolling=\"no\" frameborder=\"0\" style=\"border:none; overflow:hidden; width:450px; height:60px\"><\/iframe>","protected":false},"excerpt":{"rendered":"<p>Pra quem n\u00e3o sabe eu fa\u00e7o anivers\u00e1rio no dia 23 de novembro, e aos mais s\u00e1bios, eu nasci no mesmo dia que nasceu Say Baba e minha r\u00e1miga M\u00f4nica&#8230;..e se voc\u00eas n\u00e3o os conhecem &#8230;&#8230;definitivamente voc\u00eas n\u00e3o tem id\u00e9ia do que est\u00e3o perdendo! rs Anyway, ent\u00e3o daqui exatamente 03 dias [&hellip;]<\/p>\n","protected":false},"author":3,"featured_media":0,"comment_status":"open","ping_status":"open","sticky":false,"template":"","format":"standard","meta":{"footnotes":""},"categories":[39],"tags":[150,498,499],"class_list":["post-2638","post","type-post","status-publish","format-standard","hentry","category-gastronomia","tag-aniversario","tag-inferno-astral","tag-say-baba"],"_links":{"self":[{"href":"http:\/\/www.girosgourmet.com.br\/index.php\/wp-json\/wp\/v2\/posts\/2638","targetHints":{"allow":["GET"]}}],"collection":[{"href":"http:\/\/www.girosgourmet.com.br\/index.php\/wp-json\/wp\/v2\/posts"}],"about":[{"href":"http:\/\/www.girosgourmet.com.br\/index.php\/wp-json\/wp\/v2\/types\/post"}],"author":[{"embeddable":true,"href":"http:\/\/www.girosgourmet.com.br\/index.php\/wp-json\/wp\/v2\/users\/3"}],"replies":[{"embeddable":true,"href":"http:\/\/www.girosgourmet.com.br\/index.php\/wp-json\/wp\/v2\/comments?post=2638"}],"version-history":[{"count":6,"href":"http:\/\/www.girosgourmet.com.br\/index.php\/wp-json\/wp\/v2\/posts\/2638\/revisions"}],"predecessor-version":[{"id":2649,"href":"http:\/\/www.girosgourmet.com.br\/index.php\/wp-json\/wp\/v2\/posts\/2638\/revisions\/2649"}],"wp:attachment":[{"href":"http:\/\/www.girosgourmet.com.br\/index.php\/wp-json\/wp\/v2\/media?parent=2638"}],"wp:term":[{"taxonomy":"category","embeddable":true,"href":"http:\/\/www.girosgourmet.com.br\/index.php\/wp-json\/wp\/v2\/categories?post=2638"},{"taxonomy":"post_tag","embeddable":true,"href":"http:\/\/www.girosgourmet.com.br\/index.php\/wp-json\/wp\/v2\/tags?post=2638"}],"curies":[{"name":"wp","href":"https:\/\/api.w.org\/{rel}","templated":true}]}}