{"id":2564,"date":"2009-04-12T01:56:41","date_gmt":"2009-04-12T04:56:41","guid":{"rendered":"http:\/\/www.closetonline.com.br\/blogcarla\/?p=2564"},"modified":"2011-10-11T01:59:19","modified_gmt":"2011-10-11T04:59:19","slug":"pascoa-fashion","status":"publish","type":"post","link":"http:\/\/www.girosgourmet.com.br\/index.php\/pascoa-fashion\/","title":{"rendered":"P\u00e1scoa Fashion"},"content":{"rendered":"<div><span style=\"font-family: Calibri;\"><\/p>\n<p style=\"text-align: justify;\">Ovo de P\u00e1scoa feito com Wasabi? Azeite de Oliva? Cole\u00e7\u00f5es de Ovos de P\u00e1scoa do estilista Giorgio Armani? Gente o que \u00e9 isso??? Esta semana fiquei chocada com a quantidade de mat\u00e9rias sobre P\u00e1scoa Fashion&#8230;li e escrevi para o portal&#8230;risos. A \u00faltima que li vem dos fabricantes de chocolates ingleses Thorntons, uma linha de ovos de chocolate decorados com rostos de celebridades&#8230;.WHY????&#8230;gente ser\u00e1 que to ficando velha (por favor nada de resposta sincera?!), ou o mundo est\u00e1 ficando sofisticado demais&#8230;.<\/p>\n<p style=\"text-align: justify;\">Antigamente a gente ganhava ovinhos de P\u00e1scoa caseiro, ou no m\u00e1ximo da Nestl\u00e9 e todo mundo ficava contente, agora eu s\u00f3 consigo pensar nos ovos Armani e do famoso doceiro catal\u00e3o Oriol Balaguer&#8230;risos e confesso que se fosse agraciada por um dos ovos vanguardistas desta dupla citada acima, acho que n\u00e3o comeria, s\u00e9rio!! S\u00e3o t\u00e3o maravilhosos, que eu ficaria apenas apreciando os ovos estilizados e ficaria pensando? \u201cPara que com\u00ea-los??\u201d&#8230;hahaha&#8230;Hoje em dia meus amigos nada mais nesta vida \u00e9 previs\u00edvel e porque as embalagens dos ovos deveriam ser? O jeito \u00e9 ir se acostumando com a evolu\u00e7\u00e3o das coisas, mas sempre tentando ao menos n\u00e3o se esquecer do significado delas, por isso desejo \u00e1 todo mundo Feliz P\u00e1scoa, com muitos ovos, porque afinal de contas chocolate \u00e9 a base de todas as cria\u00e7\u00f5es e ainda tem muito que ser inventado neste universo e, al\u00e9m disso, esta \u00e9 a \u00fanica oportunidade de comermos muito e sem culpa, e semana que vem a gente \u201cse mata\u201d na academia&#8230;hahaha ..P\u00e1scoa tamb\u00e9m significa renova\u00e7\u00e3o, enfim n\u00e3o importa quais os costumes e cren\u00e7as&#8230;coma chocolate e sinta a P\u00e1scoa!!! Beij\u00e3o<\/p>\n<p style=\"text-align: center;\"><a href=\"http:\/\/www.closetonline.com.br\/blogcarla\/wp-content\/uploads\/2011\/10\/a24.bmp\"><img decoding=\"async\" class=\"alignnone size-full wp-image-2565\" title=\"_a24\" src=\"http:\/\/www.closetonline.com.br\/blogcarla\/wp-content\/uploads\/2011\/10\/a24.bmp\" alt=\"\" \/><\/a><\/p>\n<p><\/span><\/div>\n<iframe src=\"http:\/\/www.facebook.com\/plugins\/like.php?href=http:\/\/www.girosgourmet.com.br\/index.php\/pascoa-fashion\/&amp;layout=standard&amp;show_faces=1&amp;width=450&amp;action=like&amp;colorscheme=light&amp;font=\" scrolling=\"no\" frameborder=\"0\" style=\"border:none; overflow:hidden; width:450px; height:60px\"><\/iframe>","protected":false},"excerpt":{"rendered":"<p>Ovo de P\u00e1scoa feito com Wasabi? Azeite de Oliva? Cole\u00e7\u00f5es de Ovos de P\u00e1scoa do estilista Giorgio Armani? Gente o que \u00e9 isso??? Esta semana fiquei chocada com a quantidade de mat\u00e9rias sobre P\u00e1scoa Fashion&#8230;li e escrevi para o portal&#8230;risos. A \u00faltima que li vem dos fabricantes de chocolates ingleses [&hellip;]<\/p>\n","protected":false},"author":3,"featured_media":0,"comment_status":"open","ping_status":"open","sticky":false,"template":"","format":"standard","meta":{"footnotes":""},"categories":[39],"tags":[415,413,216,454],"class_list":["post-2564","post","type-post","status-publish","format-standard","hentry","category-gastronomia","tag-oriol-balaguer","tag-ovos-de-pascoa","tag-pascoa","tag-wasabi"],"_links":{"self":[{"href":"http:\/\/www.girosgourmet.com.br\/index.php\/wp-json\/wp\/v2\/posts\/2564","targetHints":{"allow":["GET"]}}],"collection":[{"href":"http:\/\/www.girosgourmet.com.br\/index.php\/wp-json\/wp\/v2\/posts"}],"about":[{"href":"http:\/\/www.girosgourmet.com.br\/index.php\/wp-json\/wp\/v2\/types\/post"}],"author":[{"embeddable":true,"href":"http:\/\/www.girosgourmet.com.br\/index.php\/wp-json\/wp\/v2\/users\/3"}],"replies":[{"embeddable":true,"href":"http:\/\/www.girosgourmet.com.br\/index.php\/wp-json\/wp\/v2\/comments?post=2564"}],"version-history":[{"count":1,"href":"http:\/\/www.girosgourmet.com.br\/index.php\/wp-json\/wp\/v2\/posts\/2564\/revisions"}],"predecessor-version":[{"id":2566,"href":"http:\/\/www.girosgourmet.com.br\/index.php\/wp-json\/wp\/v2\/posts\/2564\/revisions\/2566"}],"wp:attachment":[{"href":"http:\/\/www.girosgourmet.com.br\/index.php\/wp-json\/wp\/v2\/media?parent=2564"}],"wp:term":[{"taxonomy":"category","embeddable":true,"href":"http:\/\/www.girosgourmet.com.br\/index.php\/wp-json\/wp\/v2\/categories?post=2564"},{"taxonomy":"post_tag","embeddable":true,"href":"http:\/\/www.girosgourmet.com.br\/index.php\/wp-json\/wp\/v2\/tags?post=2564"}],"curies":[{"name":"wp","href":"https:\/\/api.w.org\/{rel}","templated":true}]}}