{"id":246,"date":"2010-01-15T17:28:10","date_gmt":"2010-01-15T20:28:10","guid":{"rendered":"http:\/\/www.closetonline.com.br\/blogcarla\/?p=246"},"modified":"2011-10-14T01:40:25","modified_gmt":"2011-10-14T04:40:25","slug":"my-life-in-fashion-rio","status":"publish","type":"post","link":"http:\/\/www.girosgourmet.com.br\/index.php\/my-life-in-fashion-rio\/","title":{"rendered":"My Life in Fashion Rio"},"content":{"rendered":"<div style=\"text-align: justify;\"><span style=\"font-family: Arial;\"><span style=\"font-family: Verdana;\">Gente estamos terminando o segundo dia de Fashion Rio e \u00e9 aquela coisa&#8230;&#8230;.se houve aqui um pouco de tudo; o coment\u00e1rio na maioria das vezes \u00e9 super desnecess\u00e1rio..mas a cada uma hora se houve\/l\u00ea p\u00e9rolas que s\u00e3o o blaster master de tudo&#8230;a de hoje foi esta &#8220;Calorias s\u00e3o pequenos vermes, inescrupulosos, que vivem nos guarda-roupas e que, durante a noite, ficam costurando e apertando as roupas das pessoas&#8221;&#8230;&#8230;. as pessoas tem que entender que por aqui s\u00f3 se fala nisso&#8230;.moda, dieta, cabelo, maquiagem, botox e afins&#8230;n\u00e3o tem jeito&#8230;papos filos\u00f3ficos e salvar o planeta nem aparecem &#8230;.isso por aqui n\u00e3o existe&#8230;..nem com prosseco, bebida oficial dos fashionistas de plant\u00e3o&#8230;<\/span><\/span><\/div>\n<div style=\"text-align: justify;\"><span style=\"font-family: Arial;\"><span style=\"font-family: Verdana;\">\u00a0<\/span><\/span><\/div>\n<div style=\"text-align: justify;\"><span style=\"font-family: Arial;\"><span style=\"font-family: Verdana;\">Sem contar o calor que se faz no Rio de Janeiro&#8230;..33 graus as 9 hs da manh\u00e3&#8230;&#8230;ao meio dia nem queiram saber&#8230;d\u00e1 vontade de arrancar a pele&#8230;.e assim&#8230;.ventinho aqui n\u00e3o rola, nem no P\u00eder onde rola o evento&#8230;..nossa casa oficial por uma semana&#8230;.se eu emagrecer a cada balde de suor que se escorre pela minhas pernas&#8230;huhuhuhuhuhu&#8230;.volto um palitinho para SP&#8230;ali\u00e1s que saudades de casa&#8230;..que saudades da boa cama, do sotaque paulistano&#8230;..definitivamente n\u00e3o me encontro no RJ, embora ache a cidade bonita e agrad\u00e1vel fora do Ver\u00e3o&#8230;..e uma novidade&#8230;volto em breve com marquinhas de biquini&#8230;pq meus caros, por aqui \u00e9 f\u00e1cil obter este tipo de coisa..basta caminhar por quinze minutos na orla&#8230;.e nada mais!!!<\/span><\/span><\/div>\n<div style=\"text-align: justify;\"><span style=\"font-family: Arial;\"><span style=\"font-family: Verdana;\">\u00a0<\/span><\/span><\/div>\n<div style=\"text-align: justify;\"><span style=\"font-family: Arial;\"><span style=\"font-family: Verdana;\">\u00a0<\/span><span style=\"font-family: Verdana;\">Bem desfile&#8230;pouca coisa empolga at\u00e9 o momento presente&#8230;para mim como sempre Walter Rodrigues com seus desfiles monocrom\u00e1ticos , \u00e9 o melhor! Mas sou suspeita porque sempre o achei o m\u00e1ximo!!! A grife carioca Cant\u00e3o tamb\u00e9m apareceu com uma mistura de tecidos, texturas e sobreposi\u00e7\u00f5es coloridas que me agradaram bastante&#8230;e a cartela de cores da grife Printing simplesmente foi o m\u00e1ximo!!! Mas ta longe de empolgar o que se v\u00ea no SPFW&#8230;&#8230;e a frequencia das pessoas nesta Semana de Moda&#8230;..well vou resumir&#8230;..hahahahaha&#8230;&#8230;breguinhas&#8230;.sei l\u00e1&#8230;..fico me perguntando se vale \u00e0 pena usar salto alto de mais ou menos 15cm para ficar cool, em um sol de 40\u00b0&#8230;..definitivamente N\u00c2O&#8230;.isso \u00e9 mais do que sacr\u00edficio&#8230;.chega a ser sadomasoquismo&#8230;.hahahahaha&#8230;.sorte a minha que tenho altura suficiente e pelo resto da vida de sobra, o que me d\u00e1 direito moral de andar com minhas havaianas por a\u00ed&#8230;&#8230;.<\/span><\/span><\/div>\n<div style=\"text-align: justify;\"><span style=\"font-family: Arial;\"><span style=\"font-family: Verdana;\">\u00a0<\/span><\/span><\/div>\n<div style=\"text-align: justify;\"><span style=\"font-family: Arial;\"><span style=\"font-family: Verdana;\">\u00a0<\/span><span style=\"font-family: Verdana;\">Well, well&#8230;.s\u00e3o meia noite e eu ainda na sala de imprensa, sem saber que horas saio daqui&#8230;.e o calor simplesmente continua o mesmo!!! Mas vamo que vamo&#8230;o que n\u00e3o tem r\u00e9medio, remediado est\u00e1&#8230;.<\/span><\/span><\/p>\n<div><a href=\"http:\/\/www.closetonline.com.br\/blogcarla\/wp-content\/uploads\/2010\/05\/13.jpg\"><\/a><\/div>\n<p style=\"text-align: center;\"><img loading=\"lazy\" decoding=\"async\" class=\"aligncenter size-full wp-image-247\" title=\"_13\" src=\"http:\/\/www.closetonline.com.br\/blogcarla\/wp-content\/uploads\/2010\/05\/13.jpg\" alt=\"\" width=\"480\" height=\"360\" srcset=\"http:\/\/www.girosgourmet.com.br\/wp-content\/uploads\/2010\/05\/13.jpg 800w, http:\/\/www.girosgourmet.com.br\/wp-content\/uploads\/2010\/05\/13-300x225.jpg 300w\" sizes=\"auto, (max-width: 480px) 100vw, 480px\" \/><\/p>\n<\/div>\n<div><span style=\"font-family: Verdana;\">\u00a0<\/span><\/div>\n<div><span style=\"font-family: Verdana;\">Aguardem mais belos e singelos coment\u00e1rios&#8230;.Beijos e Final de semana super leve!!!!!!!!!<\/span><\/div>\n<div><span style=\"font-family: Verdana;\">\u00a0<\/span><\/div>\n<div><span style=\"font-family: Verdana;\">PS_ Fotinho do nosso QG na sala de imprensa&#8230;.ainda atraentes&#8230;.rs<\/span><\/div>\n<div><span style=\"font-family: Verdana;\">Carla<\/span><\/div>\n<iframe src=\"http:\/\/www.facebook.com\/plugins\/like.php?href=http:\/\/www.girosgourmet.com.br\/index.php\/my-life-in-fashion-rio\/&amp;layout=standard&amp;show_faces=1&amp;width=450&amp;action=like&amp;colorscheme=light&amp;font=\" scrolling=\"no\" frameborder=\"0\" style=\"border:none; overflow:hidden; width:450px; height:60px\"><\/iframe>","protected":false},"excerpt":{"rendered":"<p>Gente estamos terminando o segundo dia de Fashion Rio e \u00e9 aquela coisa&#8230;&#8230;.se houve aqui um pouco de tudo; o coment\u00e1rio na maioria das vezes \u00e9 super desnecess\u00e1rio..mas a cada uma hora se houve\/l\u00ea p\u00e9rolas que s\u00e3o o blaster master de tudo&#8230;a de hoje foi esta &#8220;Calorias s\u00e3o pequenos vermes, [&hellip;]<\/p>\n","protected":false},"author":3,"featured_media":0,"comment_status":"open","ping_status":"open","sticky":false,"template":"","format":"standard","meta":{"footnotes":""},"categories":[39],"tags":[471,117,470],"class_list":["post-246","post","type-post","status-publish","format-standard","hentry","category-gastronomia","tag-cantao","tag-fashion-rio","tag-walter-rodrigues"],"_links":{"self":[{"href":"http:\/\/www.girosgourmet.com.br\/index.php\/wp-json\/wp\/v2\/posts\/246","targetHints":{"allow":["GET"]}}],"collection":[{"href":"http:\/\/www.girosgourmet.com.br\/index.php\/wp-json\/wp\/v2\/posts"}],"about":[{"href":"http:\/\/www.girosgourmet.com.br\/index.php\/wp-json\/wp\/v2\/types\/post"}],"author":[{"embeddable":true,"href":"http:\/\/www.girosgourmet.com.br\/index.php\/wp-json\/wp\/v2\/users\/3"}],"replies":[{"embeddable":true,"href":"http:\/\/www.girosgourmet.com.br\/index.php\/wp-json\/wp\/v2\/comments?post=246"}],"version-history":[{"count":5,"href":"http:\/\/www.girosgourmet.com.br\/index.php\/wp-json\/wp\/v2\/posts\/246\/revisions"}],"predecessor-version":[{"id":249,"href":"http:\/\/www.girosgourmet.com.br\/index.php\/wp-json\/wp\/v2\/posts\/246\/revisions\/249"}],"wp:attachment":[{"href":"http:\/\/www.girosgourmet.com.br\/index.php\/wp-json\/wp\/v2\/media?parent=246"}],"wp:term":[{"taxonomy":"category","embeddable":true,"href":"http:\/\/www.girosgourmet.com.br\/index.php\/wp-json\/wp\/v2\/categories?post=246"},{"taxonomy":"post_tag","embeddable":true,"href":"http:\/\/www.girosgourmet.com.br\/index.php\/wp-json\/wp\/v2\/tags?post=246"}],"curies":[{"name":"wp","href":"https:\/\/api.w.org\/{rel}","templated":true}]}}