{"id":2454,"date":"2011-10-03T00:01:01","date_gmt":"2011-10-03T03:01:01","guid":{"rendered":"http:\/\/www.closetonline.com.br\/blogcarla\/?p=2454"},"modified":"2011-10-03T00:30:11","modified_gmt":"2011-10-03T03:30:11","slug":"dica-cultural","status":"publish","type":"post","link":"http:\/\/www.girosgourmet.com.br\/index.php\/dica-cultural\/","title":{"rendered":"Dica Cultural: Exposi\u00e7\u00e3o &#8220;Em nome dos artistas&#8221;"},"content":{"rendered":"<p style=\"text-align: justify;\">T\u00e1 rolando uma exposi\u00e7\u00e3o imperd\u00edvel, na Bienal de S\u00e3o Paulo, destinada aos amantes da arte contempor\u00e2nea. A mostra Em nome dos artistas- Arte norte-americana contempor\u00e2nea na Cole\u00e7\u00e3o Astrup Feamley&#8230;\u00e9 imperd\u00edvel, porque simplesmente voc\u00ea ter\u00e1 oportunidade de visualizar ao vivo e a cores obras de artistas c\u00e9lebres como Jeff Koons, Cindy Sherman, Richard Prince, entre outros.<\/p>\n<div id=\"attachment_2455\" style=\"width: 241px\" class=\"wp-caption aligncenter\"><a href=\"http:\/\/www.closetonline.com.br\/blogcarla\/wp-content\/uploads\/2011\/10\/TIti.jpg\"><img loading=\"lazy\" decoding=\"async\" aria-describedby=\"caption-attachment-2455\" class=\"size-medium wp-image-2455\" title=\"_TIti\" src=\"http:\/\/www.closetonline.com.br\/blogcarla\/wp-content\/uploads\/2011\/10\/TIti-231x300.jpg\" alt=\"\" width=\"231\" height=\"300\" srcset=\"http:\/\/www.girosgourmet.com.br\/wp-content\/uploads\/2011\/10\/TIti-231x300.jpg 231w, http:\/\/www.girosgourmet.com.br\/wp-content\/uploads\/2011\/10\/TIti-115x150.jpg 115w, http:\/\/www.girosgourmet.com.br\/wp-content\/uploads\/2011\/10\/TIti.jpg 500w\" sizes=\"auto, (max-width: 231px) 100vw, 231px\" \/><\/a><p id=\"caption-attachment-2455\" class=\"wp-caption-text\">Titi, 2009, obra que estar\u00e1 exposta entre setembro e dezembro no Pavilh\u00e3o da Bienal<\/p><\/div>\n<p style=\"text-align: justify;\">Al\u00e9m disso, o visitante poder\u00e1 tamb\u00e9m apreciar obras de artistas contempor\u00e2neos emergentes, que mostram a diversidade de uma cena art\u00edstica especifica, que ainda est\u00e1 por vir. E por fim obras impressionantes do artista pl\u00e1stico brit\u00e2nico Damien Hirst, cujos la\u00e7os conceituais ligados a artistas americanos mais velhos, e sua influencia sobre uma gera\u00e7\u00e3o mais jovem, fazem desta uma exposi\u00e7\u00e3o complementar fascinante dentro da Bienal&#8230;..<\/p>\n<div id=\"attachment_2456\" style=\"width: 310px\" class=\"wp-caption aligncenter\"><a href=\"http:\/\/www.closetonline.com.br\/blogcarla\/wp-content\/uploads\/2011\/10\/The-Fate.jpg\"><img loading=\"lazy\" decoding=\"async\" aria-describedby=\"caption-attachment-2456\" class=\"size-medium wp-image-2456\" title=\"_The Fate\" src=\"http:\/\/www.closetonline.com.br\/blogcarla\/wp-content\/uploads\/2011\/10\/The-Fate-300x300.jpg\" alt=\"\" width=\"300\" height=\"300\" srcset=\"http:\/\/www.girosgourmet.com.br\/wp-content\/uploads\/2011\/10\/The-Fate-300x300.jpg 300w, http:\/\/www.girosgourmet.com.br\/wp-content\/uploads\/2011\/10\/The-Fate-150x150.jpg 150w, http:\/\/www.girosgourmet.com.br\/wp-content\/uploads\/2011\/10\/The-Fate.jpg 500w\" sizes=\"auto, (max-width: 300px) 100vw, 300px\" \/><\/a><p id=\"caption-attachment-2456\" class=\"wp-caption-text\">The Fate of Man, 2005, obra que estar\u00e1 exposta entre setembro e dezembro no Pavilh\u00e3o da Bienal<\/p><\/div>\n<p style=\"text-align: justify;\">Com curadoria de Gunnar Kvaran, diretor da institui\u00e7\u00e3o norueguesa, a exposi\u00e7\u00e3o representa um momento importante na hist\u00f3ria da Bienal. Ap\u00f3s a retomada de seu prest\u00edgio no Brasil e no exterior \u2013 com a realiza\u00e7\u00e3o, em 2010, da 29\u00aa Bienal de S\u00e3o Paulo \u2013 a Bienal passa a promover grandes mostras nos anos em que n\u00e3o realiza o seu principal evento<\/p>\n<p style=\"text-align: justify;\">Voc\u00ea definitivamente n\u00e3o pode ficar fora desta&#8230;..uma chance \u00fanica de se maravilhar com manifesta\u00e7\u00f5es art\u00edsticas nunca antes vista por n\u00f3s pobres brasileiros&#8230;&#8230;Nos encontraremos por l\u00e1!<\/p>\n<p style=\"text-align: justify;\">Mais informa\u00e7\u00f5es no <strong><a href=\"http:\/\/emnomedosartistas.org.br\">site do evento<\/a><\/strong><\/p>\n<p style=\"text-align: justify;\">\u00a0<\/p>\n<p style=\"text-align: justify;\"><strong>Servi\u00e7o<\/strong><\/p>\n<p style=\"text-align: justify;\">Parque do Ibirapuera \u00b7 Port\u00e3\u200bo 3<br \/>\nPavilh\u00e3o Ciccillo Matarazzo \u2219 Pavilh\u00e3o da Bienal<br \/>\n04094-000<br \/>\nS\u00e3o Paulo \u00b7 SP \u00b7 Brasil<br \/>\n<strong><\/strong><\/p>\n<p style=\"text-align: justify;\"><strong>Hor\u00e1rios de visita\u00e7\u00e3o<br \/>\n<\/strong>Ter\u00e7a a domingo: 9 \u00e0s 19h \u2219 entrada at\u00e9 18h<br \/>\nQuinta: das 9 \u00e0s 22h \u2219 entrada at\u00e9 21h<br \/>\nFechado \u00e0s segundas<br \/>\n<strong><\/strong><\/p>\n<p style=\"text-align: justify;\"><strong>Ingressos<\/strong><br \/>\nEntrada: R$ 20<br \/>\nMeia-entrada R$ 10 para estudantes, professores e aposentados (identifica\u00e7\u00e3o exigida).<br \/>\nEntrada gratuita para maiores de 60 anos, pessoas com defici\u00eancia, grupos agendados e crian\u00e7as de at\u00e9 12 anos todos os dias.<br \/>\n<strong><\/strong><\/p>\n<p style=\"text-align: justify;\"><strong>Gr\u00e1tis aos domingos<\/strong><\/p>\n<iframe src=\"http:\/\/www.facebook.com\/plugins\/like.php?href=http:\/\/www.girosgourmet.com.br\/index.php\/dica-cultural\/&amp;layout=standard&amp;show_faces=1&amp;width=450&amp;action=like&amp;colorscheme=light&amp;font=\" scrolling=\"no\" frameborder=\"0\" style=\"border:none; overflow:hidden; width:450px; height:60px\"><\/iframe>","protected":false},"excerpt":{"rendered":"<p>T\u00e1 rolando uma exposi\u00e7\u00e3o imperd\u00edvel, na Bienal de S\u00e3o Paulo, destinada aos amantes da arte contempor\u00e2nea. A mostra Em nome dos artistas- Arte norte-americana contempor\u00e2nea na Cole\u00e7\u00e3o Astrup Feamley&#8230;\u00e9 imperd\u00edvel, porque simplesmente voc\u00ea ter\u00e1 oportunidade de visualizar ao vivo e a cores obras de artistas c\u00e9lebres como Jeff Koons, Cindy [&hellip;]<\/p>\n","protected":false},"author":3,"featured_media":0,"comment_status":"open","ping_status":"open","sticky":false,"template":"","format":"standard","meta":{"footnotes":""},"categories":[40],"tags":[374,371,372,376,26,375,373],"class_list":["post-2454","post","type-post","status-publish","format-standard","hentry","category-culturamodabelezabem-estar","tag-arte-norte-americana-contemporanea","tag-bienal-de-sao-paulo","tag-colecao-astrup-feamley","tag-damien-hirst","tag-exposicao","tag-gunnar-kvaran","tag-jeff-koons"],"_links":{"self":[{"href":"http:\/\/www.girosgourmet.com.br\/index.php\/wp-json\/wp\/v2\/posts\/2454","targetHints":{"allow":["GET"]}}],"collection":[{"href":"http:\/\/www.girosgourmet.com.br\/index.php\/wp-json\/wp\/v2\/posts"}],"about":[{"href":"http:\/\/www.girosgourmet.com.br\/index.php\/wp-json\/wp\/v2\/types\/post"}],"author":[{"embeddable":true,"href":"http:\/\/www.girosgourmet.com.br\/index.php\/wp-json\/wp\/v2\/users\/3"}],"replies":[{"embeddable":true,"href":"http:\/\/www.girosgourmet.com.br\/index.php\/wp-json\/wp\/v2\/comments?post=2454"}],"version-history":[{"count":2,"href":"http:\/\/www.girosgourmet.com.br\/index.php\/wp-json\/wp\/v2\/posts\/2454\/revisions"}],"predecessor-version":[{"id":2458,"href":"http:\/\/www.girosgourmet.com.br\/index.php\/wp-json\/wp\/v2\/posts\/2454\/revisions\/2458"}],"wp:attachment":[{"href":"http:\/\/www.girosgourmet.com.br\/index.php\/wp-json\/wp\/v2\/media?parent=2454"}],"wp:term":[{"taxonomy":"category","embeddable":true,"href":"http:\/\/www.girosgourmet.com.br\/index.php\/wp-json\/wp\/v2\/categories?post=2454"},{"taxonomy":"post_tag","embeddable":true,"href":"http:\/\/www.girosgourmet.com.br\/index.php\/wp-json\/wp\/v2\/tags?post=2454"}],"curies":[{"name":"wp","href":"https:\/\/api.w.org\/{rel}","templated":true}]}}