{"id":2268,"date":"2011-07-20T13:44:31","date_gmt":"2011-07-20T16:44:31","guid":{"rendered":"http:\/\/www.closetonline.com.br\/blogcarla\/?p=2268"},"modified":"2011-10-07T23:19:01","modified_gmt":"2011-10-08T02:19:01","slug":"feliz-dia-do-amigo","status":"publish","type":"post","link":"http:\/\/www.girosgourmet.com.br\/index.php\/feliz-dia-do-amigo\/","title":{"rendered":"Feliz dia do AMIGO&#8230;"},"content":{"rendered":"<p style=\"text-align: justify;\">Hoje \u00e9 dia do amigo! Adoroooooooooooo\u2026.e amo os meus, porque estes \u201cirm\u00e3os de alma\u201d sabem intervir para que eu evite caminhos de duvidosa reputa\u00e7\u00e3o. Verdadeiros amigos enxergam, e importam-se com seu futuro e consideram o uso de todas as armas para proteger voc\u00ea\u2026..Como dizia Mario Quintana \u201cA amizade \u00e9 um amor que nunca morre\u201d.<\/p>\n<p style=\"text-align: justify;\">E pela minha experi\u00eancia, meus melhores amigos chegaram e entraram na minha vida imediatamente\u2026.logo eu, uma das pessoas mais dificeis da fase da terra\u2026..rs\u2026.com eles eu desenvolvi v\u00e1rios tipos de felicidade, dividi dores\u2026.porque a verdadeira amizade \u00e9 assim; nos permite falar!<\/p>\n<p style=\"text-align: justify;\">Dos amores humanos, o menos egoista, o mais puro e desinteressado \u00e9 o amor da amizade\u2026portanto meus amigos, hoje eu dedico este post a cada um de voc\u00eas! E dizer que eu tenho muita sorte\u2026..Deus colocou em meu caminho pessoas incriveis!! Pessoas que sabem o valor de se estender a m\u00e3o, e de se segurar a m\u00e3o estendida; o valor do abra\u00e7o apertado e sem fim\u2026.<\/p>\n<p style=\"text-align: justify;\">Um beijo para todos os meus amigos, que perto ou longe fisica ou espiritualmente est\u00e3o sempre comigo! Hoje \u00e9 nosso dia\u2026..Comemoremos! Beijos recheados de carinho!<\/p>\n<p style=\"text-align: center;\"><a href=\"http:\/\/www.closetonline.com.br\/blogcarla\/wp-content\/uploads\/2011\/07\/amizade123.jpg\"><img loading=\"lazy\" decoding=\"async\" class=\"alignnone size-medium wp-image-2269\" title=\"_amizade123\" src=\"http:\/\/www.closetonline.com.br\/blogcarla\/wp-content\/uploads\/2011\/07\/amizade123-300x229.jpg\" alt=\"\" width=\"300\" height=\"229\" srcset=\"http:\/\/www.girosgourmet.com.br\/wp-content\/uploads\/2011\/07\/amizade123-300x229.jpg 300w, http:\/\/www.girosgourmet.com.br\/wp-content\/uploads\/2011\/07\/amizade123-1024x783.jpg 1024w, http:\/\/www.girosgourmet.com.br\/wp-content\/uploads\/2011\/07\/amizade123-150x114.jpg 150w, http:\/\/www.girosgourmet.com.br\/wp-content\/uploads\/2011\/07\/amizade123.jpg 1051w\" sizes=\"auto, (max-width: 300px) 100vw, 300px\" \/><\/a><\/p>\n<iframe src=\"http:\/\/www.facebook.com\/plugins\/like.php?href=http:\/\/www.girosgourmet.com.br\/index.php\/feliz-dia-do-amigo\/&amp;layout=standard&amp;show_faces=1&amp;width=450&amp;action=like&amp;colorscheme=light&amp;font=\" scrolling=\"no\" frameborder=\"0\" style=\"border:none; overflow:hidden; width:450px; height:60px\"><\/iframe>","protected":false},"excerpt":{"rendered":"<p>Hoje \u00e9 dia do amigo! Adoroooooooooooo\u2026.e amo os meus, porque estes \u201cirm\u00e3os de alma\u201d sabem intervir para que eu evite caminhos de duvidosa reputa\u00e7\u00e3o. Verdadeiros amigos enxergam, e importam-se com seu futuro e consideram o uso de todas as armas para proteger voc\u00ea\u2026..Como dizia Mario Quintana \u201cA amizade \u00e9 um [&hellip;]<\/p>\n","protected":false},"author":3,"featured_media":0,"comment_status":"open","ping_status":"open","sticky":false,"template":"","format":"standard","meta":{"footnotes":""},"categories":[39],"tags":[310,309,275],"class_list":["post-2268","post","type-post","status-publish","format-standard","hentry","category-gastronomia","tag-amigo","tag-amizade","tag-amor"],"_links":{"self":[{"href":"http:\/\/www.girosgourmet.com.br\/index.php\/wp-json\/wp\/v2\/posts\/2268","targetHints":{"allow":["GET"]}}],"collection":[{"href":"http:\/\/www.girosgourmet.com.br\/index.php\/wp-json\/wp\/v2\/posts"}],"about":[{"href":"http:\/\/www.girosgourmet.com.br\/index.php\/wp-json\/wp\/v2\/types\/post"}],"author":[{"embeddable":true,"href":"http:\/\/www.girosgourmet.com.br\/index.php\/wp-json\/wp\/v2\/users\/3"}],"replies":[{"embeddable":true,"href":"http:\/\/www.girosgourmet.com.br\/index.php\/wp-json\/wp\/v2\/comments?post=2268"}],"version-history":[{"count":3,"href":"http:\/\/www.girosgourmet.com.br\/index.php\/wp-json\/wp\/v2\/posts\/2268\/revisions"}],"predecessor-version":[{"id":2480,"href":"http:\/\/www.girosgourmet.com.br\/index.php\/wp-json\/wp\/v2\/posts\/2268\/revisions\/2480"}],"wp:attachment":[{"href":"http:\/\/www.girosgourmet.com.br\/index.php\/wp-json\/wp\/v2\/media?parent=2268"}],"wp:term":[{"taxonomy":"category","embeddable":true,"href":"http:\/\/www.girosgourmet.com.br\/index.php\/wp-json\/wp\/v2\/categories?post=2268"},{"taxonomy":"post_tag","embeddable":true,"href":"http:\/\/www.girosgourmet.com.br\/index.php\/wp-json\/wp\/v2\/tags?post=2268"}],"curies":[{"name":"wp","href":"https:\/\/api.w.org\/{rel}","templated":true}]}}