{"id":2184,"date":"2011-06-27T19:09:53","date_gmt":"2011-06-27T22:09:53","guid":{"rendered":"http:\/\/www.closetonline.com.br\/blogcarla\/?p=2184"},"modified":"2011-06-27T19:10:20","modified_gmt":"2011-06-27T22:10:20","slug":"dica-gastronomica-da-semana-restaurante-argentino-cabana-del-asado","status":"publish","type":"post","link":"http:\/\/www.girosgourmet.com.br\/index.php\/dica-gastronomica-da-semana-restaurante-argentino-cabana-del-asado\/","title":{"rendered":"Dica Gastronomica da Semana: restaurante argentino Caba\u00f1a Del asado"},"content":{"rendered":"<p style=\"text-align: justify;\">Gra\u00e7as a Deus a minha <em>fashion life<\/em> \u00e9 pontuada por dias at\u00edpicos e esta segunda-feira foi um destes momentos, estranhamente delicioso&#8230;.a semana mal come\u00e7ou&#8230;&#8230;e l\u00e1 fui eu com meu amigo, o querid\u00edssimo chef Gui Manoel, vivenciarmos um verdadeiro saf\u00e1ri gastron\u00f4mico em Cotia, mais exatamente na Granja Viana&#8230;.nosso destino? O delicioso restaurante argentino <strong><span style=\"text-decoration: underline;\"><a href=\"http:\/\/www.cabanadelasado.com.br\">Caba\u00f1a Del asado<\/a><\/span><\/strong>.<\/p>\n<p style=\"text-align: justify;\">O lugar sem duvida alguma estimula o paladar dos bons amantes das melhores carnes portenhas&#8230;.A decora\u00e7\u00e3o do lugar \u00e9 r\u00fastica e elegante, a Casa possui dois lindos sal\u00f5es com mesas bem distribu\u00eddas&#8230;..algo bem similar a uma cabana&#8230;.<\/p>\n<p style=\"text-align: center;\"><a href=\"http:\/\/www.closetonline.com.br\/blogcarla\/wp-content\/uploads\/2011\/06\/cabana1.jpg\"><img loading=\"lazy\" decoding=\"async\" class=\"alignnone size-medium wp-image-2185\" title=\"_cabana1\" src=\"http:\/\/www.closetonline.com.br\/blogcarla\/wp-content\/uploads\/2011\/06\/cabana1-300x181.jpg\" alt=\"\" width=\"300\" height=\"181\" srcset=\"http:\/\/www.girosgourmet.com.br\/wp-content\/uploads\/2011\/06\/cabana1-300x181.jpg 300w, http:\/\/www.girosgourmet.com.br\/wp-content\/uploads\/2011\/06\/cabana1-150x90.jpg 150w, http:\/\/www.girosgourmet.com.br\/wp-content\/uploads\/2011\/06\/cabana1.jpg 600w\" sizes=\"auto, (max-width: 300px) 100vw, 300px\" \/><\/a><\/p>\n<p style=\"text-align: justify;\">O que voc\u00ea deve conhecer ao visitar o lugar? De tudo um pouco&#8230;.risos&#8230;..as empanadas s\u00e3o t\u00e3o boas quanto as aut\u00eanticas da Argentina, outra tenta\u00e7\u00e3o s\u00e3o as carnes, l\u00e1 voc\u00ea vai encontrar assado de tira (magn\u00edfico), T Bone, cordeiro e muitas outras&#8230;.e tudo isso embalado com uma boa quantidade de vinhos argentinos e chilenos, criteriosamente escolhidos para uma parceria perfeita com a comida&#8230;..<\/p>\n<p style=\"text-align: center;\"><a href=\"http:\/\/www.closetonline.com.br\/blogcarla\/wp-content\/uploads\/2011\/06\/cabana.jpg\"><img loading=\"lazy\" decoding=\"async\" class=\"alignnone size-medium wp-image-2186\" title=\"_cabana\" src=\"http:\/\/www.closetonline.com.br\/blogcarla\/wp-content\/uploads\/2011\/06\/cabana-300x225.jpg\" alt=\"\" width=\"300\" height=\"225\" srcset=\"http:\/\/www.girosgourmet.com.br\/wp-content\/uploads\/2011\/06\/cabana-300x225.jpg 300w, http:\/\/www.girosgourmet.com.br\/wp-content\/uploads\/2011\/06\/cabana-150x112.jpg 150w, http:\/\/www.girosgourmet.com.br\/wp-content\/uploads\/2011\/06\/cabana.jpg 720w\" sizes=\"auto, (max-width: 300px) 100vw, 300px\" \/><\/a><\/p>\n<p>Vale super a pena conferir, e passear na Granja sempre \u00e9 um prazer a parte!<\/p>\n<p>Rua Jos\u00e9 F\u00e9lix de Oliveira &#8211; 908 &#8211; Granja Viana &#8211; Cotia &#8211; SP<br \/>\nTel: (011) 4777-9111<\/p>\n<iframe src=\"http:\/\/www.facebook.com\/plugins\/like.php?href=http:\/\/www.girosgourmet.com.br\/index.php\/dica-gastronomica-da-semana-restaurante-argentino-cabana-del-asado\/&amp;layout=standard&amp;show_faces=1&amp;width=450&amp;action=like&amp;colorscheme=light&amp;font=\" scrolling=\"no\" frameborder=\"0\" style=\"border:none; overflow:hidden; width:450px; height:60px\"><\/iframe>","protected":false},"excerpt":{"rendered":"<p>Gra\u00e7as a Deus a minha fashion life \u00e9 pontuada por dias at\u00edpicos e esta segunda-feira foi um destes momentos, estranhamente delicioso&#8230;.a semana mal come\u00e7ou&#8230;&#8230;e l\u00e1 fui eu com meu amigo, o querid\u00edssimo chef Gui Manoel, vivenciarmos um verdadeiro saf\u00e1ri gastron\u00f4mico em Cotia, mais exatamente na Granja Viana&#8230;.nosso destino? O delicioso [&hellip;]<\/p>\n","protected":false},"author":3,"featured_media":0,"comment_status":"open","ping_status":"open","sticky":false,"template":"","format":"standard","meta":{"footnotes":""},"categories":[39],"tags":[273,272,271,10],"class_list":["post-2184","post","type-post","status-publish","format-standard","hentry","category-gastronomia","tag-argentina","tag-empanadas","tag-granja-viana","tag-restaurante"],"_links":{"self":[{"href":"http:\/\/www.girosgourmet.com.br\/index.php\/wp-json\/wp\/v2\/posts\/2184","targetHints":{"allow":["GET"]}}],"collection":[{"href":"http:\/\/www.girosgourmet.com.br\/index.php\/wp-json\/wp\/v2\/posts"}],"about":[{"href":"http:\/\/www.girosgourmet.com.br\/index.php\/wp-json\/wp\/v2\/types\/post"}],"author":[{"embeddable":true,"href":"http:\/\/www.girosgourmet.com.br\/index.php\/wp-json\/wp\/v2\/users\/3"}],"replies":[{"embeddable":true,"href":"http:\/\/www.girosgourmet.com.br\/index.php\/wp-json\/wp\/v2\/comments?post=2184"}],"version-history":[{"count":2,"href":"http:\/\/www.girosgourmet.com.br\/index.php\/wp-json\/wp\/v2\/posts\/2184\/revisions"}],"predecessor-version":[{"id":2188,"href":"http:\/\/www.girosgourmet.com.br\/index.php\/wp-json\/wp\/v2\/posts\/2184\/revisions\/2188"}],"wp:attachment":[{"href":"http:\/\/www.girosgourmet.com.br\/index.php\/wp-json\/wp\/v2\/media?parent=2184"}],"wp:term":[{"taxonomy":"category","embeddable":true,"href":"http:\/\/www.girosgourmet.com.br\/index.php\/wp-json\/wp\/v2\/categories?post=2184"},{"taxonomy":"post_tag","embeddable":true,"href":"http:\/\/www.girosgourmet.com.br\/index.php\/wp-json\/wp\/v2\/tags?post=2184"}],"curies":[{"name":"wp","href":"https:\/\/api.w.org\/{rel}","templated":true}]}}