{"id":2149,"date":"2011-06-20T17:29:12","date_gmt":"2011-06-20T20:29:12","guid":{"rendered":"http:\/\/www.closetonline.com.br\/blogcarla\/?p=2149"},"modified":"2011-06-20T22:36:46","modified_gmt":"2011-06-21T01:36:46","slug":"pos-spfw","status":"publish","type":"post","link":"http:\/\/www.girosgourmet.com.br\/index.php\/pos-spfw\/","title":{"rendered":"P\u00f3s SPFW&#8230;."},"content":{"rendered":"<p style=\"text-align: justify;\">Terminou a maratona fashionista\u2026.os flashs, o burburinho, os baphos\u2026.e as tend\u00eancias caseiras (Thank \u00a0God)&#8230;&#8230;risos&#8230;.agora\u00a0 em plena segunda feira gostosa e pregui\u00e7osa, o que nos resta, pobres fashionistas mortais?!?<\/p>\n<p style=\"text-align: justify;\">Bem eu particularmente to adorando andar de jeans surrado, all stars, sem make&#8230;..fiz uma visita r\u00e1pida na minha\u00a0amiga dentista para clarear os dentes&#8230;..ja fiz uma listinha dos afazeres dom\u00e9sticos desta semana que \u00e9 super curtinha&#8230;.finalmente comprei ingressos para ir ao teatro&#8230;e em breve pretendo voltar a velha vida de solteira; cinema, jantares e bebedeiras saud\u00e1veis com os amigos do peito! rs<\/p>\n<p style=\"text-align: justify;\">Se final de maratona fashion eu fico deprimida? De jeito nenhum&#8230;..mesmo porque quando menos se espera, eu j\u00e1 to arrumando as malas novamente e viajando para outras semanas de moda espalhadas pelo pa\u00eds&#8230;.<\/p>\n<p style=\"text-align: justify;\">O que achei da \u00faltima edi\u00e7\u00e3o do SPFW&#8230;&#8230;.interessante como sempre! Mas faltou um certo glamour habitual que eu n\u00e3o sei explicar at\u00e9 agora o que seria exatamente&#8230;..risos&#8230;.mas tivemos com certeza\u00a0alguns momentos marcantes, como os bordados impactantes de Ronaldo Fraga; os volumes e texturas diferenciados da Amap\u00f4&#8230;..os vestidos de noiva de Samuel Cirsnanck, que tiram l\u00e1grimas at\u00e9 das disc\u00edpulas mais dificeis\u00a0do amor&#8230;.hahahahaha<\/p>\n<div id=\"attachment_2150\" style=\"width: 210px\" class=\"wp-caption aligncenter\"><a href=\"http:\/\/www.closetonline.com.br\/blogcarla\/wp-content\/uploads\/2011\/06\/Ronaldo.jpg\"><img loading=\"lazy\" decoding=\"async\" aria-describedby=\"caption-attachment-2150\" class=\"size-medium wp-image-2150\" title=\"_Ronaldo\" src=\"http:\/\/www.closetonline.com.br\/blogcarla\/wp-content\/uploads\/2011\/06\/Ronaldo-200x300.jpg\" alt=\"\" width=\"200\" height=\"300\" srcset=\"http:\/\/www.girosgourmet.com.br\/wp-content\/uploads\/2011\/06\/Ronaldo-200x300.jpg 200w, http:\/\/www.girosgourmet.com.br\/wp-content\/uploads\/2011\/06\/Ronaldo-100x150.jpg 100w, http:\/\/www.girosgourmet.com.br\/wp-content\/uploads\/2011\/06\/Ronaldo.jpg 400w\" sizes=\"auto, (max-width: 200px) 100vw, 200px\" \/><\/a><p id=\"caption-attachment-2150\" class=\"wp-caption-text\">Ronaldo Fraga e seus bordados impactantes<\/p><\/div>\n<p>Tamb\u00e9m achei hil\u00e1ria a sessentona Sonia Braga se achando uma mega modelete, durante o desfile de Adriana Degreas.<\/p>\n<p style=\"text-align: center;\"><a href=\"http:\/\/www.closetonline.com.br\/blogcarla\/wp-content\/uploads\/2011\/06\/sonia-braga-adriana-degreas-02.jpg\"><img loading=\"lazy\" decoding=\"async\" class=\"alignnone size-medium wp-image-2151\" title=\"_sonia-braga-adriana-degreas-02\" src=\"http:\/\/www.closetonline.com.br\/blogcarla\/wp-content\/uploads\/2011\/06\/sonia-braga-adriana-degreas-02-300x236.jpg\" alt=\"\" width=\"300\" height=\"236\" srcset=\"http:\/\/www.girosgourmet.com.br\/wp-content\/uploads\/2011\/06\/sonia-braga-adriana-degreas-02-300x236.jpg 300w, http:\/\/www.girosgourmet.com.br\/wp-content\/uploads\/2011\/06\/sonia-braga-adriana-degreas-02-150x118.jpg 150w, http:\/\/www.girosgourmet.com.br\/wp-content\/uploads\/2011\/06\/sonia-braga-adriana-degreas-02.jpg 495w\" sizes=\"auto, (max-width: 300px) 100vw, 300px\" \/><\/a><\/p>\n<p style=\"text-align: justify;\">E definitivamente\u00a0adorei ver a tal tend\u00eancia andr\u00f3gina que rolava nos corredores da Bienal&#8230;.ela j\u00e1 vem aparecendo h\u00e1 algum tempo nas ruas; cal\u00e7a, blazer boyfriend, terninhos&#8230;.adoroooooooooooo esta \u201cneutralidade radical\u201d espero que seja uma macrotend\u00eancia eterna&#8230;..<\/p>\n<p style=\"text-align: center;\"><a href=\"http:\/\/www.closetonline.com.br\/blogcarla\/wp-content\/uploads\/2011\/06\/androgina.jpg\"><img loading=\"lazy\" decoding=\"async\" class=\"alignnone size-medium wp-image-2152\" title=\"_androgina\" src=\"http:\/\/www.closetonline.com.br\/blogcarla\/wp-content\/uploads\/2011\/06\/androgina-199x300.jpg\" alt=\"\" width=\"199\" height=\"300\" srcset=\"http:\/\/www.girosgourmet.com.br\/wp-content\/uploads\/2011\/06\/androgina-199x300.jpg 199w, http:\/\/www.girosgourmet.com.br\/wp-content\/uploads\/2011\/06\/androgina-99x150.jpg 99w, http:\/\/www.girosgourmet.com.br\/wp-content\/uploads\/2011\/06\/androgina.jpg 615w\" sizes=\"auto, (max-width: 199px) 100vw, 199px\" \/><\/a><\/p>\n<p style=\"text-align: justify;\">Ali\u00e1s, foram as cal\u00e7as que reinaram como grande tend\u00eancia para o pr\u00f3ximo ver\u00e3o feminino&#8230;.A mulherada que esta acostumada somente a ver vestidos para a esta\u00e7\u00e3o mais quente do ano&#8230;.ter\u00e3o uma agrad\u00e1vel e bela surpresa&#8230;&#8230;<\/p>\n<p style=\"text-align: justify;\">Bem meu amigo Ricardo Oliveros soltou uma p\u00e9rola que \u00e9 bom ser levado a s\u00e9rio quando se trata de Semanas de Moda \u201cTente n\u00e3o ficar impressionado com os looks e como eles s\u00e3o usados nas passarelas. Procure manter a mente aberta para novas coisas sem julgamentos ou ideias pr\u00e9-concebidas. Pense naquele \u00e1lbum de fotografias antigo e note como um dia voc\u00ea usou coisas que n\u00e3o usaria na \u00e9poca e como hoje voc\u00ea est\u00e1 usando algo que jurou n\u00e3o colocar de jeito nenhum\u201d<\/p>\n<p style=\"text-align: left;\">Queridos at\u00e9 a pr\u00f3xima Fashion Week&#8230;..Beijos<\/p>\n<p style=\"text-align: justify;\">\u00a0<\/p>\n<iframe src=\"http:\/\/www.facebook.com\/plugins\/like.php?href=http:\/\/www.girosgourmet.com.br\/index.php\/pos-spfw\/&amp;layout=standard&amp;show_faces=1&amp;width=450&amp;action=like&amp;colorscheme=light&amp;font=\" scrolling=\"no\" frameborder=\"0\" style=\"border:none; overflow:hidden; width:450px; height:60px\"><\/iframe>","protected":false},"excerpt":{"rendered":"<p>Terminou a maratona fashionista\u2026.os flashs, o burburinho, os baphos\u2026.e as tend\u00eancias caseiras (Thank \u00a0God)&#8230;&#8230;risos&#8230;.agora\u00a0 em plena segunda feira gostosa e pregui\u00e7osa, o que nos resta, pobres fashionistas mortais?!? Bem eu particularmente to adorando andar de jeans surrado, all stars, sem make&#8230;..fiz uma visita r\u00e1pida na minha\u00a0amiga dentista para clarear os [&hellip;]<\/p>\n","protected":false},"author":3,"featured_media":0,"comment_status":"open","ping_status":"open","sticky":false,"template":"","format":"standard","meta":{"footnotes":""},"categories":[39],"tags":[267,266,268,265],"class_list":["post-2149","post","type-post","status-publish","format-standard","hentry","category-gastronomia","tag-androgina","tag-ronaldo-fraga","tag-semana-moda","tag-spfw"],"_links":{"self":[{"href":"http:\/\/www.girosgourmet.com.br\/index.php\/wp-json\/wp\/v2\/posts\/2149","targetHints":{"allow":["GET"]}}],"collection":[{"href":"http:\/\/www.girosgourmet.com.br\/index.php\/wp-json\/wp\/v2\/posts"}],"about":[{"href":"http:\/\/www.girosgourmet.com.br\/index.php\/wp-json\/wp\/v2\/types\/post"}],"author":[{"embeddable":true,"href":"http:\/\/www.girosgourmet.com.br\/index.php\/wp-json\/wp\/v2\/users\/3"}],"replies":[{"embeddable":true,"href":"http:\/\/www.girosgourmet.com.br\/index.php\/wp-json\/wp\/v2\/comments?post=2149"}],"version-history":[{"count":5,"href":"http:\/\/www.girosgourmet.com.br\/index.php\/wp-json\/wp\/v2\/posts\/2149\/revisions"}],"predecessor-version":[{"id":2156,"href":"http:\/\/www.girosgourmet.com.br\/index.php\/wp-json\/wp\/v2\/posts\/2149\/revisions\/2156"}],"wp:attachment":[{"href":"http:\/\/www.girosgourmet.com.br\/index.php\/wp-json\/wp\/v2\/media?parent=2149"}],"wp:term":[{"taxonomy":"category","embeddable":true,"href":"http:\/\/www.girosgourmet.com.br\/index.php\/wp-json\/wp\/v2\/categories?post=2149"},{"taxonomy":"post_tag","embeddable":true,"href":"http:\/\/www.girosgourmet.com.br\/index.php\/wp-json\/wp\/v2\/tags?post=2149"}],"curies":[{"name":"wp","href":"https:\/\/api.w.org\/{rel}","templated":true}]}}