{"id":2090,"date":"2011-05-30T00:01:35","date_gmt":"2011-05-30T03:01:35","guid":{"rendered":"http:\/\/www.closetonline.com.br\/blogcarla\/?p=2090"},"modified":"2011-05-29T23:47:35","modified_gmt":"2011-05-30T02:47:35","slug":"clara-meu-amor","status":"publish","type":"post","link":"http:\/\/www.girosgourmet.com.br\/index.php\/clara-meu-amor\/","title":{"rendered":"Clara, Meu amor!"},"content":{"rendered":"<p style=\"text-align: justify;\">Bem hoje come\u00e7o a semana de uma maneira bem especial\u2026.hoje \u00e9 anivers\u00e1rio da Clara&#8230;.e todo mundo que me conhece, sabe de quem eu to falando&#8230;&#8230;da princesinha da fam\u00edlia&#8230;.da coisa mais gostosa da madrinha&#8230;.sim eu sou f\u00e3 dela, desde que nasceu&#8230;t\u00e3o f\u00e3 que as vezes eu acho que ela \u00e9 a minha c\u00f3pia em tamanho miniatura&#8230;..rs&#8230;.e Hoje esta gatona ta fazendo 04 anos&#8230;..e eu gostaria muito que ela parasse por ai&#8230;.rs&#8230;.<\/p>\n<p style=\"text-align: justify;\">Desde que nasceu eu sou altamente atra\u00edda por ela&#8230;n\u00e3o apenas somos semelhantes&#8230;..mas quando observo seus passinhos e suas opini\u00f5es (ela \u00e9 cheia delas)&#8230;..eu me sinto energizada, mais espiritualizada e tento entender melhor a vida! Porque esta crian\u00e7a irradia luz e movimento quando esta em minha companhia&#8230;.<\/p>\n<p style=\"text-align: justify;\">A Titia lhe deseja muitos anos de vida&#8230;que voc\u00ea continue brincando, sonhando com a vida sem se preocupar&#8230;que voc\u00ea continue aprendendo coisas boas&#8230;.e continue a mudar as nossas vidas&#8230;.<\/p>\n<p style=\"text-align: justify;\">Eu sei que um dia voc\u00ea vai crescer para o mundo&#8230;.viver para os outros e lutar por si&#8230;..mas at\u00e9 l\u00e1 conte com sua tia querida, sua f\u00e3 incondicional e parceria para todos os anos de sua vida!<\/p>\n<p>Um beijo Clara e quem sabe o dia que aprender a\u00a0ler, ser\u00e1 leitora desta velha tia rabugenta&#8230;.rs<\/p>\n<p style=\"text-align: center;\"><a href=\"http:\/\/www.closetonline.com.br\/blogcarla\/wp-content\/uploads\/2011\/05\/rapunzel.jpg\"><img loading=\"lazy\" decoding=\"async\" class=\"alignnone size-medium wp-image-2091\" title=\"_rapunzel\" src=\"http:\/\/www.closetonline.com.br\/blogcarla\/wp-content\/uploads\/2011\/05\/rapunzel-300x225.jpg\" alt=\"\" width=\"300\" height=\"225\" srcset=\"http:\/\/www.girosgourmet.com.br\/wp-content\/uploads\/2011\/05\/rapunzel-300x225.jpg 300w, http:\/\/www.girosgourmet.com.br\/wp-content\/uploads\/2011\/05\/rapunzel-1024x768.jpg 1024w, http:\/\/www.girosgourmet.com.br\/wp-content\/uploads\/2011\/05\/rapunzel-150x112.jpg 150w\" sizes=\"auto, (max-width: 300px) 100vw, 300px\" \/><\/a><\/p>\n<iframe src=\"http:\/\/www.facebook.com\/plugins\/like.php?href=http:\/\/www.girosgourmet.com.br\/index.php\/clara-meu-amor\/&amp;layout=standard&amp;show_faces=1&amp;width=450&amp;action=like&amp;colorscheme=light&amp;font=\" scrolling=\"no\" frameborder=\"0\" style=\"border:none; overflow:hidden; width:450px; height:60px\"><\/iframe>","protected":false},"excerpt":{"rendered":"<p>Bem hoje come\u00e7o a semana de uma maneira bem especial\u2026.hoje \u00e9 anivers\u00e1rio da Clara&#8230;.e todo mundo que me conhece, sabe de quem eu to falando&#8230;&#8230;da princesinha da fam\u00edlia&#8230;.da coisa mais gostosa da madrinha&#8230;.sim eu sou f\u00e3 dela, desde que nasceu&#8230;t\u00e3o f\u00e3 que as vezes eu acho que ela \u00e9 a [&hellip;]<\/p>\n","protected":false},"author":3,"featured_media":0,"comment_status":"open","ping_status":"open","sticky":false,"template":"","format":"standard","meta":{"footnotes":""},"categories":[39],"tags":[150,241,242],"class_list":["post-2090","post","type-post","status-publish","format-standard","hentry","category-gastronomia","tag-aniversario","tag-clara","tag-sobrinha"],"_links":{"self":[{"href":"http:\/\/www.girosgourmet.com.br\/index.php\/wp-json\/wp\/v2\/posts\/2090","targetHints":{"allow":["GET"]}}],"collection":[{"href":"http:\/\/www.girosgourmet.com.br\/index.php\/wp-json\/wp\/v2\/posts"}],"about":[{"href":"http:\/\/www.girosgourmet.com.br\/index.php\/wp-json\/wp\/v2\/types\/post"}],"author":[{"embeddable":true,"href":"http:\/\/www.girosgourmet.com.br\/index.php\/wp-json\/wp\/v2\/users\/3"}],"replies":[{"embeddable":true,"href":"http:\/\/www.girosgourmet.com.br\/index.php\/wp-json\/wp\/v2\/comments?post=2090"}],"version-history":[{"count":4,"href":"http:\/\/www.girosgourmet.com.br\/index.php\/wp-json\/wp\/v2\/posts\/2090\/revisions"}],"predecessor-version":[{"id":2095,"href":"http:\/\/www.girosgourmet.com.br\/index.php\/wp-json\/wp\/v2\/posts\/2090\/revisions\/2095"}],"wp:attachment":[{"href":"http:\/\/www.girosgourmet.com.br\/index.php\/wp-json\/wp\/v2\/media?parent=2090"}],"wp:term":[{"taxonomy":"category","embeddable":true,"href":"http:\/\/www.girosgourmet.com.br\/index.php\/wp-json\/wp\/v2\/categories?post=2090"},{"taxonomy":"post_tag","embeddable":true,"href":"http:\/\/www.girosgourmet.com.br\/index.php\/wp-json\/wp\/v2\/tags?post=2090"}],"curies":[{"name":"wp","href":"https:\/\/api.w.org\/{rel}","templated":true}]}}